{"id":841,"date":"2017-10-27T13:31:18","date_gmt":"2017-10-27T11:31:18","guid":{"rendered":"http:\/\/blocs.xtec.cat\/crpsarriasantgervasi\/?p=841"},"modified":"2017-10-27T13:31:18","modified_gmt":"2017-10-27T11:31:18","slug":"projecte-daprenentatge-i-servei-desenvolupat-a-centres-educatius","status":"publish","type":"post","link":"https:\/\/serveiseducatius.xtec.cat\/sarria-santgervasi\/innovacio-i-c-b\/aps-servei-comunitari-aps-servei-comunitari\/projecte-daprenentatge-i-servei-desenvolupat-a-centres-educatius\/","title":{"rendered":"Projecte d\u2019Aprenentatge i Servei desenvolupat a centres educatius."},"content":{"rendered":"<p><a href=\"http:\/\/blocs.xtec.cat\/crpsarriasantgervasi\/files\/2017\/10\/Cine-\u00c0gora-un-projecte-d\u2019Aprenentatge-i-Servei-al-Zumzeig-Cinema-a8901122-xtec.cat-Correu-de-XTEC-Xarxa-Telem\u00e0tica-Educativa-de-Catalunya.png\"><img loading=\"lazy\" decoding=\"async\" class=\"size-medium wp-image-842 aligncenter\" src=\"http:\/\/blocs.xtec.cat\/crpsarriasantgervasi\/files\/2017\/10\/Cine-\u00c0gora-un-projecte-d\u2019Aprenentatge-i-Servei-al-Zumzeig-Cinema-a8901122-xtec.cat-Correu-de-XTEC-Xarxa-Telem\u00e0tica-Educativa-de-Catalunya-300x197.png\" alt=\"Cine \u00c0gora un projecte d\u2019Aprenentatge i Servei al Zumzeig Cinema a8901122 xtec.cat Correu de XTEC Xarxa Telem\u00e0tica Educativa de Catalunya\" width=\"300\" height=\"197\" srcset=\"https:\/\/serveiseducatius.xtec.cat\/sarria-santgervasi\/wp-content\/uploads\/usu1168\/2017\/10\/Cine-\u00c0gora-un-projecte-d\u2019Aprenentatge-i-Servei-al-Zumzeig-Cinema-a8901122-xtec.cat-Correu-de-XTEC-Xarxa-Telem\u00e0tica-Educativa-de-Catalunya-300x197.png 300w, https:\/\/serveiseducatius.xtec.cat\/sarria-santgervasi\/wp-content\/uploads\/usu1168\/2017\/10\/Cine-\u00c0gora-un-projecte-d\u2019Aprenentatge-i-Servei-al-Zumzeig-Cinema-a8901122-xtec.cat-Correu-de-XTEC-Xarxa-Telem\u00e0tica-Educativa-de-Catalunya.png 562w\" sizes=\"auto, (max-width: 300px) 100vw, 300px\" \/><\/a>Amb el nou curs, ha comen\u00e7at tamb\u00e9 una nova edici\u00f3 del projecte <a href=\"http:\/\/dracmagic1.mailrelay-iv.es\/newslink\/1332937\/1387.html\" target=\"_blank\" data-saferedirecturl=\"https:\/\/www.google.com\/url?hl=ca&amp;q=http:\/\/dracmagic1.mailrelay-iv.es\/newslink\/1332937\/1387.html&amp;source=gmail&amp;ust=1509187395681000&amp;usg=AFQjCNG3u2rHY3gBDg3BNfZC6uK4KS4LZQ\">Cine \u00c0gora<\/a>, en\u00a0col\u00b7laboraci\u00f3 amb l&#8217;<strong>Institut Ernest Lluch\u00a0<\/strong>i<strong>\u00a0Zumzeig Cinecooperativa<\/strong>.<\/p>\n<p><strong>Cine \u00c0gora\u00a0<\/strong>\u00e9s un projecte d\u2019<a href=\"http:\/\/dracmagic1.mailrelay-iv.es\/newslink\/1332937\/1388.html\" target=\"_blank\" data-saferedirecturl=\"https:\/\/www.google.com\/url?hl=ca&amp;q=http:\/\/dracmagic1.mailrelay-iv.es\/newslink\/1332937\/1388.html&amp;source=gmail&amp;ust=1509187395681000&amp;usg=AFQjCNFzsUKA7wumuZ1mQ4oxUcKyZD7wnA\">Aprenentatge i Servei<\/a>\u00a0desenvolupat a centres educatius. <strong>Els i les alumnes<\/strong>\u00a0<strong>programen i organitzen un cineclub escolar<\/strong> per a\u00a0l\u2019alumnat d\u2019altres cursos i per al p\u00fablic general del seu barri. Aquest espai de di\u00e0leg autogestionat per l\u2019alumnat vol ser un\u00a0<strong>lloc de trobada entre iguals<\/strong>, aix\u00ed com un\u00a0<strong>espai obert a la gent del barri<\/strong>\u00a0que pugui estar interessada.<\/p>\n<p>En aquest cas, els nois i noies de 4t d&#8217;ESO C han visionat, conjuntament, <strong>14 curtmetratges<\/strong> <strong>representatius de l&#8217;evoluci\u00f3 del llenguatge audiovisual i la hist\u00f2ria del cinema<\/strong>, des del cinema dels or\u00edgens amb els germans Lumi\u00e8re o Alice Guy, fins a l&#8217;actualitat estatal de la m\u00e0 de cineastes com Carla Sim\u00f3n, Isaki Lacuesta o Virginia Garc\u00eda del Pino.<\/p>\n<p>El dia 10 d&#8217;octubre vam gaudir d&#8217;<strong>una sessi\u00f3 de visionats especial al cinema Zumzeig, <\/strong>on l&#8217;Ariadna Ribas, una de les persones que donen vida a aquest cine-cooperativa pioner a Catalunya, ens va explicar el projecte i ens va ensenyar els detalls d&#8217;un indret m\u00e0gic: <strong>la cabina de projecci\u00f3<\/strong>.<\/p>\n<p>Ara comen\u00e7a la feina dif\u00edcil: decidir quins d&#8217;aquets curtmetratges formaran part de les projeccions programades els dies <strong>21 i 24 de novembre a l&#8217;institut <\/strong>i el <strong>12 de desembre al Zumzeig<\/strong>.<\/p>\n<table class=\"m_-2809471291168125954mcnButtonBlock\" border=\"0\" width=\"100%\" cellspacing=\"0\" cellpadding=\"0\">\n<tbody class=\"m_-2809471291168125954mcnButtonBlockOuter\">\n<tr>\n<td class=\"m_-2809471291168125954mcnButtonBlockInner\" align=\"center\" valign=\"top\">\n<table class=\"m_-2809471291168125954mcnButtonContentContainer\" border=\"0\" cellspacing=\"0\" cellpadding=\"0\">\n<tbody>\n<tr>\n<td class=\"m_-2809471291168125954mcnButtonContent\" align=\"center\" valign=\"middle\"><a class=\"m_-2809471291168125954mcnButton\" title=\"Sabeu-ne m\u00e9s de Cine Agora\" href=\"http:\/\/dracmagic1.mailrelay-iv.es\/newslink\/1332937\/1389.html\" target=\"_blank\" data-saferedirecturl=\"https:\/\/www.google.com\/url?hl=ca&amp;q=http:\/\/dracmagic1.mailrelay-iv.es\/newslink\/1332937\/1389.html&amp;source=gmail&amp;ust=1509187395681000&amp;usg=AFQjCNHDM9b6-BxqpmCnxhu6GNXvEa0DeA\">Sabeu-ne m\u00e9s de Cine \u00c0gora<\/a><\/td>\n<\/tr>\n<\/tbody>\n<\/table>\n<\/td>\n<\/tr>\n<\/tbody>\n<\/table>\n<table class=\"m_-2809471291168125954mcnButtonBlock\" border=\"0\" width=\"100%\" cellspacing=\"0\" cellpadding=\"0\">\n<tbody class=\"m_-2809471291168125954mcnButtonBlockOuter\">\n<tr>\n<td class=\"m_-2809471291168125954mcnButtonBlockInner\" align=\"center\" valign=\"top\">\n<table class=\"m_-2809471291168125954mcnButtonContentContainer\" border=\"0\" cellspacing=\"0\" cellpadding=\"0\">\n<tbody>\n<tr>\n<td class=\"m_-2809471291168125954mcnButtonContent\" align=\"center\" valign=\"middle\"><a class=\"m_-2809471291168125954mcnButton\" title=\"Construir Mirades: program complet\" href=\"http:\/\/dracmagic1.mailrelay-iv.es\/newslink\/1332937\/330.html\" target=\"_blank\" data-saferedirecturl=\"https:\/\/www.google.com\/url?hl=ca&amp;q=http:\/\/dracmagic1.mailrelay-iv.es\/newslink\/1332937\/330.html&amp;source=gmail&amp;ust=1509187395681000&amp;usg=AFQjCNFMYhEeoocf5qUB1UU40kvocuMdhA\">Construir Mirades: programa complet<\/a><\/td>\n<\/tr>\n<\/tbody>\n<\/table>\n<\/td>\n<\/tr>\n<\/tbody>\n<\/table>\n<p>&nbsp;<\/p>\n","protected":false},"excerpt":{"rendered":"<p>Nova edici\u00f3 del projecte Cine \u00c0gora,<\/p>\n","protected":false},"author":3,"featured_media":842,"comment_status":"open","ping_status":"open","sticky":false,"template":"","format":"standard","meta":{"_bbp_topic_count":0,"_bbp_reply_count":0,"_bbp_total_topic_count":0,"_bbp_total_reply_count":0,"_bbp_voice_count":0,"_bbp_anonymous_reply_count":0,"_bbp_topic_count_hidden":0,"_bbp_reply_count_hidden":0,"_bbp_forum_subforum_count":0,"site-sidebar-layout":"default","site-content-layout":"","ast-site-content-layout":"","site-content-style":"default","site-sidebar-style":"default","ast-global-header-display":"","ast-banner-title-visibility":"","ast-main-header-display":"","ast-hfb-above-header-display":"","ast-hfb-below-header-display":"","ast-hfb-mobile-header-display":"","site-post-title":"","ast-breadcrumbs-content":"","ast-featured-img":"","footer-sml-layout":"","theme-transparent-header-meta":"","adv-header-id-meta":"","stick-header-meta":"","header-above-stick-meta":"","header-main-stick-meta":"","header-below-stick-meta":"","astra-migrate-meta-layouts":"default","ast-page-background-enabled":"default","ast-page-background-meta":{"desktop":{"background-color":"var(--ast-global-color-4)","background-image":"","background-repeat":"repeat","background-position":"center center","background-size":"auto","background-attachment":"scroll","background-type":"","background-media":"","overlay-type":"","overlay-color":"","overlay-opacity":"","overlay-gradient":""},"tablet":{"background-color":"","background-image":"","background-repeat":"repeat","background-position":"center center","background-size":"auto","background-attachment":"scroll","background-type":"","background-media":"","overlay-type":"","overlay-color":"","overlay-opacity":"","overlay-gradient":""},"mobile":{"background-color":"","background-image":"","background-repeat":"repeat","background-position":"center center","background-size":"auto","background-attachment":"scroll","background-type":"","background-media":"","overlay-type":"","overlay-color":"","overlay-opacity":"","overlay-gradient":""}},"ast-content-background-meta":{"desktop":{"background-color":"var(--ast-global-color-5)","background-image":"","background-repeat":"repeat","background-position":"center center","background-size":"auto","background-attachment":"scroll","background-type":"","background-media":"","overlay-type":"","overlay-color":"","overlay-opacity":"","overlay-gradient":""},"tablet":{"background-color":"var(--ast-global-color-5)","background-image":"","background-repeat":"repeat","background-position":"center center","background-size":"auto","background-attachment":"scroll","background-type":"","background-media":"","overlay-type":"","overlay-color":"","overlay-opacity":"","overlay-gradient":""},"mobile":{"background-color":"var(--ast-global-color-5)","background-image":"","background-repeat":"repeat","background-position":"center center","background-size":"auto","background-attachment":"scroll","background-type":"","background-media":"","overlay-type":"","overlay-color":"","overlay-opacity":"","overlay-gradient":""}},"footnotes":""},"categories":[1],"tags":[],"class_list":["post-841","post","type-post","status-publish","format-standard","has-post-thumbnail","hentry","category-aps-servei-comunitari-aps-servei-comunitari"],"post_mailing_queue_ids":[],"_links":{"self":[{"href":"https:\/\/serveiseducatius.xtec.cat\/sarria-santgervasi\/wp-json\/wp\/v2\/posts\/841","targetHints":{"allow":["GET"]}}],"collection":[{"href":"https:\/\/serveiseducatius.xtec.cat\/sarria-santgervasi\/wp-json\/wp\/v2\/posts"}],"about":[{"href":"https:\/\/serveiseducatius.xtec.cat\/sarria-santgervasi\/wp-json\/wp\/v2\/types\/post"}],"author":[{"embeddable":true,"href":"https:\/\/serveiseducatius.xtec.cat\/sarria-santgervasi\/wp-json\/wp\/v2\/users\/3"}],"replies":[{"embeddable":true,"href":"https:\/\/serveiseducatius.xtec.cat\/sarria-santgervasi\/wp-json\/wp\/v2\/comments?post=841"}],"version-history":[{"count":0,"href":"https:\/\/serveiseducatius.xtec.cat\/sarria-santgervasi\/wp-json\/wp\/v2\/posts\/841\/revisions"}],"wp:featuredmedia":[{"embeddable":true,"href":"https:\/\/serveiseducatius.xtec.cat\/sarria-santgervasi\/wp-json\/wp\/v2\/media\/842"}],"wp:attachment":[{"href":"https:\/\/serveiseducatius.xtec.cat\/sarria-santgervasi\/wp-json\/wp\/v2\/media?parent=841"}],"wp:term":[{"taxonomy":"category","embeddable":true,"href":"https:\/\/serveiseducatius.xtec.cat\/sarria-santgervasi\/wp-json\/wp\/v2\/categories?post=841"},{"taxonomy":"post_tag","embeddable":true,"href":"https:\/\/serveiseducatius.xtec.cat\/sarria-santgervasi\/wp-json\/wp\/v2\/tags?post=841"}],"curies":[{"name":"wp","href":"https:\/\/api.w.org\/{rel}","templated":true}]}}