{"id":15297,"date":"2026-09-03T15:05:50","date_gmt":"2026-09-03T13:05:50","guid":{"rendered":"https:\/\/serveiseducatius.xtec.cat\/sarria-santgervasi\/?p=15297"},"modified":"2026-09-03T15:23:00","modified_gmt":"2026-09-03T13:23:00","slug":"oferta-formativa-per-al-curs-2026-2027","status":"publish","type":"post","link":"https:\/\/serveiseducatius.xtec.cat\/sarria-santgervasi\/portada\/oferta-formativa-per-al-curs-2026-2027\/","title":{"rendered":"Oferta formativa per al curs 2026-2027"},"content":{"rendered":"<p><!-- <img loading=\"lazy\" decoding=\"async\" class=\"size-full wp-image-13895 alignleft\" src=\"https:\/\/serveiseducatius.xtec.cat\/sarria-santgervasi\/wp-content\/uploads\/usu1168\/2023\/06\/PFZ-23-24.png\" alt=\"\" width=\"473\" height=\"479\" srcset=\"https:\/\/serveiseducatius.xtec.cat\/sarria-santgervasi\/wp-content\/uploads\/usu1168\/2023\/06\/PFZ-23-24.png 473w, https:\/\/serveiseducatius.xtec.cat\/sarria-santgervasi\/wp-content\/uploads\/usu1168\/2023\/06\/PFZ-23-24-296x300.png 296w\" sizes=\"auto, (max-width: 473px) 100vw, 473px\" \/><span data-mce-type=\"bookmark\" style=\"display: inline-block; width: 0px; overflow: hidden; line-height: 0;\" class=\"mce_SELRES_start\"><\/span><span data-mce-type=\"bookmark\" style=\"display: inline-block; width: 0px; overflow: hidden; line-height: 0;\" class=\"mce_SELRES_start\"><\/span>--><\/p>\n<h3><a href=\"https:\/\/serveiseducatius.xtec.cat\/sarria-santgervasi\/wp-content\/uploads\/usu1168\/2024\/09\/computer-5130405_1280.jpg\"><img loading=\"lazy\" decoding=\"async\" class=\"wp-image-14516 alignnone\" src=\"https:\/\/serveiseducatius.xtec.cat\/sarria-santgervasi\/wp-content\/uploads\/usu1168\/2024\/09\/computer-5130405_1280.jpg\" alt=\"\" width=\"600\" height=\"400\" srcset=\"https:\/\/serveiseducatius.xtec.cat\/sarria-santgervasi\/wp-content\/uploads\/usu1168\/2024\/09\/computer-5130405_1280.jpg 1280w, https:\/\/serveiseducatius.xtec.cat\/sarria-santgervasi\/wp-content\/uploads\/usu1168\/2024\/09\/computer-5130405_1280-300x200.jpg 300w, https:\/\/serveiseducatius.xtec.cat\/sarria-santgervasi\/wp-content\/uploads\/usu1168\/2024\/09\/computer-5130405_1280-1024x682.jpg 1024w, https:\/\/serveiseducatius.xtec.cat\/sarria-santgervasi\/wp-content\/uploads\/usu1168\/2024\/09\/computer-5130405_1280-768x512.jpg 768w\" sizes=\"auto, (max-width: 600px) 100vw, 600px\" \/><\/a><\/h3>\n<h3><\/h3>\n<h3><span style=\"color: #1a93c7;\"><strong>Pla de Formaci\u00f3 de <span style=\"color: #1a93c7;\">Zona.<\/span> Oferta activitats curs 2026-2027\u00a0<\/strong><\/span><\/h3>\n<p>&nbsp;<\/p>\n<table style=\"height: 60px; width: 76.4749%; border-collapse: collapse; background-color: #2892bf; border-color: #2892bf; border-style: solid;\">\n<tbody>\n<tr style=\"height: 32px;\">\n<td style=\"width: 100%; height: 32px;\">\n<h3 style=\"text-align: center;\"><strong><span style=\"color: #ffffff;\">1r torn<\/span><\/strong><\/h3>\n<\/td>\n<\/tr>\n<\/tbody>\n<\/table>\n<h3 style=\"text-align: left;\"><span style=\"color: #1a93c7;\"><strong>1) Dades clau del primer torn<\/strong><\/span><\/h3>\n<ul>\n<li style=\"list-style-type: none;\">\n<ul>\n<li aria-level=\"1\"><b>Per\u00edode d\u2019inscripci\u00f3<\/b><span style=\"font-weight: 400;\">: del 4 al 20 de setembre de 2025. <\/span><\/li>\n<li aria-level=\"1\"><span style=\"font-weight: 400;\"><strong>Consulta d\u2019assignacions:<\/strong> 7 d\u2019octubre de 2025.<\/span><\/li>\n<li aria-level=\"1\"><strong>Inici activitats:<\/strong> A partir del 13 d\u2019octubre de 2026<\/li>\n<li aria-level=\"1\"><b>Acc\u00e9s a la relaci\u00f3 d\u2019activitats<\/b><span style=\"font-weight: 400;\">: <\/span>Podeu fer la inscripci\u00f3 <strong style=\"font-family: inherit; font-size: 1em;\">directament<\/strong><span style=\"font-family: inherit; font-size: 1em;\">, a partir de la llista que trobareu a sota o be, mitjan\u00e7ant el cercador de l\u2019XTEC<\/span><span style=\"color: #99ccff;\">:<span style=\"color: #1a93c7;\"><strong><a style=\"color: #1a93c7;\" href=\"http:\/\/xtec.gencat.cat\/ca\/formacio\/info-general\/cercador-activitats\/\" rel=\"nofollow\">\u00a0Cercador d\u2019activitats xtec<\/a><\/strong><\/span><\/span><\/li>\n<\/ul>\n<\/li>\n<\/ul>\n<p><span style=\"font-weight: 400;\">U<\/span><span style=\"font-weight: 400;\">s facilitem la informaci\u00f3 dels seminaris de districte, de ciutat\u00a0 i formacions individuals de ciutat a les quals <\/span><b>\u00e9s IMPRESCINDIBLE inscriure\u2019s dins el per\u00edode establert<\/b><span style=\"font-weight: 400;\">. <\/span><span style=\"font-weight: 400;\">Segons la normativa vigent, si hi ha sol\u00b7licituds d\u2019inscripci\u00f3 que arribin fora de termini, es deixaran en reserva.<\/span><\/p>\n<h5><span style=\"color: #f08181;\"><strong>Recordeu<\/strong><\/span><\/h5>\n<table style=\"height: 118px; width: 76.9399%; border-collapse: collapse; border-style: solid; border-color: #f04d4d; background-color: #f5e1e1;\">\n<tbody>\n<tr style=\"height: 163px;\">\n<td style=\"width: 100%; height: 118px;\"><span style=\"color: #000000;\"><em>El professorat t\u00e9 acc\u00e9s als espais d&#8217;inscripci\u00f3 amb el seu correu\/usuari de l\u2019XTEC. Les direccions dels centres s\u00f3n les responsables de la gesti\u00f3 dels usuaris d\u2019XTEC de professorat del seu centre. Si com a professorat no podeu accedir a l\u2019aplicatiu d\u2019inscripci\u00f3, cal que la direcci\u00f3 del vostre centre revisi si esteu donats\/des d\u2019alta al GUAC (Gesti\u00f3 Usuaris Activitat Centre) i si teniu activats els permisos d\u2019usuari XTEC. En cas que hagueu canviat de centre, cal que se us actualitzi el centre de nova destinaci\u00f3.<\/em><\/span><\/p>\n<p><span style=\"font-weight: 400;\">Per consultar les adjudicacions cal tenir operatiu l\u2019usuari xtec i accedir a <\/span><a href=\"https:\/\/xtec.gencat.cat\/ca\/formacio\/la-meva-formacio\/les-meves-activitats\/\"><span style=\"font-weight: 400;\">Les meves activitats<\/span><\/a><span style=\"font-weight: 400;\">.<\/span><\/p>\n<p><i><span style=\"font-weight: 400;\">Per temes t\u00e8cnics recordeu que podeu consultar al ATOM. Els canals de comunicaci\u00f3 amb \u00c0TOM s\u00f3n, per ordre de prefer\u00e8ncia:<\/span><\/i><\/p>\n<ol>\n<li style=\"font-weight: 400;\" aria-level=\"1\"><span style=\"font-weight: 400;\">Aplicaci\u00f3:<\/span><a href=\"https:\/\/atomgencat.onbmc.com\/\"> <span style=\"font-weight: 400;\">Portal \u00c0TOM<\/span><\/a><\/li>\n<li style=\"font-weight: 400;\" aria-level=\"1\"><span style=\"font-weight: 400;\">Correu: <\/span><span style=\"font-weight: 400;\">assistencia@atom.gencat.cat<\/span><\/li>\n<li style=\"font-weight: 400;\" aria-level=\"1\"><span style=\"font-weight: 400;\">Tel\u00e8fon: 900 82 82 82 (opci\u00f3 4)<\/span><\/li>\n<\/ol>\n<\/td>\n<\/tr>\n<\/tbody>\n<\/table>\n<h3><span style=\"color: #1a93c7;\"><strong>2) Relaci\u00f3 d&#8217;activitats de formaci\u00f3 amb inscripci\u00f3 oberta:<\/strong><\/span><\/h3>\n<h4><span style=\"color: #1a93c7;\"><strong>Seminaris per als centres del districte de Sarri\u00e0 &#8211; Sant Gervasi\u00a0<\/strong><\/span><\/h4>\n<h4><span style=\"color: #1a93c7;\"><strong>(Organitza: SE Sarri\u00e0-Sant Gervasi)<\/strong><\/span><\/h4>\n<table>\n<tbody>\n<tr>\n<td style=\"background-color: #9edef0;\"><b>Seminari de coordinaci\u00f3<\/b><\/td>\n<td style=\"background-color: #9edef0;\"><b>A qui va dirigit?<\/b><\/td>\n<td style=\"background-color: #9edef0;\"><b>Codi activitat i\u00a0<\/b><\/p>\n<p><b>Enlla\u00e7 inscripci\u00f3<\/b><\/td>\n<\/tr>\n<tr>\n<td><span style=\"font-weight: 400;\">Coordinaci\u00f3 de <\/span><b>direccions de centres p\u00fablics<\/b><span style=\"font-weight: 400;\"> (ESC &#8211; INS &#8211; IE)<\/span><\/td>\n<td><span style=\"font-weight: 400;\">Director\/a de centres p\u00fablics<\/span><\/td>\n<td><span style=\"font-weight: 400;\">1050011105<\/span><\/td>\n<\/tr>\n<tr>\n<td><span style=\"font-weight: 400;\">Coordinaci\u00f3 <\/span><b>caps d&#8217;estudi i coord. pedag\u00f2gica<\/b><span style=\"font-weight: 400;\"> (ESC &#8211; INS &#8211; IE)<\/span><\/td>\n<td><span style=\"font-weight: 400;\">Cap d\u2019estudis i coordinador\/a pedag\u00f2gic\/a de centres p\u00fablics<\/span><\/td>\n<td><span style=\"font-weight: 400;\">1050021105<\/span><\/td>\n<\/tr>\n<tr>\n<td><b>Coordinaci\u00f3 0-6<\/b><span style=\"font-weight: 400;\"> (Escola Bressol i Infantil 1r cicle) a Sarri\u00e0-Sant Gervasi<\/span><\/td>\n<td><b>NOTA<\/b><span style=\"font-weight: 400;\">: La Coordinaci\u00f3 0-6 passa a ser un seminari NOM\u00c9S per direccions de l\u2019etapa d\u2019infentil (1r cicle i 2n cicle) p\u00fabilcs i municipals (EBM) per treballar canvi etapa.<\/span><\/p>\n<p><span style=\"font-weight: 400;\">La part de les xerrades amb experts obeertes a tots els docents d\u2019infantil dels centres p\u00fablics i municipals de l\u2019etapa 0-6 del districte,\u00a0 s\u2019obriran com a Formaci\u00f3 individual al segon torn sota el nom Jornades Etapa 0-6.<\/span><\/td>\n<td><span style=\"font-weight: 400;\">1050031105<\/span><\/td>\n<\/tr>\n<tr>\n<td><span style=\"font-weight: 400;\">Coordinaci\u00f3 per a una <\/span><b>escola inclusiva<\/b><\/td>\n<td><span style=\"font-weight: 400;\">Formaci\u00f3 individual, especialment orientadors\/res i mestres d\u2019EE de centres p\u00fablics, concertats i CEE<\/span><\/td>\n<td><span style=\"font-weight: 400;\">1050041105<\/span><span style=\"font-weight: 400;\">\u00a0<\/span><\/td>\n<\/tr>\n<tr>\n<td><span style=\"font-weight: 400;\">Coordinaci\u00f3 d&#8217;acompanyament coordinadors <\/span><b>COCOBE<\/b><\/td>\n<td><span style=\"font-weight: 400;\">Referent COCOBE del centre p\u00fablics i concertades i CEE<\/span><\/td>\n<td><span style=\"font-weight: 400;\">1050051105<\/span><span style=\"font-weight: 400;\">\u00a0<\/span><\/td>\n<\/tr>\n<tr>\n<td><b>Xarxa Territorial de Cultura Digital<\/b><span style=\"font-weight: 400;\">\u00a0<\/span><\/td>\n<td><span style=\"font-weight: 400;\">Coordinadors digitals dels centres p\u00fablics, concertats i CEE<\/span><\/td>\n<td><span style=\"font-weight: 400;\">1050061105<\/span><span style=\"font-weight: 400;\">\u00a0<\/span><\/td>\n<\/tr>\n<tr>\n<td><span style=\"font-weight: 400;\">Coordinaci\u00f3 de <\/span><b>m\u00fasica <\/b><span style=\"font-weight: 400;\">i creativitat\u00a0<\/span><\/td>\n<td><span style=\"font-weight: 400;\">Especialistes de m\u00fasica de centres p\u00fablics de prim\u00e0ria i secund\u00e0ria<\/span><\/td>\n<td><span style=\"font-weight: 400;\">1050081105<\/span><span style=\"font-weight: 400;\">\u00a0<\/span><\/td>\n<\/tr>\n<tr>\n<td><span style=\"font-weight: 400;\">Xarxes docents per la millora educativa\u00a0<\/span><\/td>\n<td><span style=\"font-weight: 400;\">Centres que van fer la demanda a trav\u00e9s de la CUP<\/span><\/p>\n<p><span style=\"font-weight: 400;\">NOTA: Tot i formar part del programa cal formalitzar la incripci\u00f3 de les persones de l\u2019Equip impulsor (Equip directiu, docents,&#8230;).<\/span><\/td>\n<td><span style=\"font-weight: 400;\">Pendent<\/span><\/td>\n<\/tr>\n<tr>\n<td><b>Seminari d&#8217;acompanyament i seguiment del tutor d&#8217;AA i el CLIC de centre<\/b><span style=\"font-weight: 400;\">\u00a0<\/span><\/td>\n<td><span style=\"font-weight: 400;\">Coordinadors de Llengua, interculturalitat i cohesi\u00f3 social<\/span><\/td>\n<td><span style=\"font-weight: 400;\">1050110555<\/span><span style=\"font-weight: 400;\">\u00a0<\/span><\/td>\n<\/tr>\n<\/tbody>\n<\/table>\n<h4><span style=\"color: #1a93c7;\"><strong>Seminaris de ciutat\u00a0<\/strong><\/span><\/h4>\n<h4><span style=\"color: #1a93c7;\"><strong>(Organitza: Diferents Serveis educatius i el CEB)<\/strong><\/span><\/h4>\n<table>\n<tbody>\n<tr>\n<td style=\"background-color: #9edef0;\"><b>Seminari<\/b><\/td>\n<td style=\"background-color: #9edef0;\"><b>A qui va dirigit?<\/b><\/td>\n<td style=\"background-color: #9edef0;\"><b>Coordinaci\u00f3<\/b><\/td>\n<td style=\"background-color: #9edef0;\"><b>Codi activitat i\u00a0<\/b><\/p>\n<p><b>Enlla\u00e7 inscripci\u00f3<\/b><\/td>\n<\/tr>\n<tr>\n<td rowspan=\"4\"><span style=\"font-weight: 400;\">Coordinaci\u00f3 de <\/span><b>biblioteques<\/b><span style=\"font-weight: 400;\"> escolars<\/span><\/td>\n<td rowspan=\"4\"><span style=\"font-weight: 400;\">Referents de biblioteques del centre<\/span><\/td>\n<td><span style=\"font-weight: 400;\">SE Horta-Guinard\u00f3<\/span><\/td>\n<td><span style=\"font-weight: 400;\">1070081107<\/span><\/td>\n<\/tr>\n<tr>\n<td><span style=\"font-weight: 400;\">SE Eixample<\/span><\/td>\n<td><span style=\"font-weight: 400;\">1020041102\u00a0<\/span><\/td>\n<\/tr>\n<tr>\n<td><span style=\"font-weight: 400;\">SE Les Corts<\/span><\/td>\n<td><a href=\"https:\/\/aplicacions.gestioeducativa.gencat.cat\/ords\/pls\/e13_formacio_gaf\/pq_llistat.llista?vany=2026-2027&amp;vzona=104&amp;vins=&amp;vact=000&amp;vmog=5&amp;vmod=&amp;vstt=PC&amp;vpag=0&amp;vdia=&amp;vfor=&amp;vcen=#menuA1040071104\"><b>1040071104<\/b><\/a><span style=\"font-weight: 400;\">\u00a0<\/span><\/td>\n<\/tr>\n<tr>\n<td><span style=\"font-weight: 400;\">SE Gr\u00e0cia<\/span><\/td>\n<td><a href=\"https:\/\/aplicacions.gestioeducativa.gencat.cat\/ords\/pls\/e13_formacio_gaf\/PQ_LLISTAT.LLISTA?VANY=2026-2027&amp;VZONA=106&amp;VINS=&amp;VACT=000&amp;VMOG=5&amp;VSTT=PC&amp;VPAG=1#menuA1060101106\"><b>1060101106<\/b><\/a> <span style=\"font-weight: 400;\">\u00a0<\/span><\/td>\n<\/tr>\n<tr>\n<td rowspan=\"4\"><span style=\"font-weight: 400;\">Coordinaci\u00f3 especialistes d&#8217;educaci\u00f3 f\u00edsica <\/span><span style=\"font-weight: 400;\">\u00a0<\/span><\/td>\n<td rowspan=\"4\"><span style=\"font-weight: 400;\">Especialistes educaci\u00f3 f\u00edsica del centre<\/span><\/td>\n<td><span style=\"font-weight: 400;\">SE Eixample<\/span><\/td>\n<td><a href=\"https:\/\/aplicacions.gestioeducativa.gencat.cat\/ords\/pls\/e13_formacio_gaf\/pq_llistat.llista?vany=2026-2027&amp;vzona=102&amp;vins=&amp;vact=000&amp;vmog=5&amp;vmod=&amp;vstt=PC&amp;vpag=0&amp;vdia=&amp;vfor=&amp;vcen=#menuA1020071102\"><b>1020071102<\/b><\/a><\/td>\n<\/tr>\n<tr>\n<td><span style=\"font-weight: 400;\">SE Horta-Guinard\u00f3<\/span><\/td>\n<td><a href=\"https:\/\/aplicacions.gestioeducativa.gencat.cat\/ords\/pls\/e13_formacio_gaf\/pq_llistat.llista?vany=2026-2027&amp;vzona=107&amp;vins=&amp;vact=000&amp;vmog=5&amp;vmod=&amp;vstt=PC&amp;vpag=0&amp;vdia=&amp;vfor=&amp;vcen=#menuA1070101107\"><b>1070101107<\/b><\/a> <b>\u00a0(PRI) i <\/b><a href=\"https:\/\/aplicacions.gestioeducativa.gencat.cat\/ords\/pls\/e13_formacio_gaf\/pq_llistat.llista?vany=2026-2027&amp;vzona=107&amp;vins=&amp;vact=000&amp;vmog=5&amp;vmod=&amp;vstt=PC&amp;vpag=0&amp;vdia=&amp;vfor=&amp;vcen=#menuA1070111107\"><b>1070111107<\/b><\/a><b> (SEC)<\/b><\/td>\n<\/tr>\n<tr>\n<td><span style=\"font-weight: 400;\">SE Gr\u00e0cia<\/span><\/td>\n<td><a href=\"https:\/\/aplicacions.gestioeducativa.gencat.cat\/ords\/pls\/e13_formacio_gaf\/PQ_LLISTAT.LLISTA?VANY=2026-2027&amp;VZONA=106&amp;VINS=&amp;VACT=000&amp;VMOG=5&amp;VSTT=PC&amp;VPAG=1#menuA1060091106\"><b>1060091106<\/b><\/a> <b>\u00a0<\/b><\/td>\n<\/tr>\n<tr>\n<td><span style=\"font-weight: 400;\">SE Les Corts<\/span><\/td>\n<td><a href=\"https:\/\/aplicacions.gestioeducativa.gencat.cat\/ords\/pls\/e13_formacio_gaf\/PQ_LLISTAT.LLISTA?VANY=2026-2027&amp;VZONA=104&amp;VINS=&amp;VACT=000&amp;VMOG=5&amp;VSTT=PC&amp;VPAG=1#menuA1040041104\"><b>1040041104<\/b><\/a> <b>\u00a0<\/b><\/td>\n<\/tr>\n<tr>\n<td><span style=\"font-weight: 400;\">Seminari de Matem\u00e0tiques de Secund\u00e0ria \u00a0 <\/span><span style=\"font-weight: 400;\">\u00a0<\/span><\/td>\n<td><span style=\"font-weight: 400;\">Docents de matem\u00e0tiques de secund\u00e0ria.\u00a0<\/span><\/td>\n<td><span style=\"font-weight: 400;\">SE Sant Mart\u00ed<\/span><\/td>\n<td><a href=\"https:\/\/aplicacions.gestioeducativa.gencat.cat\/ords\/pls\/e13_formacio_gaf\/pq_llistat.llista?vany=2026-2027&amp;vzona=110&amp;vins=&amp;vact=000&amp;vmog=5&amp;vmod=&amp;vstt=PC&amp;vpag=0&amp;vdia=&amp;vfor=&amp;vcen=#menuA1100041110\"><b>1100041110<\/b><\/a><b>\u00a0<\/b><\/td>\n<\/tr>\n<tr>\n<td><span style=\"font-weight: 400;\">Grup de treball STEAM, rob\u00f2tica i pensament computacional de Les Corts 2026-27\u00a0\u00a0\u00a0\u00a0<\/span><\/td>\n<td><span style=\"font-weight: 400;\">Professorat de rob\u00f2tica, tecnologia o de qualsevol\u00a0<\/span><\/p>\n<p><span style=\"font-weight: 400;\">\u00e0rea\/mat\u00e8ria<\/span><span style=\"font-weight: 400;\">\u00a0<\/span><\/td>\n<td><span style=\"font-weight: 400;\">SE Les Corts<\/span><\/td>\n<td><b>1040611104<\/b><\/td>\n<\/tr>\n<\/tbody>\n<\/table>\n<h4><span style=\"color: #1a93c7;\"><strong>Formacions de ciutat\u00a0<\/strong><\/span><\/h4>\n<h4><span style=\"color: #1a93c7;\"><strong>(Organitza: Diferents Serveis educatius i el CEB)<\/strong><\/span><\/h4>\n<table>\n<tbody>\n<tr>\n<td style=\"background-color: #9edef0;\"><b>T\u00edtol<\/b><\/td>\n<td style=\"background-color: #9edef0;\"><b>Adre\u00e7at a<\/b><\/td>\n<td style=\"background-color: #9edef0;\"><b>Organitza<\/b><\/td>\n<td style=\"background-color: #9edef0;\"><b>Codi activitat<\/b><\/td>\n<\/tr>\n<tr>\n<td><span style=\"font-weight: 400;\">Club de lectura docents 5\u00e8 i 6\u00e8<\/span><\/td>\n<td><span style=\"font-weight: 400;\">Docents de 5\u00e8 i 6\u00e8 de prim\u00e0ria<\/span><\/td>\n<td><span style=\"font-weight: 400;\">CRP Eixample<\/span><\/p>\n<p><span style=\"font-weight: 400;\">Dinamitza: Tandem LIJ<\/span><\/td>\n<td><a href=\"https:\/\/aplicacions.gestioeducativa.gencat.cat\/ords\/pls\/soloas\/pk_for_mod_ins.p_for_detall_activitat?p_header=Llista%20d%27activitats%5Epk_for_mod_ins.p_for_cons_activitats?p_crp=102%26p_any=2026-2027%26p_totes=S%26p_inici=1%26p_excloure_crp_rec=T&amp;p_codi=1020111102&amp;p_curs=2026-2027&amp;p_excloure_crp_rec=T\"><span style=\"font-weight: 400;\">1020111102<\/span><\/a><\/td>\n<\/tr>\n<tr>\n<td><span style=\"font-weight: 400;\">Club de lectura docents 1r i 2n ESO<\/span><\/td>\n<td><span style=\"font-weight: 400;\">Docents de 1r i 2n ESO<\/span><\/td>\n<td><span style=\"font-weight: 400;\">CRP Eixample<\/span><\/p>\n<p><span style=\"font-weight: 400;\">Dinamitza: Tandem LIJ<\/span><\/td>\n<td><a href=\"https:\/\/aplicacions.gestioeducativa.gencat.cat\/ords\/pls\/soloas\/pk_for_mod_ins.p_for_detall_activitat?p_header=Llista%20d%27activitats%5Epk_for_mod_ins.p_for_cons_activitats?p_crp=102%26p_any=2026-2027%26p_totes=S%26p_inici=1%26p_excloure_crp_rec=T&amp;p_codi=1020121102&amp;p_curs=2026-2027&amp;p_excloure_crp_rec=T\"><span style=\"font-weight: 400;\">1020121102<\/span><\/a><\/td>\n<\/tr>\n<tr>\n<td><span style=\"font-weight: 400;\">Club de lectura docent. 1r cicle: Identitats<\/span><\/td>\n<td><span style=\"font-weight: 400;\">Docents (internivells INF, PRIM i SEC)<\/span><\/td>\n<td><span style=\"font-weight: 400;\">CRP Horta-Guinard\u00f3<\/span><\/td>\n<td><span style=\"font-weight: 400;\">1078001107<\/span><\/td>\n<\/tr>\n<tr>\n<td><span style=\"font-weight: 400;\">Antiracisme a l&#8217;escola<\/span><\/td>\n<td><span style=\"font-weight: 400;\">infantil, prim\u00e0ria i secund\u00e0ria<\/span><\/td>\n<td><span style=\"font-weight: 400;\">CRP Les Corts\/Ajuntament Barcelona<\/span><\/td>\n<td><span style=\"font-weight: 400;\">1040690511<\/span><\/td>\n<\/tr>\n<tr>\n<td><span style=\"font-weight: 400;\">Percussi\u00f3 corporal<\/span><\/td>\n<td><span style=\"font-weight: 400;\">infantil, prim\u00e0ria i secund\u00e0ria<\/span><\/td>\n<td><span style=\"font-weight: 400;\">CRP les Corts<\/span><\/td>\n<td><span style=\"font-weight: 400;\">Properament<\/span><\/td>\n<\/tr>\n<tr>\n<td><span style=\"font-weight: 400;\">R\u00e0dio a l&#8217;aula<\/span><\/td>\n<td><span style=\"font-weight: 400;\">infantil, prim\u00e0ria i secund\u00e0ria<\/span><\/td>\n<td><span style=\"font-weight: 400;\">CRPs<\/span><\/p>\n<p><span style=\"font-weight: 400;\">GTAF: CRP les Corts<\/span><\/td>\n<td><span style=\"font-weight: 400;\">1040621104<\/span><\/td>\n<\/tr>\n<tr>\n<td><span style=\"font-weight: 400;\">C\u00e0psula t\u00e8cnica de r\u00e0dio<\/span><\/td>\n<td><span style=\"font-weight: 400;\">infantil, prim\u00e0ria i secund\u00e0ria<\/span><\/td>\n<td><span style=\"font-weight: 400;\">CRPs<\/span><\/p>\n<p><span style=\"font-weight: 400;\">GTAF: CRP les Corts o CEB<\/span><\/td>\n<td><span style=\"font-weight: 400;\">Properament<\/span><\/td>\n<\/tr>\n<tr>\n<td><span style=\"font-weight: 400;\">Empowering English Teachers: A Hands-on Approach to the Curriculum (SEC)<\/span><\/td>\n<td><span style=\"font-weight: 400;\">Secund\u00e0ria<\/span><\/td>\n<td><span style=\"font-weight: 400;\">CRP Eixample<\/span><\/td>\n<td><a href=\"https:\/\/aplicacions.gestioeducativa.gencat.cat\/ords\/pls\/soloas\/pk_for_mod_ins.p_for_detall_activitat?p_header=Llista%20d%27activitats%5Epk_for_mod_ins.p_for_cons_activitats?p_crp=102%26p_any=2026-2027%26p_totes=S%26p_inici=1%26p_excloure_crp_rec=T&amp;p_codi=1020051102&amp;p_curs=2026-2027&amp;p_excloure_crp_rec=T\"><span style=\"font-weight: 400;\">1020051102<\/span><\/a><\/td>\n<\/tr>\n<tr>\n<td><span style=\"font-weight: 400;\">Empowering English Teachers: A Hands-on Approach to the Curriculum (PRI)<\/span><\/td>\n<td><span style=\"font-weight: 400;\">Prim\u00e0ria<\/span><\/td>\n<td><span style=\"font-weight: 400;\">CRP Eixample<\/span><\/td>\n<td><a href=\"https:\/\/aplicacions.gestioeducativa.gencat.cat\/ords\/pls\/soloas\/pk_for_mod_ins.p_for_detall_activitat?p_header=Llista%20d%27activitats%5Epk_for_mod_ins.p_for_cons_activitats?p_crp=102%26p_any=2026-2027%26p_totes=S%26p_inici=1%26p_excloure_crp_rec=T&amp;p_codi=1020061102&amp;p_curs=2026-2027&amp;p_excloure_crp_rec=T\"><span style=\"font-weight: 400;\">1020061102<\/span><\/a><\/td>\n<\/tr>\n<tr>\n<td><span style=\"font-weight: 400;\">C\u00e0psules formatives: Literatura i g\u00e8nere\u00a0\u00a0\u00a0\u00a0<\/span><\/td>\n<td><\/td>\n<td><span style=\"font-weight: 400;\">SE Sants-Montj\u00fcic<\/span><\/td>\n<td><a href=\"https:\/\/aplicacions.gestioeducativa.gencat.cat\/ords\/pls\/e13_formacio_gaf\/pq_llistat.llista?vany=2026-2027&amp;vzona=103&amp;vins=&amp;vact=000&amp;vmog=5&amp;vmod=&amp;vstt=PC&amp;vpag=0&amp;vdia=&amp;vfor=&amp;vcen=#menuA1031111103\"><b>1031111103<\/b><\/a><b>\u00a0<\/b><\/td>\n<\/tr>\n<tr>\n<td><span style=\"font-weight: 400;\">Taller de llengua oral a l&#8217;educaci\u00f3 infantil\u00a0\u00a0\u00a0\u00a0<\/span><\/td>\n<td><span style=\"font-weight: 400;\">Docents d\u2019infantil<\/span><\/td>\n<td><span style=\"font-weight: 400;\">SE Sants-Montj\u00fcic<\/span><\/td>\n<td><b>1030131103<\/b><b>\u00a0<\/b><\/td>\n<\/tr>\n<tr>\n<td><span style=\"font-weight: 400;\">Les matem\u00e0tiques a l&#8217;etapa d&#8217;infantil\u00a0\u00a0\u00a0\u00a0<\/span><\/td>\n<td><span style=\"font-weight: 400;\">Docents d\u2019infantil<\/span><\/td>\n<td><span style=\"font-weight: 400;\">SE Sants-Montj\u00fcic<\/span><\/td>\n<td><b>1030101103<\/b><b>\u00a0<\/b><\/td>\n<\/tr>\n<tr>\n<td><span style=\"font-weight: 400;\">AraMat 0-6<\/span><\/td>\n<td><span style=\"font-weight: 400;\">T\u00e8cniques docents i persones docents d&#8217;educaci\u00f3 infantil.<\/span><\/td>\n<td><span style=\"font-weight: 400;\">CEB<\/span><\/td>\n<td><a href=\"https:\/\/aplicacions.ensenyament.gencat.cat\/pls\/soloas\/pk_for_mod_ins.p_for_detall_activitat?p_codi=1000020509&amp;p_curs=2026-2027&amp;p_es_inscr=S\"><b>1000010509<\/b><\/a><b>\u00a0<\/b><\/td>\n<\/tr>\n<tr>\n<td><span style=\"font-weight: 400;\">L&#8217;avaluaci\u00f3 i la documentaci\u00f3 pedag\u00f2gica a l&#8217;educaci\u00f3 infantil<\/span><span style=\"font-weight: 400;\">\u00a0<\/span><\/td>\n<td><span style=\"font-weight: 400;\">Educadors i educadores, i mestres d&#8217;educaci\u00f3 infantil de centres p\u00fablics.\u00a0<\/span><\/td>\n<td><span style=\"font-weight: 400;\">CEB<\/span><\/td>\n<td><a href=\"https:\/\/aplicacions.ensenyament.gencat.cat\/pls\/soloas\/pk_for_mod_ins.p_for_detall_activitat?p_codi=1000020509&amp;p_curs=2026-2027&amp;p_es_inscr=S\"><b>1000020509<\/b><\/a><b>\u00a0<\/b><\/td>\n<\/tr>\n<tr>\n<td><span style=\"font-weight: 400;\">Seminari d&#8217;inclusi\u00f3 amb eines digitals\u00a0<\/span><\/td>\n<td><span style=\"font-weight: 400;\">Coordinadors\/es digitals dels CEE\u00a0<\/span><\/td>\n<td><span style=\"font-weight: 400;\">CRPs<\/span><\/p>\n<p><span style=\"font-weight: 400;\">GTAF: CRP Horta-Guinard\u00f3<\/span><span style=\"font-weight: 400;\">\u00a0<\/span><\/td>\n<td><a href=\"https:\/\/aplicacions.ensenyament.gencat.cat\/pls\/soloas\/pk_for_mod_ins.p_for_detall_activitat?p_codi=1070121107&amp;p_curs=2026-2027&amp;p_es_inscr=S\"><b>1070121107<\/b><\/a><b>\u00a0<\/b><\/td>\n<\/tr>\n<\/tbody>\n<\/table>\n<h4><b style=\"font-family: inherit; font-size: 1em;\">Atenci\u00f3!<\/b><span style=\"font-weight: 400;\">:\u00a0<\/span><\/h4>\n<ul>\n<li style=\"font-weight: 400;\" aria-level=\"1\"><span style=\"font-weight: 400;\">En les Formacions individuals, la inscripci\u00f3 \u00e9s <\/span><b>individual<\/b><span style=\"font-weight: 400;\">, <\/span><b>NO una formaci\u00f3 en centre ni de centre<\/b><span style=\"font-weight: 400;\">. Cada docent demana l\u2019assignaci\u00f3 individualment.<\/span><\/li>\n<li aria-level=\"1\"><span style=\"font-weight: 400;\">Els seminaris i formacions individuals de zona que s\u2019ofereixen a nivell de ciutat es prioritza la inscripci\u00f3 per als docents del districte que les organitza. Tot i aix\u00ed, s\u2019obren a la resta de docents de ciutat per tal que, en cas que quedin vacants, se\u2019ls pugui adjudicar. Si hi ha docents que estan interessats en alguna d\u2019aquestes activitats d\u2019altres zones, han de fer la sol\u00b7licitud d\u2019inscripci\u00f3 dins del per\u00edode del primer torn.<\/span><\/li>\n<li aria-level=\"1\"><b>Segons la normativa vigent, les formacions o seminaris que no arribin al m\u00ednim d\u2019inscripcions segons la normativa, no es podran realitzar.<\/b><\/li>\n<li aria-level=\"1\"><span style=\"font-weight: 400;\">A m\u00e9s de les formacions individuals de ciutat relacionades, podeu consultar-ne altres a trav\u00e9s del <\/span><a href=\"https:\/\/xtec.gencat.cat\/ca\/formacio\/info-general\/cercador-activitats\/\"><span style=\"font-weight: 400;\">cercador d\u2019activitats de l\u2019XTEC.<\/span><\/a> Tamb\u00e9 podeu consultar les activitats obertes a ciutat i organitzades per altres serveis educatius a trav\u00e9s de les seves p\u00e0gines web.<\/li>\n<li aria-level=\"1\"><span style=\"font-family: inherit; font-size: 1em;\">Les sol\u00b7licituds realitzades es poden consultar, anul\u00b7lar o modificar a la p\u00e0gina <\/span><a href=\"https:\/\/xtec.gencat.cat\/ca\/formacio\/la-meva-formacio\/les-meves-activitats\/\">la meva formaci\u00f3<\/a>.<\/li>\n<\/ul>\n<h5>Podeu consultar i fer la inscripci\u00f3 a les activitats des del <span style=\"color: #99ccff;\"><span style=\"color: #1a93c7;\"><strong><a style=\"color: #1a93c7;\" href=\"http:\/\/xtec.gencat.cat\/ca\/formacio\/info-general\/cercador-activitats\/\" rel=\"nofollow\">Cercador d\u2019activitats xtec<\/a><\/strong><\/span><\/span><\/h5>\n<p>&nbsp;<\/p>\n<p style=\"text-align: left;\"><span style=\"font-size: 1.2em; font-weight: bold;\">Trobareu m\u00e9s informaci\u00f3 a <\/span><a style=\"font-size: 1.2em; font-weight: bold; background-color: #ffffff;\" href=\"https:\/\/serveiseducatius.xtec.cat\/sarria-santgervasi\/formacio\/oferta-formativa-cercador-inscripcions\/\"><strong>Oferta formativa, cercador d&#8217;activitats i inscripcions<\/strong><\/a><\/p>\n","protected":false},"excerpt":{"rendered":"<p>Pla de Formaci\u00f3 de Zona. Oferta activitats curs 2026-2027\u00a0 &nbsp; 1r torn 1) Dades clau del primer torn Per\u00edode d\u2019inscripci\u00f3: del 4 al 20 de setembre de 2025. Consulta d\u2019assignacions: 7 d\u2019octubre de 2025. Inici activitats: A partir del 13 d\u2019octubre de 2026 Acc\u00e9s a la relaci\u00f3 d\u2019activitats: Podeu fer la inscripci\u00f3 directament, a partir [&hellip;]<\/p>\n","protected":false},"author":3,"featured_media":0,"comment_status":"closed","ping_status":"open","sticky":false,"template":"","format":"standard","meta":{"_bbp_topic_count":0,"_bbp_reply_count":0,"_bbp_total_topic_count":0,"_bbp_total_reply_count":0,"_bbp_voice_count":0,"_bbp_anonymous_reply_count":0,"_bbp_topic_count_hidden":0,"_bbp_reply_count_hidden":0,"_bbp_forum_subforum_count":0,"site-sidebar-layout":"default","site-content-layout":"","ast-site-content-layout":"default","site-content-style":"default","site-sidebar-style":"default","ast-global-header-display":"","ast-banner-title-visibility":"","ast-main-header-display":"","ast-hfb-above-header-display":"","ast-hfb-below-header-display":"","ast-hfb-mobile-header-display":"","site-post-title":"","ast-breadcrumbs-content":"","ast-featured-img":"","footer-sml-layout":"","theme-transparent-header-meta":"default","adv-header-id-meta":"","stick-header-meta":"","header-above-stick-meta":"","header-main-stick-meta":"","header-below-stick-meta":"","astra-migrate-meta-layouts":"set","ast-page-background-enabled":"default","ast-page-background-meta":{"desktop":{"background-color":"var(--ast-global-color-4)","background-image":"","background-repeat":"repeat","background-position":"center center","background-size":"auto","background-attachment":"scroll","background-type":"","background-media":"","overlay-type":"","overlay-color":"","overlay-opacity":"","overlay-gradient":""},"tablet":{"background-color":"","background-image":"","background-repeat":"repeat","background-position":"center center","background-size":"auto","background-attachment":"scroll","background-type":"","background-media":"","overlay-type":"","overlay-color":"","overlay-opacity":"","overlay-gradient":""},"mobile":{"background-color":"","background-image":"","background-repeat":"repeat","background-position":"center center","background-size":"auto","background-attachment":"scroll","background-type":"","background-media":"","overlay-type":"","overlay-color":"","overlay-opacity":"","overlay-gradient":""}},"ast-content-background-meta":{"desktop":{"background-color":"var(--ast-global-color-5)","background-image":"","background-repeat":"repeat","background-position":"center center","background-size":"auto","background-attachment":"scroll","background-type":"","background-media":"","overlay-type":"","overlay-color":"","overlay-opacity":"","overlay-gradient":""},"tablet":{"background-color":"var(--ast-global-color-5)","background-image":"","background-repeat":"repeat","background-position":"center center","background-size":"auto","background-attachment":"scroll","background-type":"","background-media":"","overlay-type":"","overlay-color":"","overlay-opacity":"","overlay-gradient":""},"mobile":{"background-color":"var(--ast-global-color-5)","background-image":"","background-repeat":"repeat","background-position":"center center","background-size":"auto","background-attachment":"scroll","background-type":"","background-media":"","overlay-type":"","overlay-color":"","overlay-opacity":"","overlay-gradient":""}},"footnotes":""},"categories":[29],"tags":[],"class_list":["post-15297","post","type-post","status-publish","format-standard","hentry","category-portada"],"post_mailing_queue_ids":[],"_links":{"self":[{"href":"https:\/\/serveiseducatius.xtec.cat\/sarria-santgervasi\/wp-json\/wp\/v2\/posts\/15297","targetHints":{"allow":["GET"]}}],"collection":[{"href":"https:\/\/serveiseducatius.xtec.cat\/sarria-santgervasi\/wp-json\/wp\/v2\/posts"}],"about":[{"href":"https:\/\/serveiseducatius.xtec.cat\/sarria-santgervasi\/wp-json\/wp\/v2\/types\/post"}],"author":[{"embeddable":true,"href":"https:\/\/serveiseducatius.xtec.cat\/sarria-santgervasi\/wp-json\/wp\/v2\/users\/3"}],"replies":[{"embeddable":true,"href":"https:\/\/serveiseducatius.xtec.cat\/sarria-santgervasi\/wp-json\/wp\/v2\/comments?post=15297"}],"version-history":[{"count":3,"href":"https:\/\/serveiseducatius.xtec.cat\/sarria-santgervasi\/wp-json\/wp\/v2\/posts\/15297\/revisions"}],"predecessor-version":[{"id":15300,"href":"https:\/\/serveiseducatius.xtec.cat\/sarria-santgervasi\/wp-json\/wp\/v2\/posts\/15297\/revisions\/15300"}],"wp:attachment":[{"href":"https:\/\/serveiseducatius.xtec.cat\/sarria-santgervasi\/wp-json\/wp\/v2\/media?parent=15297"}],"wp:term":[{"taxonomy":"category","embeddable":true,"href":"https:\/\/serveiseducatius.xtec.cat\/sarria-santgervasi\/wp-json\/wp\/v2\/categories?post=15297"},{"taxonomy":"post_tag","embeddable":true,"href":"https:\/\/serveiseducatius.xtec.cat\/sarria-santgervasi\/wp-json\/wp\/v2\/tags?post=15297"}],"curies":[{"name":"wp","href":"https:\/\/api.w.org\/{rel}","templated":true}]}}