{"id":15030,"date":"2025-10-20T17:00:00","date_gmt":"2025-10-20T15:00:00","guid":{"rendered":"https:\/\/serveiseducatius.xtec.cat\/sarria-santgervasi\/?p=15030"},"modified":"2025-10-20T17:00:00","modified_gmt":"2025-10-20T15:00:00","slug":"%f0%9f%94%ac-setmana-de-la-ciencia-2025-la-ciencia-en-primera-persona","status":"publish","type":"post","link":"https:\/\/serveiseducatius.xtec.cat\/sarria-santgervasi\/portada\/%f0%9f%94%ac-setmana-de-la-ciencia-2025-la-ciencia-en-primera-persona\/","title":{"rendered":"\ud83d\udd2c Setmana de la Ci\u00e8ncia 2025: La ci\u00e8ncia en primera persona"},"content":{"rendered":"<p data-start=\"194\" data-end=\"438\">Del <strong data-start=\"198\" data-end=\"221\">7 al 16 de novembre<\/strong>, se celebra arreu de Catalunya la <strong data-start=\"256\" data-end=\"285\">30a Setmana de la Ci\u00e8ncia<\/strong>, organitzada per la <strong data-start=\"306\" data-end=\"366\">Fundaci\u00f3 Catalana per a la Recerca i la Innovaci\u00f3 (FCRI)<\/strong> amb el suport del <strong data-start=\"385\" data-end=\"435\">Departament d\u2019Educaci\u00f3 i Formaci\u00f3 Professional<\/strong>.<\/p>\n<p data-start=\"440\" data-end=\"708\">Una de les activitats centrals \u00e9s <strong data-start=\"474\" data-end=\"509\">\u201cLa ci\u00e8ncia en primera persona\u201d<\/strong>, que tindr\u00e0 lloc el <strong data-start=\"530\" data-end=\"560\">dia 11 de novembre al mat\u00ed<\/strong>, amb l\u2019objectiu de <strong data-start=\"580\" data-end=\"635\">fomentar les vocacions cient\u00edfiques i tecnol\u00f2giques<\/strong> i <strong data-start=\"638\" data-end=\"705\">acostar els cient\u00edfics i cient\u00edfiques a l\u2019alumnat de secund\u00e0ria<\/strong>.<\/p>\n<p data-start=\"710\" data-end=\"853\">L\u2019activitat s\u2019adre\u00e7a principalment a alumnat de <strong data-start=\"758\" data-end=\"775\">3r i 4t d\u2019ESO<\/strong>, i combina v\u00eddeos, reptes i una trobada virtual en directe amb els ponents.<\/p>\n<h3 data-start=\"855\" data-end=\"887\">Estructura de l\u2019activitat<\/h3>\n<ol data-start=\"888\" data-end=\"1248\">\n<li data-start=\"888\" data-end=\"995\">\n<p data-start=\"891\" data-end=\"995\"><strong data-start=\"891\" data-end=\"919\">Visualitzaci\u00f3 d\u2019un v\u00eddeo<\/strong> (5\u201310 min) on el cient\u00edfic\/a presenta la seva recerca i proposa un repte.<\/p>\n<\/li>\n<li data-start=\"996\" data-end=\"1097\">\n<p data-start=\"999\" data-end=\"1097\"><strong data-start=\"999\" data-end=\"1020\">Treball a l\u2019aula:<\/strong> l\u2019alumnat resol el repte i formula fins a tres preguntes per al cient\u00edfic.<\/p>\n<\/li>\n<li data-start=\"1098\" data-end=\"1248\">\n<p data-start=\"1101\" data-end=\"1248\"><strong data-start=\"1101\" data-end=\"1147\">Retransmissi\u00f3 en directe (11 de novembre):<\/strong> trobada virtual per comentar els reptes i respondre preguntes a trav\u00e9s del canal YouTube de la FCRI.<\/p>\n<\/li>\n<\/ol>\n<h3 data-start=\"1250\" data-end=\"1277\">Tem\u00e0tiques i ponents<\/h3>\n<ul data-start=\"1278\" data-end=\"1446\">\n<li data-start=\"1278\" data-end=\"1333\">\n<p data-start=\"1280\" data-end=\"1333\"><strong data-start=\"1280\" data-end=\"1300\">10 h \u2013 Economia:<\/strong> <em data-start=\"1301\" data-end=\"1314\">Albert Sant<\/em> (BBVA Catalunya)<\/p>\n<\/li>\n<li data-start=\"1334\" data-end=\"1397\">\n<p data-start=\"1336\" data-end=\"1397\"><strong data-start=\"1336\" data-end=\"1373\">11 h \u2013 Intel\u00b7lig\u00e8ncia Artificial:<\/strong> <em data-start=\"1374\" data-end=\"1388\">V\u00edctor G\u00f3mez<\/em> (BBVA)<\/p>\n<\/li>\n<li data-start=\"1398\" data-end=\"1446\">\n<p data-start=\"1400\" data-end=\"1446\"><strong data-start=\"1400\" data-end=\"1422\">12 h \u2013 Tecnologia:<\/strong> <em data-start=\"1423\" data-end=\"1438\">Antonio Rubio<\/em> (UPC)<\/p>\n<\/li>\n<\/ul>\n<p data-start=\"1448\" data-end=\"1644\">Els centres que vulguin participar poden enviar les <strong data-start=\"1500\" data-end=\"1535\">fotografies dels reptes resolts<\/strong> i les <strong data-start=\"1542\" data-end=\"1571\">preguntes per als ponents<\/strong> mitjan\u00e7ant el <strong data-start=\"1586\" data-end=\"1612\">formulari d\u2019inscripci\u00f3<\/strong>, abans del <strong data-start=\"1624\" data-end=\"1641\">3 de novembre<\/strong>.<\/p>\n<p data-start=\"1646\" data-end=\"1743\">\ud83d\udcce M\u00e9s informaci\u00f3 i v\u00eddeos disponibles a <a class=\"decorated-link\" href=\"https:\/\/www.setmanaciencia.cat\" target=\"_new\" rel=\"noopener\" data-start=\"1687\" data-end=\"1743\">www.setmanaciencia.cat<\/a><\/p>\n","protected":false},"excerpt":{"rendered":"<p>Del 7 al 16 de novembre, se celebra arreu de Catalunya la 30a Setmana de la Ci\u00e8ncia, organitzada per la Fundaci\u00f3 Catalana per a la Recerca i la Innovaci\u00f3 (FCRI) amb el suport del Departament d\u2019Educaci\u00f3 i Formaci\u00f3 Professional. Una de les activitats centrals \u00e9s \u201cLa ci\u00e8ncia en primera persona\u201d, que tindr\u00e0 lloc el dia [&hellip;]<\/p>\n","protected":false},"author":3,"featured_media":15032,"comment_status":"open","ping_status":"open","sticky":false,"template":"","format":"standard","meta":{"_bbp_topic_count":0,"_bbp_reply_count":0,"_bbp_total_topic_count":0,"_bbp_total_reply_count":0,"_bbp_voice_count":0,"_bbp_anonymous_reply_count":0,"_bbp_topic_count_hidden":0,"_bbp_reply_count_hidden":0,"_bbp_forum_subforum_count":0,"site-sidebar-layout":"default","site-content-layout":"","ast-site-content-layout":"","site-content-style":"default","site-sidebar-style":"default","ast-global-header-display":"","ast-banner-title-visibility":"","ast-main-header-display":"","ast-hfb-above-header-display":"","ast-hfb-below-header-display":"","ast-hfb-mobile-header-display":"","site-post-title":"","ast-breadcrumbs-content":"","ast-featured-img":"","footer-sml-layout":"","theme-transparent-header-meta":"","adv-header-id-meta":"","stick-header-meta":"","header-above-stick-meta":"","header-main-stick-meta":"","header-below-stick-meta":"","astra-migrate-meta-layouts":"default","ast-page-background-enabled":"default","ast-page-background-meta":{"desktop":{"background-color":"var(--ast-global-color-4)","background-image":"","background-repeat":"repeat","background-position":"center center","background-size":"auto","background-attachment":"scroll","background-type":"","background-media":"","overlay-type":"","overlay-color":"","overlay-opacity":"","overlay-gradient":""},"tablet":{"background-color":"","background-image":"","background-repeat":"repeat","background-position":"center center","background-size":"auto","background-attachment":"scroll","background-type":"","background-media":"","overlay-type":"","overlay-color":"","overlay-opacity":"","overlay-gradient":""},"mobile":{"background-color":"","background-image":"","background-repeat":"repeat","background-position":"center center","background-size":"auto","background-attachment":"scroll","background-type":"","background-media":"","overlay-type":"","overlay-color":"","overlay-opacity":"","overlay-gradient":""}},"ast-content-background-meta":{"desktop":{"background-color":"var(--ast-global-color-5)","background-image":"","background-repeat":"repeat","background-position":"center center","background-size":"auto","background-attachment":"scroll","background-type":"","background-media":"","overlay-type":"","overlay-color":"","overlay-opacity":"","overlay-gradient":""},"tablet":{"background-color":"var(--ast-global-color-5)","background-image":"","background-repeat":"repeat","background-position":"center center","background-size":"auto","background-attachment":"scroll","background-type":"","background-media":"","overlay-type":"","overlay-color":"","overlay-opacity":"","overlay-gradient":""},"mobile":{"background-color":"var(--ast-global-color-5)","background-image":"","background-repeat":"repeat","background-position":"center center","background-size":"auto","background-attachment":"scroll","background-type":"","background-media":"","overlay-type":"","overlay-color":"","overlay-opacity":"","overlay-gradient":""}},"footnotes":""},"categories":[29],"tags":[],"class_list":["post-15030","post","type-post","status-publish","format-standard","has-post-thumbnail","hentry","category-portada"],"post_mailing_queue_ids":[],"_links":{"self":[{"href":"https:\/\/serveiseducatius.xtec.cat\/sarria-santgervasi\/wp-json\/wp\/v2\/posts\/15030","targetHints":{"allow":["GET"]}}],"collection":[{"href":"https:\/\/serveiseducatius.xtec.cat\/sarria-santgervasi\/wp-json\/wp\/v2\/posts"}],"about":[{"href":"https:\/\/serveiseducatius.xtec.cat\/sarria-santgervasi\/wp-json\/wp\/v2\/types\/post"}],"author":[{"embeddable":true,"href":"https:\/\/serveiseducatius.xtec.cat\/sarria-santgervasi\/wp-json\/wp\/v2\/users\/3"}],"replies":[{"embeddable":true,"href":"https:\/\/serveiseducatius.xtec.cat\/sarria-santgervasi\/wp-json\/wp\/v2\/comments?post=15030"}],"version-history":[{"count":1,"href":"https:\/\/serveiseducatius.xtec.cat\/sarria-santgervasi\/wp-json\/wp\/v2\/posts\/15030\/revisions"}],"predecessor-version":[{"id":15031,"href":"https:\/\/serveiseducatius.xtec.cat\/sarria-santgervasi\/wp-json\/wp\/v2\/posts\/15030\/revisions\/15031"}],"wp:featuredmedia":[{"embeddable":true,"href":"https:\/\/serveiseducatius.xtec.cat\/sarria-santgervasi\/wp-json\/wp\/v2\/media\/15032"}],"wp:attachment":[{"href":"https:\/\/serveiseducatius.xtec.cat\/sarria-santgervasi\/wp-json\/wp\/v2\/media?parent=15030"}],"wp:term":[{"taxonomy":"category","embeddable":true,"href":"https:\/\/serveiseducatius.xtec.cat\/sarria-santgervasi\/wp-json\/wp\/v2\/categories?post=15030"},{"taxonomy":"post_tag","embeddable":true,"href":"https:\/\/serveiseducatius.xtec.cat\/sarria-santgervasi\/wp-json\/wp\/v2\/tags?post=15030"}],"curies":[{"name":"wp","href":"https:\/\/api.w.org\/{rel}","templated":true}]}}