{"id":14680,"date":"2025-02-06T16:51:25","date_gmt":"2025-02-06T15:51:25","guid":{"rendered":"https:\/\/serveiseducatius.xtec.cat\/sarria-santgervasi\/?p=14680"},"modified":"2025-05-13T13:32:15","modified_gmt":"2025-05-13T11:32:15","slug":"portes-obertes-2025","status":"publish","type":"post","link":"https:\/\/serveiseducatius.xtec.cat\/sarria-santgervasi\/portada\/portes-obertes-2025\/","title":{"rendered":"Portes obertes Sarri\u00e0 &#8211; Sant Gervasi 2025"},"content":{"rendered":"<p><a href=\"https:\/\/drive.google.com\/file\/d\/1dHq5kKIFceegP0nhdJsscAs10HGs2Ew5\/view?usp=sharing\" target=\"_blank\" rel=\"noopener\"><img loading=\"lazy\" decoding=\"async\" class=\"aligncenter size-full wp-image-14682\" src=\"https:\/\/serveiseducatius.xtec.cat\/sarria-santgervasi\/wp-content\/uploads\/usu1168\/2025\/02\/Portes_obertes_2025_02.gif\" alt=\"\" width=\"800\" height=\"450\" \/><\/a><\/p>\n<p style=\"text-align: center;\">Seguidament us informem de les dates i l\u2019horari de les <strong>Jornades de Portes Obertes dels centres p\u00fablics del districte de Sarri\u00e0 &#8211; Sant Gervasi<\/strong>.<\/p>\n<p style=\"text-align: center;\"><span style=\"text-decoration: underline;\">Podeu descarregar aquesta mateixa informaci\u00f3 en format .pdf, per si us ho voleu imprimir.<\/span><\/p>\n<table style=\"border-collapse: collapse; width: 100%;\">\n<tbody>\n<tr style=\"border-style: hidden;\">\n<td style=\"width: 100%; border-style: hidden; background-color: #09665d; text-align: center; vertical-align: middle;\">\n<h4><a href=\"https:\/\/drive.google.com\/file\/d\/1dHq5kKIFceegP0nhdJsscAs10HGs2Ew5\/view?usp=sharing\" target=\"_blank\" rel=\"noopener\"><span style=\"color: #ffffff;\"><strong>Descarrega PDF<\/strong><\/span><\/a><\/h4>\n<\/td>\n<\/tr>\n<\/tbody>\n<\/table>\n<table style=\"border-collapse: collapse; width: 100%; height: 461px;\">\n<tbody>\n<tr style=\"height: 141px;\">\n<td style=\"width: 18.7817%; height: 141px;\"><a href=\"https:\/\/agora.xtec.cat\/esc-dms\/\">Escola Dolors<br \/>\nMonserd\u00e0 &#8211; Santapau<\/a><\/td>\n<td style=\"width: 73.9822%; height: 141px;\">\n<ul>\n<li>Dilluns 10 i 24 de febrer a les 9.30h<\/li>\n<li>Dimecres 12 i 19 de febrer a les 15.15h<\/li>\n<li>Dissabte 15 de febrer d&#8217;11.30 a 13.00h<\/li>\n<\/ul>\n<p>Reserva mitjan\u00e7ant <a href=\"https:\/\/docs.google.com\/forms\/d\/e\/1FAIpQLSe_7pp__vtcqjoCf6m3NQwA_tmESv0v-m5JhYKp8kpGbGjXsw\/viewform?usp=sf_link\">formulari d&#8217;inscripci\u00f3<\/a> o trucant al centre: <strong>93 203 12 78<\/strong><\/td>\n<\/tr>\n<tr style=\"height: 32px;\">\n<td style=\"width: 18.7817%; height: 32px;\"><a href=\"https:\/\/agora.xtec.cat\/escolanabi\/\">Escola Nab\u00ed<\/a><\/td>\n<td style=\"width: 73.9822%; height: 32px;\">\n<ul>\n<li>Dimarts 18 de febrer a les 10.00h<\/li>\n<li>Divendres 7 de mar\u00e7 a les 15.00h<\/li>\n<\/ul>\n<p>Reserva mitjan\u00e7ant<a href=\"https:\/\/docs.google.com\/forms\/d\/e\/1FAIpQLSe4NoRXI3etji3mTGTXGkwmeckDM_93Dj6UY_FBofLTEoFabg\/viewform\"> f<\/a><a href=\"https:\/\/docs.google.com\/forms\/d\/e\/1FAIpQLSe4NoRXI3etji3mTGTXGkwmeckDM_93Dj6UY_FBofLTEoFabg\/viewform\">ormulari d&#8217;inscripci\u00f3<\/a> o trucant al centre: <strong>93 406 84 08<\/strong><\/td>\n<\/tr>\n<tr style=\"height: 32px;\">\n<td style=\"width: 18.7817%; height: 32px;\"><a href=\"http:\/\/orlandai.org\/\">Escola Orlandai<\/a><\/td>\n<td style=\"width: 73.9822%; height: 32px;\">\n<ul>\n<li>Dijous 30 de gener a les 9.10h<\/li>\n<li>Divendres 14 i 21 de febrer, i 7 de mar\u00e7 a les 9.10h<\/li>\n<li>Dissabte 15 de febrer a les 9.30h<\/li>\n<\/ul>\n<p>Reserva trucant al centre: <strong>93 203 09 35<\/strong><\/td>\n<\/tr>\n<tr style=\"height: 32px;\">\n<td style=\"width: 18.7817%; height: 32px;\"><a href=\"https:\/\/agora.xtec.cat\/ceippoetafoix\/\">Escola Poeta Foix<\/a><\/td>\n<td style=\"width: 73.9822%; height: 32px;\">\n<ul>\n<li>Dimecres 12 de mar\u00e7 a les 15.15h<\/li>\n<li>Divendres 14 de mar\u00e7 a les 15.15h<\/li>\n<\/ul>\n<p>Reserva mitjan\u00e7ant <a href=\"https:\/\/docs.google.com\/forms\/d\/1Sd9OB-9SJo9X-h1zZe_ER_zBRsxgSqW7DSwuujeeZC4\/viewform?edit_requested=true\">formulari d&#8217;inscripci\u00f3<\/a> o trucant al centre: <strong>93 201 81 52<\/strong><\/td>\n<\/tr>\n<tr style=\"height: 32px;\">\n<td style=\"width: 18.7817%; height: 32px;\"><a href=\"https:\/\/taber.cat\/\">Escola T\u00e0ber<\/a><\/td>\n<td style=\"width: 73.9822%; height: 32px;\">\n<ul>\n<li>Dimarts 18 de febrer i 4 de mar\u00e7 a les 11.00h<\/li>\n<li>Divendres 21 de febrer a les 9.00h<\/li>\n<li>Dissabte 22 de febrer d&#8217;11.00 a 13.00h<\/li>\n<li>Dijous 6 de mar\u00e7 a les 15.00h<\/li>\n<\/ul>\n<p>Reserva mitjan\u00e7ant <a href=\"https:\/\/forms.gle\/tbYCmZxafG1r4tvV9\">formulari d&#8217;inscripci\u00f3<\/a> o trucant al centre: <strong>93 280 10 23<\/strong><\/td>\n<\/tr>\n<tr style=\"height: 32px;\">\n<td style=\"width: 18.7817%; height: 32px;\"><a href=\"https:\/\/www.elsxiprers.cat\/\">Escola Els Xiprers<\/a><\/td>\n<td style=\"width: 73.9822%; height: 32px;\">\n<ul>\n<li>Dimarts 18 de febrer a les 17.30h<\/li>\n<li>Dijous 6 de mar\u00e7 a les 17.30h<\/li>\n<\/ul>\n<p>Heu de trucar al <strong>93 204 92 10<\/strong> o b\u00e9, escriure un correu electr\u00f2nic a <a href=\"mailto:escola@elsxiprers.cat\" target=\"_blank\" rel=\"noopener\">escola@elsxiprers.cat<\/a>\u00a0<wbr \/>facilitant les vostres dades i es posaran en contacte amb vosaltres.<\/td>\n<\/tr>\n<tr style=\"height: 32px;\">\n<td style=\"width: 18.7817%; height: 32px;\"><a href=\"https:\/\/costaillobera.cat\/\">Institut Escola Costa i Llobera<\/a><\/td>\n<td style=\"width: 73.9822%; height: 32px;\"><span style=\"text-decoration: underline;\">Infantil i Prim\u00e0ria<\/span><\/p>\n<ul>\n<li>Dilluns 10, 24 de febrer i 10 de mar\u00e7 de 14.30 a 16.30h<\/li>\n<li>Divendres 21 de febrer de 9.30 a 11.30h<\/li>\n<li>Dissabte 15 de mar\u00e7 d&#8217;11.00 a 13.00h<\/li>\n<\/ul>\n<p><span style=\"text-decoration: underline;\">Secund\u00e0ria<\/span><\/p>\n<ul>\n<li>Dimarts 25 de febrer a les 15.30h<\/li>\n<\/ul>\n<p>Reserva mitjan\u00e7ant formulari d&#8217;inscripci\u00f3 (<a href=\"https:\/\/docs.google.com\/forms\/d\/e\/1FAIpQLSeQDK9yGKRj1yAhk-PlDBtohtScwkbvCGCYb54naom7OOXaRA\/viewform\">Infantil i Prim\u00e0ria<\/a>), (<a href=\"https:\/\/forms.gle\/aod18zhKKyy5UR9y7\">Secund\u00e0ria<\/a>) o trucant al centre: <strong>93 700 69 87<\/strong><\/td>\n<\/tr>\n<tr style=\"height: 32px;\">\n<td style=\"width: 18.7817%; height: 32px;\"><a href=\"https:\/\/escolaprojecte.org\/\">Institut Escola Projecte<\/a><\/td>\n<td style=\"width: 73.9822%; height: 32px;\"><span style=\"text-decoration: underline;\">Infantil i Prim\u00e0ria<\/span><\/p>\n<ul>\n<li>Dissabte 22 de febrer de 10.00 a 12.00h<\/li>\n<li>Dimarts 4 de mar\u00e7 de 14.30 a 16.30h (nom\u00e9s adults)<\/li>\n<\/ul>\n<p><span style=\"text-decoration: underline;\">Secund\u00e0ria<\/span><\/p>\n<ul>\n<li>Dijous 6 de mar\u00e7 de 17.00 a 19.00h<\/li>\n<\/ul>\n<p>Reserva mitjan\u00e7ant <a href=\"https:\/\/escolaprojecte.org\/preinscripcions\/\">formulari d&#8217;inscripci\u00f3<\/a> o trucant al centre: <strong>93 566 61 42<\/strong><\/td>\n<\/tr>\n<tr style=\"height: 32px;\">\n<td style=\"width: 18.7817%; height: 32px;\"><a href=\"https:\/\/institutmenendezypelayo.cat\/\">Institut Men\u00e9ndez y Pelayo<\/a><\/td>\n<td style=\"width: 73.9822%; height: 32px;\">Xerrada informativa i visita al centre.<\/p>\n<ul>\n<li>Dissabte 15 de mar\u00e7 d&#8217;11.30 a 13.30h<\/li>\n<\/ul>\n<p><a href=\"https:\/\/institutmenendezypelayo.cat\/portes-obertes-2025\/\">+ informaci\u00f3<\/a><\/p>\n<p>No cal reserva, per qualsevol dubte podeu trucar al centre: <strong>93 200 27 55<\/strong><\/td>\n<\/tr>\n<tr style=\"height: 32px;\">\n<td style=\"width: 18.7817%; height: 32px;\"><a href=\"https:\/\/www.institutmontserrat.cat\/?avia_forced_reroute=1\">Institut Montserrat<\/a><\/td>\n<td style=\"width: 73.9822%; height: 32px;\">\n<ul>\n<li>Dissabte 15 de mar\u00e7\n<ul>\n<li>Visita al centre de 9.30 a 14.00h<\/li>\n<li>Xerrada informativa en dos torns: un a les 10.00h i altre a les 12.30h<\/li>\n<\/ul>\n<\/li>\n<\/ul>\n<p>Reserva torn per la xerrada mitjan\u00e7ant <a href=\"https:\/\/www.institutmontserrat.cat\/sessions-informatives-2025-eso\/\">formulari d&#8217;inscripci\u00f3 <\/a>o trucant al centre: <strong>93 200 49 13<\/strong><\/td>\n<\/tr>\n<tr style=\"height: 32px;\">\n<td style=\"width: 18.7817%; height: 32px;\"><a href=\"https:\/\/agora.xtec.cat\/ceevillajoana\/\">Centre d&#8217;Educaci\u00f3 Especial Vil\u00b7la Joana<\/a><\/td>\n<td style=\"width: 73.9822%; height: 32px;\">Proc\u00e9s singular d&#8217;inscripci\u00f3.<\/p>\n<p>Trucar al centre per m\u00e9s informaci\u00f3:\u00a0<strong>93 252 56 02<\/strong><\/td>\n<\/tr>\n<\/tbody>\n<\/table>\n<p>Us informem tamb\u00e9 que la <strong>sessi\u00f3 informativa,<\/strong> que organitza el Consorci d&#8217;Educaci\u00f3, adre\u00e7ada a les fam\u00edlies amb <strong>infants que han d&#8217;iniciar l\u2019escolaritat el curs 2025-2026<\/strong> al districte de<strong> Sarri\u00e0 &#8211; Sant Gervasi, <\/strong>ser\u00e0 el proper<strong> Dijous 20 de febrer a les 16.00h <\/strong>a la <strong><a href=\"https:\/\/maps.app.goo.gl\/F2ojUrLWdci9Ny537\" target=\"_blank\" rel=\"noopener\">Biblioteca Sant Gervasi &#8211; Joan Maragall.<\/a>\u00a0<\/strong>Carrer de Sant Gervasi de Cassoles, 85.<\/p>\n","protected":false},"excerpt":{"rendered":"<p>Informem de les dates i l\u2019horari de les Jornades de Portes Obertes dels centres p\u00fablics del districte de Sarri\u00e0 &#8211; Sant Gervasi.<\/p>\n","protected":false},"author":3,"featured_media":14682,"comment_status":"closed","ping_status":"closed","sticky":false,"template":"","format":"standard","meta":{"_bbp_topic_count":0,"_bbp_reply_count":0,"_bbp_total_topic_count":0,"_bbp_total_reply_count":0,"_bbp_voice_count":0,"_bbp_anonymous_reply_count":0,"_bbp_topic_count_hidden":0,"_bbp_reply_count_hidden":0,"_bbp_forum_subforum_count":0,"site-sidebar-layout":"default","site-content-layout":"","ast-site-content-layout":"","site-content-style":"default","site-sidebar-style":"default","ast-global-header-display":"","ast-banner-title-visibility":"","ast-main-header-display":"","ast-hfb-above-header-display":"","ast-hfb-below-header-display":"","ast-hfb-mobile-header-display":"","site-post-title":"","ast-breadcrumbs-content":"","ast-featured-img":"","footer-sml-layout":"","theme-transparent-header-meta":"","adv-header-id-meta":"","stick-header-meta":"","header-above-stick-meta":"","header-main-stick-meta":"","header-below-stick-meta":"","astra-migrate-meta-layouts":"default","ast-page-background-enabled":"default","ast-page-background-meta":{"desktop":{"background-color":"var(--ast-global-color-4)","background-image":"","background-repeat":"repeat","background-position":"center center","background-size":"auto","background-attachment":"scroll","background-type":"","background-media":"","overlay-type":"","overlay-color":"","overlay-opacity":"","overlay-gradient":""},"tablet":{"background-color":"","background-image":"","background-repeat":"repeat","background-position":"center center","background-size":"auto","background-attachment":"scroll","background-type":"","background-media":"","overlay-type":"","overlay-color":"","overlay-opacity":"","overlay-gradient":""},"mobile":{"background-color":"","background-image":"","background-repeat":"repeat","background-position":"center center","background-size":"auto","background-attachment":"scroll","background-type":"","background-media":"","overlay-type":"","overlay-color":"","overlay-opacity":"","overlay-gradient":""}},"ast-content-background-meta":{"desktop":{"background-color":"var(--ast-global-color-5)","background-image":"","background-repeat":"repeat","background-position":"center center","background-size":"auto","background-attachment":"scroll","background-type":"","background-media":"","overlay-type":"","overlay-color":"","overlay-opacity":"","overlay-gradient":""},"tablet":{"background-color":"var(--ast-global-color-5)","background-image":"","background-repeat":"repeat","background-position":"center center","background-size":"auto","background-attachment":"scroll","background-type":"","background-media":"","overlay-type":"","overlay-color":"","overlay-opacity":"","overlay-gradient":""},"mobile":{"background-color":"var(--ast-global-color-5)","background-image":"","background-repeat":"repeat","background-position":"center center","background-size":"auto","background-attachment":"scroll","background-type":"","background-media":"","overlay-type":"","overlay-color":"","overlay-opacity":"","overlay-gradient":""}},"footnotes":""},"categories":[64,29,474],"tags":[],"class_list":["post-14680","post","type-post","status-publish","format-standard","has-post-thumbnail","hentry","category-comunitat","category-portada","category-xarxa0-18"],"post_mailing_queue_ids":[],"_links":{"self":[{"href":"https:\/\/serveiseducatius.xtec.cat\/sarria-santgervasi\/wp-json\/wp\/v2\/posts\/14680","targetHints":{"allow":["GET"]}}],"collection":[{"href":"https:\/\/serveiseducatius.xtec.cat\/sarria-santgervasi\/wp-json\/wp\/v2\/posts"}],"about":[{"href":"https:\/\/serveiseducatius.xtec.cat\/sarria-santgervasi\/wp-json\/wp\/v2\/types\/post"}],"author":[{"embeddable":true,"href":"https:\/\/serveiseducatius.xtec.cat\/sarria-santgervasi\/wp-json\/wp\/v2\/users\/3"}],"replies":[{"embeddable":true,"href":"https:\/\/serveiseducatius.xtec.cat\/sarria-santgervasi\/wp-json\/wp\/v2\/comments?post=14680"}],"version-history":[{"count":6,"href":"https:\/\/serveiseducatius.xtec.cat\/sarria-santgervasi\/wp-json\/wp\/v2\/posts\/14680\/revisions"}],"predecessor-version":[{"id":14712,"href":"https:\/\/serveiseducatius.xtec.cat\/sarria-santgervasi\/wp-json\/wp\/v2\/posts\/14680\/revisions\/14712"}],"wp:featuredmedia":[{"embeddable":true,"href":"https:\/\/serveiseducatius.xtec.cat\/sarria-santgervasi\/wp-json\/wp\/v2\/media\/14682"}],"wp:attachment":[{"href":"https:\/\/serveiseducatius.xtec.cat\/sarria-santgervasi\/wp-json\/wp\/v2\/media?parent=14680"}],"wp:term":[{"taxonomy":"category","embeddable":true,"href":"https:\/\/serveiseducatius.xtec.cat\/sarria-santgervasi\/wp-json\/wp\/v2\/categories?post=14680"},{"taxonomy":"post_tag","embeddable":true,"href":"https:\/\/serveiseducatius.xtec.cat\/sarria-santgervasi\/wp-json\/wp\/v2\/tags?post=14680"}],"curies":[{"name":"wp","href":"https:\/\/api.w.org\/{rel}","templated":true}]}}