{"id":14632,"date":"2024-11-06T11:44:38","date_gmt":"2024-11-06T10:44:38","guid":{"rendered":"https:\/\/serveiseducatius.xtec.cat\/sarria-santgervasi\/?p=14632"},"modified":"2025-01-15T09:47:00","modified_gmt":"2025-01-15T08:47:00","slug":"recursos-per-a-treballar-la-dana-depressio-aillada-en-nivells-alts-als-centres-educatius","status":"publish","type":"post","link":"https:\/\/serveiseducatius.xtec.cat\/sarria-santgervasi\/portada\/recursos-per-a-treballar-la-dana-depressio-aillada-en-nivells-alts-als-centres-educatius\/","title":{"rendered":"Recursos per a treballar la DANA (Depressi\u00f3 A\u00efllada en Nivells Alts) als centres educatius"},"content":{"rendered":"<p><a href=\"https:\/\/serveiseducatius.xtec.cat\/sarria-santgervasi\/wp-content\/uploads\/usu1168\/2024\/11\/dana-cesire.png\"><img loading=\"lazy\" decoding=\"async\" class=\"aligncenter size-full wp-image-14636\" src=\"https:\/\/serveiseducatius.xtec.cat\/sarria-santgervasi\/wp-content\/uploads\/usu1168\/2024\/11\/dana-cesire.png\" alt=\"\" width=\"945\" height=\"315\" srcset=\"https:\/\/serveiseducatius.xtec.cat\/sarria-santgervasi\/wp-content\/uploads\/usu1168\/2024\/11\/dana-cesire.png 945w, https:\/\/serveiseducatius.xtec.cat\/sarria-santgervasi\/wp-content\/uploads\/usu1168\/2024\/11\/dana-cesire-300x100.png 300w, https:\/\/serveiseducatius.xtec.cat\/sarria-santgervasi\/wp-content\/uploads\/usu1168\/2024\/11\/dana-cesire-768x256.png 768w\" sizes=\"auto, (max-width: 945px) 100vw, 945px\" \/><\/a><\/p>\n<p>&nbsp;<\/p>\n<p><a href=\"https:\/\/serveiseducatius.xtec.cat\/sarria-santgervasi\/wp-content\/uploads\/usu1168\/2024\/11\/La-dana.png\"><img loading=\"lazy\" decoding=\"async\" class=\"size-full wp-image-14633 alignleft\" src=\"https:\/\/serveiseducatius.xtec.cat\/sarria-santgervasi\/wp-content\/uploads\/usu1168\/2024\/11\/La-dana.png\" alt=\"\" width=\"468\" height=\"272\" srcset=\"https:\/\/serveiseducatius.xtec.cat\/sarria-santgervasi\/wp-content\/uploads\/usu1168\/2024\/11\/La-dana.png 468w, https:\/\/serveiseducatius.xtec.cat\/sarria-santgervasi\/wp-content\/uploads\/usu1168\/2024\/11\/La-dana-300x174.png 300w\" sizes=\"auto, (max-width: 468px) 100vw, 468px\" \/><\/a>Els \u00faltims dies hem estat pendents del temps i tamb\u00e9 de les imatges que ens arribaven del Pa\u00eds Valenci\u00e0. Treballar la DANA (Depressi\u00f3 A\u00efllada en Nivells Alts) amb estudiants d\u2019educaci\u00f3 b\u00e0sica \u00e9s important per poder donar resposta i explicar com s\u2019ha produ\u00eft aquest fenomen i treballar com \u00e9s que l\u2019aigua ha fet tant de mal a una zona tant propera a casa nostra.<\/p>\n<p>Des del<strong> CESIRE<\/strong> i des de la secci\u00f3 d&#8217;Infantil, prim\u00e0ria, secund\u00e0ria, fp i formaci\u00f3 al llarg de la vida del <strong>IDP\u00a0<\/strong>de la<strong>\u00a0Universitat de Barcelona<\/strong>\u00a0hem creat un recull de recursos per facilitar el treball en temes \u00a0relacionats amb la\u00a0<strong>DANA<\/strong>\u00a0(Depressi\u00f3 A\u00efllada en Nivells Alts). Aquest recull inclou materials, guies i altres eines \u00fatils que esperem que siguin del vostre inter\u00e8s per treballar a l\u2019aula.<\/p>\n<p>Podeu accedir als recursos del CESIRE: <a href=\"https:\/\/serveiseducatius.xtec.cat\/cesire\/la-dana-del-pais-valencia\/\">https:\/\/serveiseducatius.xtec.cat\/cesire\/la-dana-del-pais-valencia\/<\/a><\/p>\n<p><a href=\"http:\/\/chrome-extension:\/\/efaidnbmnnnibpcajpcglclefindmkaj\/https:\/\/www.edubcn.cat\/comunicats_centres\/20241106_Recursos_CESIRE_DANA.pdf\">chrome-extension:\/\/efaidnbmnnnibpcajpcglclefindmkaj\/https:\/\/www.edubcn.cat\/comunicats_centres\/20241106_Recursos_CESIRE_DANA.pdf<\/a><\/p>\n<p>Podeu accedir al recull al blog del IDP: <strong><u><a href=\"https:\/\/www.ub.edu\/idp-educacio\/2024\/11\/05\/recursos-per-treballar-la-dana-als-centres-educatius\/\" data-saferedirecturl=\"https:\/\/www.google.com\/url?q=https:\/\/www.ub.edu\/idp-educacio\/2024\/11\/05\/recursos-per-treballar-la-dana-als-centres-educatius\/&amp;source=gmail&amp;ust=1730974012281000&amp;usg=AOvVaw1o4uBpVTgQysVMKQgKMpB9\">https:\/\/www.ub.edu\/idp-educacio\/2024\/11\/05\/recursos-per-treballar-la-dana-als-centres-educatius\/<\/a><\/u><\/strong><\/p>\n","protected":false},"excerpt":{"rendered":"<p>&nbsp; Els \u00faltims dies hem estat pendents del temps i tamb\u00e9 de les imatges que ens arribaven del Pa\u00eds Valenci\u00e0. Treballar la DANA (Depressi\u00f3 A\u00efllada en Nivells Alts) amb estudiants d\u2019educaci\u00f3 b\u00e0sica \u00e9s important per poder donar resposta i explicar com s\u2019ha produ\u00eft aquest fenomen i treballar com \u00e9s que l\u2019aigua ha fet tant de [&hellip;]<\/p>\n","protected":false},"author":3,"featured_media":14636,"comment_status":"closed","ping_status":"closed","sticky":false,"template":"","format":"standard","meta":{"_bbp_topic_count":0,"_bbp_reply_count":0,"_bbp_total_topic_count":0,"_bbp_total_reply_count":0,"_bbp_voice_count":0,"_bbp_anonymous_reply_count":0,"_bbp_topic_count_hidden":0,"_bbp_reply_count_hidden":0,"_bbp_forum_subforum_count":0,"site-sidebar-layout":"default","site-content-layout":"","ast-site-content-layout":"","site-content-style":"default","site-sidebar-style":"default","ast-global-header-display":"","ast-banner-title-visibility":"","ast-main-header-display":"","ast-hfb-above-header-display":"","ast-hfb-below-header-display":"","ast-hfb-mobile-header-display":"","site-post-title":"","ast-breadcrumbs-content":"","ast-featured-img":"","footer-sml-layout":"","theme-transparent-header-meta":"","adv-header-id-meta":"","stick-header-meta":"","header-above-stick-meta":"","header-main-stick-meta":"","header-below-stick-meta":"","astra-migrate-meta-layouts":"default","ast-page-background-enabled":"default","ast-page-background-meta":{"desktop":{"background-color":"var(--ast-global-color-4)","background-image":"","background-repeat":"repeat","background-position":"center center","background-size":"auto","background-attachment":"scroll","background-type":"","background-media":"","overlay-type":"","overlay-color":"","overlay-opacity":"","overlay-gradient":""},"tablet":{"background-color":"","background-image":"","background-repeat":"repeat","background-position":"center center","background-size":"auto","background-attachment":"scroll","background-type":"","background-media":"","overlay-type":"","overlay-color":"","overlay-opacity":"","overlay-gradient":""},"mobile":{"background-color":"","background-image":"","background-repeat":"repeat","background-position":"center center","background-size":"auto","background-attachment":"scroll","background-type":"","background-media":"","overlay-type":"","overlay-color":"","overlay-opacity":"","overlay-gradient":""}},"ast-content-background-meta":{"desktop":{"background-color":"var(--ast-global-color-5)","background-image":"","background-repeat":"repeat","background-position":"center center","background-size":"auto","background-attachment":"scroll","background-type":"","background-media":"","overlay-type":"","overlay-color":"","overlay-opacity":"","overlay-gradient":""},"tablet":{"background-color":"var(--ast-global-color-5)","background-image":"","background-repeat":"repeat","background-position":"center center","background-size":"auto","background-attachment":"scroll","background-type":"","background-media":"","overlay-type":"","overlay-color":"","overlay-opacity":"","overlay-gradient":""},"mobile":{"background-color":"var(--ast-global-color-5)","background-image":"","background-repeat":"repeat","background-position":"center center","background-size":"auto","background-attachment":"scroll","background-type":"","background-media":"","overlay-type":"","overlay-color":"","overlay-opacity":"","overlay-gradient":""}},"footnotes":""},"categories":[29],"tags":[],"class_list":["post-14632","post","type-post","status-publish","format-standard","has-post-thumbnail","hentry","category-portada"],"post_mailing_queue_ids":[],"_links":{"self":[{"href":"https:\/\/serveiseducatius.xtec.cat\/sarria-santgervasi\/wp-json\/wp\/v2\/posts\/14632","targetHints":{"allow":["GET"]}}],"collection":[{"href":"https:\/\/serveiseducatius.xtec.cat\/sarria-santgervasi\/wp-json\/wp\/v2\/posts"}],"about":[{"href":"https:\/\/serveiseducatius.xtec.cat\/sarria-santgervasi\/wp-json\/wp\/v2\/types\/post"}],"author":[{"embeddable":true,"href":"https:\/\/serveiseducatius.xtec.cat\/sarria-santgervasi\/wp-json\/wp\/v2\/users\/3"}],"replies":[{"embeddable":true,"href":"https:\/\/serveiseducatius.xtec.cat\/sarria-santgervasi\/wp-json\/wp\/v2\/comments?post=14632"}],"version-history":[{"count":4,"href":"https:\/\/serveiseducatius.xtec.cat\/sarria-santgervasi\/wp-json\/wp\/v2\/posts\/14632\/revisions"}],"predecessor-version":[{"id":14638,"href":"https:\/\/serveiseducatius.xtec.cat\/sarria-santgervasi\/wp-json\/wp\/v2\/posts\/14632\/revisions\/14638"}],"wp:featuredmedia":[{"embeddable":true,"href":"https:\/\/serveiseducatius.xtec.cat\/sarria-santgervasi\/wp-json\/wp\/v2\/media\/14636"}],"wp:attachment":[{"href":"https:\/\/serveiseducatius.xtec.cat\/sarria-santgervasi\/wp-json\/wp\/v2\/media?parent=14632"}],"wp:term":[{"taxonomy":"category","embeddable":true,"href":"https:\/\/serveiseducatius.xtec.cat\/sarria-santgervasi\/wp-json\/wp\/v2\/categories?post=14632"},{"taxonomy":"post_tag","embeddable":true,"href":"https:\/\/serveiseducatius.xtec.cat\/sarria-santgervasi\/wp-json\/wp\/v2\/tags?post=14632"}],"curies":[{"name":"wp","href":"https:\/\/api.w.org\/{rel}","templated":true}]}}