{"id":14530,"date":"2024-09-25T09:33:54","date_gmt":"2024-09-25T07:33:54","guid":{"rendered":"https:\/\/serveiseducatius.xtec.cat\/sarria-santgervasi\/?p=14530"},"modified":"2024-09-25T09:33:54","modified_gmt":"2024-09-25T07:33:54","slug":"webinar-internacional-sobre-participacio-infantil-imcitizen","status":"publish","type":"post","link":"https:\/\/serveiseducatius.xtec.cat\/sarria-santgervasi\/portada\/webinar-internacional-sobre-participacio-infantil-imcitizen\/","title":{"rendered":"Webinar internacional sobre participaci\u00f3 infantil IMCITIZEN"},"content":{"rendered":"<p style=\"font-weight: 400;\">El webinar internacional sobre Participaci\u00f3 infantil IMCITIZEN, tindr\u00e0 lloc els dies 16, 23 i 30 d&#8217;octubre de les 15 a les 16,30h.<\/p>\n<p style=\"font-weight: 400;\">Les tem\u00e0tiques seran:<\/p>\n<p style=\"font-weight: 400;\">16 d\u2019octubre Drets i participaci\u00f3 de la inf\u00e0ncia: mirades diverses<\/p>\n<p>23 d\u2019octubre Infants proposen propostes per avan\u00e7ar en participaci\u00f3<\/p>\n<p>30 d\u2019octubre de 15 h a 16:30 h &#8211; Intervenci\u00f3 de la Dra. Laura Lundy i espai de xerrada-col\u00b7loqui *<\/p>\n<p>En aquest enlla\u00e7 teniu m\u00e9s informaci\u00f3 i poder fer les inscripcions.<\/p>\n<p><strong><a href=\"https:\/\/www.ub.edu\/imcitizen\/webinar\/\" data-saferedirecturl=\"https:\/\/www.google.com\/url?q=https:\/\/www.ub.edu\/imcitizen\/webinar\/&amp;source=gmail&amp;ust=1726823439885000&amp;usg=AOvVaw0UXYiVeVJ5kkEALkr-21nE\">https:\/\/www.ub.edu\/imcitizen\/webinar\/<\/a><\/strong><\/p>\n<p>&nbsp;<\/p>\n<p>*Laura Lundy \u00e9s advocada i professora de la Queen&#8217;s University de Belfast d\u2019Irlanda del Nord, experta en els drets internacionals dels infants amb un enfocament particular en la implementaci\u00f3 de la Convenci\u00f3 de les Nacions Unides sobre els Drets de l&#8217;Infant en la llei i les pol\u00edtiques, els drets a l&#8217;educaci\u00f3 i el dret dels nens a participar en la presa de decisions i Codirectora del Center for Children&#8217;s Rights, professora de drets dels infants a la Queen&#8217;s University de Belfast i professora de dret al University College Cork d\u2019Irlanda. \u00c9s coeditora en cap de la International Journal of Children&#8217;s Rights.<\/p>\n<p>El seu article de 2007, \u201c&#8217;La veu&#8217; no n&#8217;hi ha prou\u201d \u00e9s un dels articles m\u00e9s citats mai sobre els drets dels infants i el model de participaci\u00f3 dels infants que proposa (basat en quatre conceptes clau: Espai, Veu). , Audi\u00e8ncia i Influ\u00e8ncia) s&#8217;utilitza \u00e0mpliament en l&#8217;estudi i la pr\u00e0ctica. El \u201cmodel Lundy\u201d de participaci\u00f3 infantil \u00e9s fonamental per a l&#8217;Estrat\u00e8gia nacional de participaci\u00f3 infantil irlandesa (2015) i el marc nacional per a la participaci\u00f3 infantil i juvenil i ha estat adoptat per organitzacions internacionals com la Comissi\u00f3 Europea i l&#8217;Organitzaci\u00f3 Mundial de la Salut i ONG globals com World Visi\u00f3 i UNICEF.<\/p>\n","protected":false},"excerpt":{"rendered":"<p>El webinar internacional sobre Participaci\u00f3 infantil IMCITIZEN, tindr\u00e0 lloc els dies 16, 23 i 30 d&#8217;octubre de les 15 a les 16,30h. Les tem\u00e0tiques seran: 16 d\u2019octubre Drets i participaci\u00f3 de la inf\u00e0ncia: mirades diverses 23 d\u2019octubre Infants proposen propostes per avan\u00e7ar en participaci\u00f3 30 d\u2019octubre de 15 h a 16:30 h &#8211; Intervenci\u00f3 de [&hellip;]<\/p>\n","protected":false},"author":3,"featured_media":14531,"comment_status":"closed","ping_status":"closed","sticky":false,"template":"","format":"standard","meta":{"_bbp_topic_count":0,"_bbp_reply_count":0,"_bbp_total_topic_count":0,"_bbp_total_reply_count":0,"_bbp_voice_count":0,"_bbp_anonymous_reply_count":0,"_bbp_topic_count_hidden":0,"_bbp_reply_count_hidden":0,"_bbp_forum_subforum_count":0,"site-sidebar-layout":"default","site-content-layout":"","ast-site-content-layout":"","site-content-style":"default","site-sidebar-style":"default","ast-global-header-display":"","ast-banner-title-visibility":"","ast-main-header-display":"","ast-hfb-above-header-display":"","ast-hfb-below-header-display":"","ast-hfb-mobile-header-display":"","site-post-title":"","ast-breadcrumbs-content":"","ast-featured-img":"","footer-sml-layout":"","theme-transparent-header-meta":"","adv-header-id-meta":"","stick-header-meta":"","header-above-stick-meta":"","header-main-stick-meta":"","header-below-stick-meta":"","astra-migrate-meta-layouts":"default","ast-page-background-enabled":"default","ast-page-background-meta":{"desktop":{"background-color":"var(--ast-global-color-4)","background-image":"","background-repeat":"repeat","background-position":"center center","background-size":"auto","background-attachment":"scroll","background-type":"","background-media":"","overlay-type":"","overlay-color":"","overlay-opacity":"","overlay-gradient":""},"tablet":{"background-color":"","background-image":"","background-repeat":"repeat","background-position":"center center","background-size":"auto","background-attachment":"scroll","background-type":"","background-media":"","overlay-type":"","overlay-color":"","overlay-opacity":"","overlay-gradient":""},"mobile":{"background-color":"","background-image":"","background-repeat":"repeat","background-position":"center center","background-size":"auto","background-attachment":"scroll","background-type":"","background-media":"","overlay-type":"","overlay-color":"","overlay-opacity":"","overlay-gradient":""}},"ast-content-background-meta":{"desktop":{"background-color":"var(--ast-global-color-5)","background-image":"","background-repeat":"repeat","background-position":"center center","background-size":"auto","background-attachment":"scroll","background-type":"","background-media":"","overlay-type":"","overlay-color":"","overlay-opacity":"","overlay-gradient":""},"tablet":{"background-color":"var(--ast-global-color-5)","background-image":"","background-repeat":"repeat","background-position":"center center","background-size":"auto","background-attachment":"scroll","background-type":"","background-media":"","overlay-type":"","overlay-color":"","overlay-opacity":"","overlay-gradient":""},"mobile":{"background-color":"var(--ast-global-color-5)","background-image":"","background-repeat":"repeat","background-position":"center center","background-size":"auto","background-attachment":"scroll","background-type":"","background-media":"","overlay-type":"","overlay-color":"","overlay-opacity":"","overlay-gradient":""}},"footnotes":""},"categories":[29],"tags":[],"class_list":["post-14530","post","type-post","status-publish","format-standard","has-post-thumbnail","hentry","category-portada"],"post_mailing_queue_ids":[],"_links":{"self":[{"href":"https:\/\/serveiseducatius.xtec.cat\/sarria-santgervasi\/wp-json\/wp\/v2\/posts\/14530","targetHints":{"allow":["GET"]}}],"collection":[{"href":"https:\/\/serveiseducatius.xtec.cat\/sarria-santgervasi\/wp-json\/wp\/v2\/posts"}],"about":[{"href":"https:\/\/serveiseducatius.xtec.cat\/sarria-santgervasi\/wp-json\/wp\/v2\/types\/post"}],"author":[{"embeddable":true,"href":"https:\/\/serveiseducatius.xtec.cat\/sarria-santgervasi\/wp-json\/wp\/v2\/users\/3"}],"replies":[{"embeddable":true,"href":"https:\/\/serveiseducatius.xtec.cat\/sarria-santgervasi\/wp-json\/wp\/v2\/comments?post=14530"}],"version-history":[{"count":3,"href":"https:\/\/serveiseducatius.xtec.cat\/sarria-santgervasi\/wp-json\/wp\/v2\/posts\/14530\/revisions"}],"predecessor-version":[{"id":14534,"href":"https:\/\/serveiseducatius.xtec.cat\/sarria-santgervasi\/wp-json\/wp\/v2\/posts\/14530\/revisions\/14534"}],"wp:featuredmedia":[{"embeddable":true,"href":"https:\/\/serveiseducatius.xtec.cat\/sarria-santgervasi\/wp-json\/wp\/v2\/media\/14531"}],"wp:attachment":[{"href":"https:\/\/serveiseducatius.xtec.cat\/sarria-santgervasi\/wp-json\/wp\/v2\/media?parent=14530"}],"wp:term":[{"taxonomy":"category","embeddable":true,"href":"https:\/\/serveiseducatius.xtec.cat\/sarria-santgervasi\/wp-json\/wp\/v2\/categories?post=14530"},{"taxonomy":"post_tag","embeddable":true,"href":"https:\/\/serveiseducatius.xtec.cat\/sarria-santgervasi\/wp-json\/wp\/v2\/tags?post=14530"}],"curies":[{"name":"wp","href":"https:\/\/api.w.org\/{rel}","templated":true}]}}