{"id":13469,"date":"2022-03-08T10:09:32","date_gmt":"2022-03-08T09:09:32","guid":{"rendered":"https:\/\/serveiseducatius.xtec.cat\/sarria-santgervasi\/?p=13469"},"modified":"2022-03-08T10:09:32","modified_gmt":"2022-03-08T09:09:32","slug":"recursos-capital-mundial-de-lalimentacio-sostenible-2021","status":"publish","type":"post","link":"https:\/\/serveiseducatius.xtec.cat\/sarria-santgervasi\/portada\/recursos-capital-mundial-de-lalimentacio-sostenible-2021\/","title":{"rendered":"Recursos Capital Mundial de l&#8217;Alimentaci\u00f3 Sostenible 2021"},"content":{"rendered":"<div><a href=\"https:\/\/serveiseducatius.xtec.cat\/sarria-santgervasi\/wp-content\/uploads\/usu1168\/2022\/03\/Blue-Hello-December-Abstract-Watercolor-Instagram-Post-12.png\"><img loading=\"lazy\" decoding=\"async\" class=\"wp-image-13470 alignleft\" src=\"https:\/\/serveiseducatius.xtec.cat\/sarria-santgervasi\/wp-content\/uploads\/usu1168\/2022\/03\/Blue-Hello-December-Abstract-Watercolor-Instagram-Post-12.png\" alt=\"\" width=\"392\" height=\"392\" srcset=\"https:\/\/serveiseducatius.xtec.cat\/sarria-santgervasi\/wp-content\/uploads\/usu1168\/2022\/03\/Blue-Hello-December-Abstract-Watercolor-Instagram-Post-12.png 1080w, https:\/\/serveiseducatius.xtec.cat\/sarria-santgervasi\/wp-content\/uploads\/usu1168\/2022\/03\/Blue-Hello-December-Abstract-Watercolor-Instagram-Post-12-300x300.png 300w, https:\/\/serveiseducatius.xtec.cat\/sarria-santgervasi\/wp-content\/uploads\/usu1168\/2022\/03\/Blue-Hello-December-Abstract-Watercolor-Instagram-Post-12-1024x1024.png 1024w, https:\/\/serveiseducatius.xtec.cat\/sarria-santgervasi\/wp-content\/uploads\/usu1168\/2022\/03\/Blue-Hello-December-Abstract-Watercolor-Instagram-Post-12-150x150.png 150w, https:\/\/serveiseducatius.xtec.cat\/sarria-santgervasi\/wp-content\/uploads\/usu1168\/2022\/03\/Blue-Hello-December-Abstract-Watercolor-Instagram-Post-12-768x768.png 768w\" sizes=\"auto, (max-width: 392px) 100vw, 392px\" \/><\/a><\/div>\n<div><\/div>\n<div><\/div>\n<div><\/div>\n<div><\/div>\n<div>El Consorci d&#8217;Educaci\u00f3 de Barcelona ens ha fet arribar una\u00a0<a title=\"https:\/\/www.edubcn.cat\/comunicats_centres\/20220307_Nota_recursos_alimentacio_sostenible.pdf\" href=\"https:\/\/www.edubcn.cat\/comunicats_centres\/20220307_Nota_recursos_alimentacio_sostenible.pdf\" target=\"_blank\" rel=\"noopener\" data-saferedirecturl=\"https:\/\/www.google.com\/url?q=https:\/\/www.edubcn.cat\/comunicats_centres\/20220307_Nota_recursos_alimentacio_sostenible.pdf&amp;source=gmail&amp;ust=1646793596774000&amp;usg=AOvVaw1oq3eKR4ZEZVFXZo6dD2RK\">Nota<\/a>\u00a0en qu\u00e8 us recorda\u00a0que teniu disponible els recursos que es van crear amb motiu de la Capital Mundial de l&#8217;Alimentaci\u00f3 Sostenible 2021 (CMAS21).\u00a0Aquests recursos us permetran realitzar un itinerari per anar introduint l\u2019alimentaci\u00f3 sostenible en el projecte de centre:<\/div>\n<div><\/div>\n<div>\u2022\u00a0<a title=\"https:\/\/www.edubcn.cat\/ca\/centres_serveis_educatius\/alimentacio_sostenible\/activitats#:~:text=Maletes%20pedag%C3%B2giques%20%22Tothom%20a%20taula%22\" href=\"https:\/\/www.edubcn.cat\/ca\/centres_serveis_educatius\/alimentacio_sostenible\/activitats#:~:text=Maletes%20pedag%C3%B2giques%20%22Tothom%20a%20taula%22\" target=\"_blank\" rel=\"noopener\" data-saferedirecturl=\"https:\/\/www.google.com\/url?q=https:\/\/www.edubcn.cat\/ca\/centres_serveis_educatius\/alimentacio_sostenible\/activitats%23:~:text%3DMaletes%2520pedag%25C3%25B2giques%2520%2522Tothom%2520a%2520taula%2522&amp;source=gmail&amp;ust=1646793596774000&amp;usg=AOvVaw3OKC3Oym4710CJZLoO8K6C\">Tothom a taula!\u00a0<\/a>Maleta liter\u00e0ria per educaci\u00f3 infantil i prim\u00e0ria<\/div>\n<div><\/div>\n<div>\u2022\u00a0<a title=\"https:\/\/www.edubcn.cat\/ca\/centres_serveis_educatius\/alimentacio_sostenible\/activitats#:~:text=Maleta%20pedag%C3%B2gica%20%22Alimenta%27t%20amb%20seny%22\" href=\"https:\/\/www.edubcn.cat\/ca\/centres_serveis_educatius\/alimentacio_sostenible\/activitats#:~:text=Maleta%20pedag%C3%B2gica%20%22Alimenta%27t%20amb%20seny%22\" target=\"_blank\" rel=\"noopener\" data-saferedirecturl=\"https:\/\/www.google.com\/url?q=https:\/\/www.edubcn.cat\/ca\/centres_serveis_educatius\/alimentacio_sostenible\/activitats%23:~:text%3DMaleta%2520pedag%25C3%25B2gica%2520%2522Alimenta%2527t%2520amb%2520seny%2522&amp;source=gmail&amp;ust=1646793596774000&amp;usg=AOvVaw1saZbT_KfRObYWR81YndVQ\">Maleta de l\u2019Alimentaci\u00f3 Sostenible<\/a>\u00a0del Servei de Documentaci\u00f3 d\u2019Educaci\u00f3 Ambiental<\/div>\n<div><\/div>\n<div>\u2022<a title=\"https:\/\/www.edubcn.cat\/ca\/centres_serveis_educatius\/alimentacio_sostenible\/activitats#:~:text=Activitats%20als%20museus\" href=\"https:\/\/www.edubcn.cat\/ca\/centres_serveis_educatius\/alimentacio_sostenible\/activitats#:~:text=Activitats%20als%20museus\" target=\"_blank\" rel=\"noopener\" data-saferedirecturl=\"https:\/\/www.google.com\/url?q=https:\/\/www.edubcn.cat\/ca\/centres_serveis_educatius\/alimentacio_sostenible\/activitats%23:~:text%3DActivitats%2520als%2520museus&amp;source=gmail&amp;ust=1646793596775000&amp;usg=AOvVaw0XCVNlRia71BySoWAqki-8\">\u00a0Activitats als museus<\/a><\/div>\n<div><\/div>\n<div>\u2022 Activitats proposades pels Mercats Municipals de Barcelona: \u201c<a title=\"https:\/\/www.menjodemercat.cat\/?q=programa\" href=\"https:\/\/www.menjodemercat.cat\/?q=programa\" target=\"_blank\" rel=\"noopener\" data-saferedirecturl=\"https:\/\/www.google.com\/url?q=https:\/\/www.menjodemercat.cat\/?q%3Dprograma&amp;source=gmail&amp;ust=1646793596775000&amp;usg=AOvVaw2M3brwhrx5bA7W9Qehwgqf\">Menja sa, menja de mercat<\/a>\u201d<\/div>\n<div><\/div>\n<div>\u2022 Cat\u00e0leg (i guia) de p\u00f2sters creats pels centres a trav\u00e9s de la iniciativa \u201c<a title=\"https:\/\/www.edubcn.cat\/rcs_gene\/extra\/04_alimentacio_sostenible\/activitats_educatives\/20211210_Cataleg.pdf\" href=\"https:\/\/www.edubcn.cat\/rcs_gene\/extra\/04_alimentacio_sostenible\/activitats_educatives\/20211210_Cataleg.pdf\" target=\"_blank\" rel=\"noopener\" data-saferedirecturl=\"https:\/\/www.google.com\/url?q=https:\/\/www.edubcn.cat\/rcs_gene\/extra\/04_alimentacio_sostenible\/activitats_educatives\/20211210_Cataleg.pdf&amp;source=gmail&amp;ust=1646793596775000&amp;usg=AOvVaw08x0k3bjJ5KzhYuq-gNaoX\">Ara, aqu\u00ed les escoles<\/a>\u201d<\/div>\n<div><\/div>\n<div>\u2022 Tamb\u00e9 podreu continuar i\/o sumar-vos properament als programes d\u2019<a title=\"https:\/\/www.barcelona.cat\/barcelonasostenible\/ca\/escoles-sostenibles\/tags\/page\/alimentat-amb-seny\" href=\"https:\/\/www.barcelona.cat\/barcelonasostenible\/ca\/escoles-sostenibles\/tags\/page\/alimentat-amb-seny\" target=\"_blank\" rel=\"noopener\" data-saferedirecturl=\"https:\/\/www.google.com\/url?q=https:\/\/www.barcelona.cat\/barcelonasostenible\/ca\/escoles-sostenibles\/tags\/page\/alimentat-amb-seny&amp;source=gmail&amp;ust=1646793596775000&amp;usg=AOvVaw0-_CA2Nx4-PTVUWF1rc7LP\">E+S<\/a>\u00a0i de l\u2019ASPB inclosos a la CUP.<\/div>\n<div><\/div>\n<div>\u2022 Finalment, us animem a visitar l\u2019exposici\u00f3 recentment inaugurada\u00a0<a title=\"https:\/\/menjaactuaimpacta.org\/?utm_source=mailpoet&amp;utm_medium=email&amp;utm_campaign=exposicio-menja-actua-impacta-portes-obertes-mestres_2\" href=\"https:\/\/menjaactuaimpacta.org\/?utm_source=mailpoet&amp;utm_medium=email&amp;utm_campaign=exposicio-menja-actua-impacta-portes-obertes-mestres_2\" target=\"_blank\" rel=\"noopener\" data-saferedirecturl=\"https:\/\/www.google.com\/url?q=https:\/\/menjaactuaimpacta.org\/?utm_source%3Dmailpoet%26utm_medium%3Demail%26utm_campaign%3Dexposicio-menja-actua-impacta-portes-obertes-mestres_2&amp;source=gmail&amp;ust=1646793596775000&amp;usg=AOvVaw2E1wehRXeVMupFGbTnvgPO\">Menja, Actua , Impacta<\/a>. Considerem que aquesta exposici\u00f3 (ubicada a El Prat de Llobregat) \u00e9s un punt central de l\u2019itinerari, en treballar l\u2019alimentaci\u00f3 sostenible mitjan\u00e7ant cinc reptes claus al voltant de l\u2019alimentaci\u00f3 sostenible que aborden de manera integral la tem\u00e0tica, des del punt de vista de la salut, de la sostenibilitat i del desenvolupament econ\u00f2mic del territori.<\/div>\n<div><\/div>\n<div>Podeu triar treballar-ho en global o focalitzant-vos en un dels reptes. Per aix\u00f2 els centres interessats (escoles, instituts, instituts-escola, CFA i CEE) a participar en aquesta iniciativa durant el present curs, poden sol\u00b7licitar fins el 17 de mar\u00e7 de 2022, mitjan\u00e7ant aquest\u00a0<a title=\"https:\/\/forms.gle\/sEkwpiMpWBSo5pp96\" href=\"https:\/\/forms.gle\/sEkwpiMpWBSo5pp96\" target=\"_blank\" rel=\"noopener\" data-saferedirecturl=\"https:\/\/www.google.com\/url?q=https:\/\/forms.gle\/sEkwpiMpWBSo5pp96&amp;source=gmail&amp;ust=1646793596775000&amp;usg=AOvVaw3OSU4oN3IVDsQHa-y3Hkq0\">formulari<\/a>\u00a0una dotaci\u00f3 econ\u00f2mica a rebre al compte de l\u2019escola per pal\u00b7liar les despeses del cost de la visita i\/o visita taller de fins 2 grups-classe. Al mes de juny, si s\u2019escau, es preveu la possibilitat d\u2019ampliar aquest suport econ\u00f2mic per la realitzaci\u00f3 d\u2019aquestes activitats durant el primer trimestre del proper curs.<\/div>\n<div><\/div>\n<div>Esperant que sigui del vostre inter\u00e8s, us animem a seguir sent part activa de la necess\u00e0ria transformaci\u00f3 cap a un model alimentari m\u00e9s sa, just i sostenible.<\/div>\n","protected":false},"excerpt":{"rendered":"<p>El Consorci d&#8217;Educaci\u00f3 de Barcelona<\/p>\n","protected":false},"author":1,"featured_media":13470,"comment_status":"open","ping_status":"closed","sticky":false,"template":"","format":"standard","meta":{"_bbp_topic_count":0,"_bbp_reply_count":0,"_bbp_total_topic_count":0,"_bbp_total_reply_count":0,"_bbp_voice_count":0,"_bbp_anonymous_reply_count":0,"_bbp_topic_count_hidden":0,"_bbp_reply_count_hidden":0,"_bbp_forum_subforum_count":0,"site-sidebar-layout":"default","site-content-layout":"","ast-site-content-layout":"","site-content-style":"default","site-sidebar-style":"default","ast-global-header-display":"","ast-banner-title-visibility":"","ast-main-header-display":"","ast-hfb-above-header-display":"","ast-hfb-below-header-display":"","ast-hfb-mobile-header-display":"","site-post-title":"","ast-breadcrumbs-content":"","ast-featured-img":"","footer-sml-layout":"","theme-transparent-header-meta":"","adv-header-id-meta":"","stick-header-meta":"","header-above-stick-meta":"","header-main-stick-meta":"","header-below-stick-meta":"","astra-migrate-meta-layouts":"default","ast-page-background-enabled":"default","ast-page-background-meta":{"desktop":{"background-color":"var(--ast-global-color-4)","background-image":"","background-repeat":"repeat","background-position":"center center","background-size":"auto","background-attachment":"scroll","background-type":"","background-media":"","overlay-type":"","overlay-color":"","overlay-opacity":"","overlay-gradient":""},"tablet":{"background-color":"","background-image":"","background-repeat":"repeat","background-position":"center center","background-size":"auto","background-attachment":"scroll","background-type":"","background-media":"","overlay-type":"","overlay-color":"","overlay-opacity":"","overlay-gradient":""},"mobile":{"background-color":"","background-image":"","background-repeat":"repeat","background-position":"center center","background-size":"auto","background-attachment":"scroll","background-type":"","background-media":"","overlay-type":"","overlay-color":"","overlay-opacity":"","overlay-gradient":""}},"ast-content-background-meta":{"desktop":{"background-color":"var(--ast-global-color-5)","background-image":"","background-repeat":"repeat","background-position":"center center","background-size":"auto","background-attachment":"scroll","background-type":"","background-media":"","overlay-type":"","overlay-color":"","overlay-opacity":"","overlay-gradient":""},"tablet":{"background-color":"var(--ast-global-color-5)","background-image":"","background-repeat":"repeat","background-position":"center center","background-size":"auto","background-attachment":"scroll","background-type":"","background-media":"","overlay-type":"","overlay-color":"","overlay-opacity":"","overlay-gradient":""},"mobile":{"background-color":"var(--ast-global-color-5)","background-image":"","background-repeat":"repeat","background-position":"center center","background-size":"auto","background-attachment":"scroll","background-type":"","background-media":"","overlay-type":"","overlay-color":"","overlay-opacity":"","overlay-gradient":""}},"footnotes":""},"categories":[29],"tags":[],"class_list":["post-13469","post","type-post","status-publish","format-standard","has-post-thumbnail","hentry","category-portada"],"post_mailing_queue_ids":[],"_links":{"self":[{"href":"https:\/\/serveiseducatius.xtec.cat\/sarria-santgervasi\/wp-json\/wp\/v2\/posts\/13469","targetHints":{"allow":["GET"]}}],"collection":[{"href":"https:\/\/serveiseducatius.xtec.cat\/sarria-santgervasi\/wp-json\/wp\/v2\/posts"}],"about":[{"href":"https:\/\/serveiseducatius.xtec.cat\/sarria-santgervasi\/wp-json\/wp\/v2\/types\/post"}],"author":[{"embeddable":true,"href":"https:\/\/serveiseducatius.xtec.cat\/sarria-santgervasi\/wp-json\/wp\/v2\/users\/1"}],"replies":[{"embeddable":true,"href":"https:\/\/serveiseducatius.xtec.cat\/sarria-santgervasi\/wp-json\/wp\/v2\/comments?post=13469"}],"version-history":[{"count":1,"href":"https:\/\/serveiseducatius.xtec.cat\/sarria-santgervasi\/wp-json\/wp\/v2\/posts\/13469\/revisions"}],"predecessor-version":[{"id":13471,"href":"https:\/\/serveiseducatius.xtec.cat\/sarria-santgervasi\/wp-json\/wp\/v2\/posts\/13469\/revisions\/13471"}],"wp:featuredmedia":[{"embeddable":true,"href":"https:\/\/serveiseducatius.xtec.cat\/sarria-santgervasi\/wp-json\/wp\/v2\/media\/13470"}],"wp:attachment":[{"href":"https:\/\/serveiseducatius.xtec.cat\/sarria-santgervasi\/wp-json\/wp\/v2\/media?parent=13469"}],"wp:term":[{"taxonomy":"category","embeddable":true,"href":"https:\/\/serveiseducatius.xtec.cat\/sarria-santgervasi\/wp-json\/wp\/v2\/categories?post=13469"},{"taxonomy":"post_tag","embeddable":true,"href":"https:\/\/serveiseducatius.xtec.cat\/sarria-santgervasi\/wp-json\/wp\/v2\/tags?post=13469"}],"curies":[{"name":"wp","href":"https:\/\/api.w.org\/{rel}","templated":true}]}}