{"id":13442,"date":"2022-02-23T10:46:48","date_gmt":"2022-02-23T09:46:48","guid":{"rendered":"https:\/\/serveiseducatius.xtec.cat\/sarria-santgervasi\/?p=13442"},"modified":"2022-02-23T10:46:48","modified_gmt":"2022-02-23T09:46:48","slug":"8m-dia-internacional-de-les-dones","status":"publish","type":"post","link":"https:\/\/serveiseducatius.xtec.cat\/sarria-santgervasi\/portada\/8m-dia-internacional-de-les-dones\/","title":{"rendered":"8M Dia internacional de les Dones"},"content":{"rendered":"<p><strong><a href=\"https:\/\/serveiseducatius.xtec.cat\/sarria-santgervasi\/wp-content\/uploads\/usu1168\/2022\/02\/Dia-de-la-dona1-190x107-2.png\"><img loading=\"lazy\" decoding=\"async\" class=\" wp-image-13446 alignleft\" src=\"https:\/\/serveiseducatius.xtec.cat\/sarria-santgervasi\/wp-content\/uploads\/usu1168\/2022\/02\/Dia-de-la-dona1-190x107-2.png\" alt=\"\" width=\"259\" height=\"146\" \/><\/a><\/strong>Durant tot el mes de mar\u00e7 les entitats i les associacions del districte de Sarri\u00e0 &#8211; Sant Gervasi organitzen prop d&#8217;una cinquantena d&#8217;activitats amb motiu del Dia Internacional de la Dona, sota el lema <strong>&#8216;L&#8217;ecofeminisme \u00e9s la resposta&#8217;.<\/strong><\/p>\n<p>Des de fa m\u00e9s d\u2019un segle, el\u00a0<strong>Dia Internacional de les Dones<\/strong>\u00a0treballadora commemora la lluita de les dones per la seva participaci\u00f3 en tots els \u00e0mbits de la societat,\u00a0<strong>reivindicant la igualtat<\/strong>\u00a0efectiva i\u00a0<strong>denunciant el sexisme<\/strong>\u00a0i la\u00a0<strong>desigualtat de drets<\/strong>\u00a0i\u00a0<strong>oportunitats entre homes i dones.<\/strong><\/p>\n<p>Aquest any el motiu de la commemoraci\u00f3 del Dia Internacional de les Dones, es vol mostrar la interrelaci\u00f3 entre el<strong>\u00a0feminisme i l\u2019ecologisme<\/strong>, que comparteixen la visi\u00f3 de que\u00a0l\u2019actual model econ\u00f2mic de depredaci\u00f3 de recursos \u00e9s ja insostenible pel planeta i pel manteniment d\u2019una vida digna\u00a0per a tothom. \u00c9s per aix\u00f2 que el lema de la celebraci\u00f3 d\u2019enguany \u00e9s\u00a0<strong>\u2018L\u2019ecofeminisme \u00e9s la resposta\u2019.<\/strong><\/p>\n<p><a href=\"https:\/\/ajuntament.barcelona.cat\/sarria-santgervasi\/ca\/noticia\/prop-duna-cinquantena-activitats-a-sarria-sant-gervasi-per-celebrar-el-dia-internacional-de-la-dona_922717\"><em><strong>+ info<\/strong><\/em><\/a><\/p>\n","protected":false},"excerpt":{"rendered":"<p>Durant tot el mes de mar\u00e7 les entitats i les associacions<\/p>\n","protected":false},"author":1,"featured_media":13444,"comment_status":"open","ping_status":"closed","sticky":false,"template":"","format":"standard","meta":{"_bbp_topic_count":0,"_bbp_reply_count":0,"_bbp_total_topic_count":0,"_bbp_total_reply_count":0,"_bbp_voice_count":0,"_bbp_anonymous_reply_count":0,"_bbp_topic_count_hidden":0,"_bbp_reply_count_hidden":0,"_bbp_forum_subforum_count":0,"site-sidebar-layout":"default","site-content-layout":"","ast-site-content-layout":"","site-content-style":"default","site-sidebar-style":"default","ast-global-header-display":"","ast-banner-title-visibility":"","ast-main-header-display":"","ast-hfb-above-header-display":"","ast-hfb-below-header-display":"","ast-hfb-mobile-header-display":"","site-post-title":"","ast-breadcrumbs-content":"","ast-featured-img":"","footer-sml-layout":"","theme-transparent-header-meta":"","adv-header-id-meta":"","stick-header-meta":"","header-above-stick-meta":"","header-main-stick-meta":"","header-below-stick-meta":"","astra-migrate-meta-layouts":"default","ast-page-background-enabled":"default","ast-page-background-meta":{"desktop":{"background-color":"var(--ast-global-color-4)","background-image":"","background-repeat":"repeat","background-position":"center center","background-size":"auto","background-attachment":"scroll","background-type":"","background-media":"","overlay-type":"","overlay-color":"","overlay-opacity":"","overlay-gradient":""},"tablet":{"background-color":"","background-image":"","background-repeat":"repeat","background-position":"center center","background-size":"auto","background-attachment":"scroll","background-type":"","background-media":"","overlay-type":"","overlay-color":"","overlay-opacity":"","overlay-gradient":""},"mobile":{"background-color":"","background-image":"","background-repeat":"repeat","background-position":"center center","background-size":"auto","background-attachment":"scroll","background-type":"","background-media":"","overlay-type":"","overlay-color":"","overlay-opacity":"","overlay-gradient":""}},"ast-content-background-meta":{"desktop":{"background-color":"var(--ast-global-color-5)","background-image":"","background-repeat":"repeat","background-position":"center center","background-size":"auto","background-attachment":"scroll","background-type":"","background-media":"","overlay-type":"","overlay-color":"","overlay-opacity":"","overlay-gradient":""},"tablet":{"background-color":"var(--ast-global-color-5)","background-image":"","background-repeat":"repeat","background-position":"center center","background-size":"auto","background-attachment":"scroll","background-type":"","background-media":"","overlay-type":"","overlay-color":"","overlay-opacity":"","overlay-gradient":""},"mobile":{"background-color":"var(--ast-global-color-5)","background-image":"","background-repeat":"repeat","background-position":"center center","background-size":"auto","background-attachment":"scroll","background-type":"","background-media":"","overlay-type":"","overlay-color":"","overlay-opacity":"","overlay-gradient":""}},"footnotes":""},"categories":[29],"tags":[],"class_list":["post-13442","post","type-post","status-publish","format-standard","has-post-thumbnail","hentry","category-portada"],"post_mailing_queue_ids":[],"_links":{"self":[{"href":"https:\/\/serveiseducatius.xtec.cat\/sarria-santgervasi\/wp-json\/wp\/v2\/posts\/13442","targetHints":{"allow":["GET"]}}],"collection":[{"href":"https:\/\/serveiseducatius.xtec.cat\/sarria-santgervasi\/wp-json\/wp\/v2\/posts"}],"about":[{"href":"https:\/\/serveiseducatius.xtec.cat\/sarria-santgervasi\/wp-json\/wp\/v2\/types\/post"}],"author":[{"embeddable":true,"href":"https:\/\/serveiseducatius.xtec.cat\/sarria-santgervasi\/wp-json\/wp\/v2\/users\/1"}],"replies":[{"embeddable":true,"href":"https:\/\/serveiseducatius.xtec.cat\/sarria-santgervasi\/wp-json\/wp\/v2\/comments?post=13442"}],"version-history":[{"count":1,"href":"https:\/\/serveiseducatius.xtec.cat\/sarria-santgervasi\/wp-json\/wp\/v2\/posts\/13442\/revisions"}],"predecessor-version":[{"id":13447,"href":"https:\/\/serveiseducatius.xtec.cat\/sarria-santgervasi\/wp-json\/wp\/v2\/posts\/13442\/revisions\/13447"}],"wp:featuredmedia":[{"embeddable":true,"href":"https:\/\/serveiseducatius.xtec.cat\/sarria-santgervasi\/wp-json\/wp\/v2\/media\/13444"}],"wp:attachment":[{"href":"https:\/\/serveiseducatius.xtec.cat\/sarria-santgervasi\/wp-json\/wp\/v2\/media?parent=13442"}],"wp:term":[{"taxonomy":"category","embeddable":true,"href":"https:\/\/serveiseducatius.xtec.cat\/sarria-santgervasi\/wp-json\/wp\/v2\/categories?post=13442"},{"taxonomy":"post_tag","embeddable":true,"href":"https:\/\/serveiseducatius.xtec.cat\/sarria-santgervasi\/wp-json\/wp\/v2\/tags?post=13442"}],"curies":[{"name":"wp","href":"https:\/\/api.w.org\/{rel}","templated":true}]}}