{"id":13431,"date":"2022-02-08T17:14:49","date_gmt":"2022-02-08T16:14:49","guid":{"rendered":"https:\/\/serveiseducatius.xtec.cat\/sarria-santgervasi\/?p=13431"},"modified":"2022-02-08T17:14:49","modified_gmt":"2022-02-08T16:14:49","slug":"preinscripcio-escolar-curs-22-23","status":"publish","type":"post","link":"https:\/\/serveiseducatius.xtec.cat\/sarria-santgervasi\/portada\/preinscripcio-escolar-curs-22-23\/","title":{"rendered":"Preinscripci\u00f3 escolar curs 22-23"},"content":{"rendered":"<p>Els centres educatius ja estan preparant les jornades de portes obertes perqu\u00e8 les fam\u00edlies interessades puguin con\u00e8ixer-les de prop i estiguin al corrent de l&#8217;oferta formativa que tenen. Les dates per a realitzar les Preinscripcions varien segons la franja d&#8217;edat.<\/p>\n<ul>\n<li>del 7 al 21 de mar\u00e7 (3-12 anys)<\/li>\n<li>del 9 al 21 de mar\u00e7 (Etapa Secund\u00e0ria)<\/li>\n<\/ul>\n<p>Amb el lema<strong>\u00a0Ens apuntem al futur\u00a0<\/strong>es vol posar en valor tots els projectes en marxa als centres educatius per fer de l\u2019educaci\u00f3 un eix estrat\u00e8gic de ciutat i de pa\u00eds: transformaci\u00f3 educativa, lluita contra la segregaci\u00f3, pla digital, i l\u2019escola inclusiva entre d\u2019altres reptes<\/p>\n<p>Enguany, les sessions informatives que organitza el Consorci d\u2019Educaci\u00f3 tornaran a ser presencials, per\u00f2 amb inscripci\u00f3 pr\u00e8via, i tamb\u00e9 es podran seguir a trav\u00e9s de streaming.\u00a0 En aquest <a href=\"https:\/\/www.edubcn.cat\/ca\/alumnat_i_familia\/informacio_general_matriculacio\/sessions_informatives_per_a_les_families\"><em><strong>enlla\u00e7<\/strong><\/em><\/a> hi trobareu totes les xerrades segons el districte i les franges d&#8217;edat.<\/p>\n<p>La xerrada informativa al <strong>districte de Sarri\u00e0 &#8211; Sant Gervasi<\/strong> est\u00e0 prevista pel dia <strong>17 de febrer<\/strong> a la Biblioteca Sant Gervasi &#8211; Joan Maragall<br \/>\n(Carrer de Sant Gervasi de Cassoles, 85). La xerrada comen\u00e7a a les <strong>17h<\/strong> dirigida a les fam\u00edlies amb alumnat de P3 i a les <strong>18h<\/strong> dirigida a fam\u00edlies amb alumnat d&#8217;ESO.<\/p>\n<p>&nbsp;<\/p>\n","protected":false},"excerpt":{"rendered":"<p>Els centres educatius ja estan preparant<\/p>\n","protected":false},"author":3,"featured_media":13432,"comment_status":"open","ping_status":"closed","sticky":false,"template":"","format":"standard","meta":{"_bbp_topic_count":0,"_bbp_reply_count":0,"_bbp_total_topic_count":0,"_bbp_total_reply_count":0,"_bbp_voice_count":0,"_bbp_anonymous_reply_count":0,"_bbp_topic_count_hidden":0,"_bbp_reply_count_hidden":0,"_bbp_forum_subforum_count":0,"site-sidebar-layout":"default","site-content-layout":"","ast-site-content-layout":"","site-content-style":"default","site-sidebar-style":"default","ast-global-header-display":"","ast-banner-title-visibility":"","ast-main-header-display":"","ast-hfb-above-header-display":"","ast-hfb-below-header-display":"","ast-hfb-mobile-header-display":"","site-post-title":"","ast-breadcrumbs-content":"","ast-featured-img":"","footer-sml-layout":"","theme-transparent-header-meta":"","adv-header-id-meta":"","stick-header-meta":"","header-above-stick-meta":"","header-main-stick-meta":"","header-below-stick-meta":"","astra-migrate-meta-layouts":"default","ast-page-background-enabled":"default","ast-page-background-meta":{"desktop":{"background-color":"var(--ast-global-color-4)","background-image":"","background-repeat":"repeat","background-position":"center center","background-size":"auto","background-attachment":"scroll","background-type":"","background-media":"","overlay-type":"","overlay-color":"","overlay-opacity":"","overlay-gradient":""},"tablet":{"background-color":"","background-image":"","background-repeat":"repeat","background-position":"center center","background-size":"auto","background-attachment":"scroll","background-type":"","background-media":"","overlay-type":"","overlay-color":"","overlay-opacity":"","overlay-gradient":""},"mobile":{"background-color":"","background-image":"","background-repeat":"repeat","background-position":"center center","background-size":"auto","background-attachment":"scroll","background-type":"","background-media":"","overlay-type":"","overlay-color":"","overlay-opacity":"","overlay-gradient":""}},"ast-content-background-meta":{"desktop":{"background-color":"var(--ast-global-color-5)","background-image":"","background-repeat":"repeat","background-position":"center center","background-size":"auto","background-attachment":"scroll","background-type":"","background-media":"","overlay-type":"","overlay-color":"","overlay-opacity":"","overlay-gradient":""},"tablet":{"background-color":"var(--ast-global-color-5)","background-image":"","background-repeat":"repeat","background-position":"center center","background-size":"auto","background-attachment":"scroll","background-type":"","background-media":"","overlay-type":"","overlay-color":"","overlay-opacity":"","overlay-gradient":""},"mobile":{"background-color":"var(--ast-global-color-5)","background-image":"","background-repeat":"repeat","background-position":"center center","background-size":"auto","background-attachment":"scroll","background-type":"","background-media":"","overlay-type":"","overlay-color":"","overlay-opacity":"","overlay-gradient":""}},"footnotes":""},"categories":[29],"tags":[],"class_list":["post-13431","post","type-post","status-publish","format-standard","has-post-thumbnail","hentry","category-portada"],"post_mailing_queue_ids":[],"_links":{"self":[{"href":"https:\/\/serveiseducatius.xtec.cat\/sarria-santgervasi\/wp-json\/wp\/v2\/posts\/13431","targetHints":{"allow":["GET"]}}],"collection":[{"href":"https:\/\/serveiseducatius.xtec.cat\/sarria-santgervasi\/wp-json\/wp\/v2\/posts"}],"about":[{"href":"https:\/\/serveiseducatius.xtec.cat\/sarria-santgervasi\/wp-json\/wp\/v2\/types\/post"}],"author":[{"embeddable":true,"href":"https:\/\/serveiseducatius.xtec.cat\/sarria-santgervasi\/wp-json\/wp\/v2\/users\/3"}],"replies":[{"embeddable":true,"href":"https:\/\/serveiseducatius.xtec.cat\/sarria-santgervasi\/wp-json\/wp\/v2\/comments?post=13431"}],"version-history":[{"count":1,"href":"https:\/\/serveiseducatius.xtec.cat\/sarria-santgervasi\/wp-json\/wp\/v2\/posts\/13431\/revisions"}],"predecessor-version":[{"id":13433,"href":"https:\/\/serveiseducatius.xtec.cat\/sarria-santgervasi\/wp-json\/wp\/v2\/posts\/13431\/revisions\/13433"}],"wp:featuredmedia":[{"embeddable":true,"href":"https:\/\/serveiseducatius.xtec.cat\/sarria-santgervasi\/wp-json\/wp\/v2\/media\/13432"}],"wp:attachment":[{"href":"https:\/\/serveiseducatius.xtec.cat\/sarria-santgervasi\/wp-json\/wp\/v2\/media?parent=13431"}],"wp:term":[{"taxonomy":"category","embeddable":true,"href":"https:\/\/serveiseducatius.xtec.cat\/sarria-santgervasi\/wp-json\/wp\/v2\/categories?post=13431"},{"taxonomy":"post_tag","embeddable":true,"href":"https:\/\/serveiseducatius.xtec.cat\/sarria-santgervasi\/wp-json\/wp\/v2\/tags?post=13431"}],"curies":[{"name":"wp","href":"https:\/\/api.w.org\/{rel}","templated":true}]}}