{"id":13333,"date":"2021-11-19T10:42:23","date_gmt":"2021-11-19T09:42:23","guid":{"rendered":"https:\/\/serveiseducatius.xtec.cat\/sarria-santgervasi\/?p=13333"},"modified":"2021-11-19T10:42:23","modified_gmt":"2021-11-19T09:42:23","slug":"100tifiques-steamem-la-ciencia","status":"publish","type":"post","link":"https:\/\/serveiseducatius.xtec.cat\/sarria-santgervasi\/portada\/100tifiques-steamem-la-ciencia\/","title":{"rendered":"#100t\u00edfiques STEAMem la ci\u00e8ncia"},"content":{"rendered":"<p><a href=\"https:\/\/100tifiques.cat\/\" target=\"_blank\" rel=\"noopener\"><img loading=\"lazy\" decoding=\"async\" class=\" wp-image-6503 alignleft\" src=\"https:\/\/serveiseducatius.xtec.cat\/santmarti\/wp-content\/uploads\/usu785\/2021\/11\/EqU712SXUAAUTvN-300x170.jpg\" alt=\"\" width=\"372\" height=\"211\" \/><\/a><\/p>\n<p>Ja est\u00e0 en marxa\u00a0la campanya de<a href=\"https:\/\/100tifiques.cat\/\" target=\"_blank\" rel=\"noopener\">\u00a0#100t\u00edfiques<\/a>\u00a0que tindr\u00e0 lloc l\u201911 de febrer coincidint amb el\u202fDia Internacional de les Dones i les Nenes en la Ci\u00e8ncia.<\/p>\n<p>Si voleu participar en les xerrades simult\u00e0nies de les\u00a0 #100t\u00edfiques (alumnes de 6\u00e8 de prim\u00e0ria i 1r d\u2019ESO), que enguany es far\u00e0 en format on-line, haureu de fer la\u00a0<strong><a href=\"https:\/\/100tifiques.cat\/les-escoles\/\" target=\"_blank\" rel=\"noopener noreferrer\">inscripci\u00f3<\/a><\/strong>\u00a0abans del 20 de gener.<\/p>\n<p><a href=\"https:\/\/100tifiques.cat\/\" target=\"_blank\" rel=\"noopener noreferrer\"><strong>#100t\u00edfiques<\/strong><\/a>\u00a0\u00e9s una iniciativa de la\u00a0<a href=\"https:\/\/www.fundaciorecerca.cat\/ca\/\" target=\"_blank\" rel=\"noopener noreferrer\"><strong>Fundaci\u00f3 Catalana per a la Recerca i la Innovaci\u00f3<\/strong><\/a>\u00a0(FCRI) i el\u00a0<strong><a href=\"https:\/\/bist.eu\/\" target=\"_blank\" rel=\"noopener noreferrer\">Barcelona Institute of Science and Technology<\/a>\u00a0<\/strong>(BIST), amb la col\u00b7laboraci\u00f3 del\u00a0<a href=\"http:\/\/educacio.gencat.cat\/ca\/inici\" target=\"_blank\" rel=\"noopener noreferrer\"><strong>Departament d\u2019Educaci\u00f3 de la Generalitat de Catalunya<\/strong><\/a>.<\/p>\n<p><a href=\"https:\/\/100tifiques.cat\/\" target=\"_blank\" rel=\"noopener\">+ info<\/a><\/p>\n","protected":false},"excerpt":{"rendered":"<p>Ja est\u00e0 en marxa\u00a0la campanya de\u00a0#100t\u00edfiques\u00a0<\/p>\n","protected":false},"author":3,"featured_media":13334,"comment_status":"open","ping_status":"closed","sticky":false,"template":"","format":"standard","meta":{"_bbp_topic_count":0,"_bbp_reply_count":0,"_bbp_total_topic_count":0,"_bbp_total_reply_count":0,"_bbp_voice_count":0,"_bbp_anonymous_reply_count":0,"_bbp_topic_count_hidden":0,"_bbp_reply_count_hidden":0,"_bbp_forum_subforum_count":0,"site-sidebar-layout":"default","site-content-layout":"","ast-site-content-layout":"","site-content-style":"default","site-sidebar-style":"default","ast-global-header-display":"","ast-banner-title-visibility":"","ast-main-header-display":"","ast-hfb-above-header-display":"","ast-hfb-below-header-display":"","ast-hfb-mobile-header-display":"","site-post-title":"","ast-breadcrumbs-content":"","ast-featured-img":"","footer-sml-layout":"","theme-transparent-header-meta":"","adv-header-id-meta":"","stick-header-meta":"","header-above-stick-meta":"","header-main-stick-meta":"","header-below-stick-meta":"","astra-migrate-meta-layouts":"default","ast-page-background-enabled":"default","ast-page-background-meta":{"desktop":{"background-color":"var(--ast-global-color-4)","background-image":"","background-repeat":"repeat","background-position":"center center","background-size":"auto","background-attachment":"scroll","background-type":"","background-media":"","overlay-type":"","overlay-color":"","overlay-opacity":"","overlay-gradient":""},"tablet":{"background-color":"","background-image":"","background-repeat":"repeat","background-position":"center center","background-size":"auto","background-attachment":"scroll","background-type":"","background-media":"","overlay-type":"","overlay-color":"","overlay-opacity":"","overlay-gradient":""},"mobile":{"background-color":"","background-image":"","background-repeat":"repeat","background-position":"center center","background-size":"auto","background-attachment":"scroll","background-type":"","background-media":"","overlay-type":"","overlay-color":"","overlay-opacity":"","overlay-gradient":""}},"ast-content-background-meta":{"desktop":{"background-color":"var(--ast-global-color-5)","background-image":"","background-repeat":"repeat","background-position":"center center","background-size":"auto","background-attachment":"scroll","background-type":"","background-media":"","overlay-type":"","overlay-color":"","overlay-opacity":"","overlay-gradient":""},"tablet":{"background-color":"var(--ast-global-color-5)","background-image":"","background-repeat":"repeat","background-position":"center center","background-size":"auto","background-attachment":"scroll","background-type":"","background-media":"","overlay-type":"","overlay-color":"","overlay-opacity":"","overlay-gradient":""},"mobile":{"background-color":"var(--ast-global-color-5)","background-image":"","background-repeat":"repeat","background-position":"center center","background-size":"auto","background-attachment":"scroll","background-type":"","background-media":"","overlay-type":"","overlay-color":"","overlay-opacity":"","overlay-gradient":""}},"footnotes":""},"categories":[29],"tags":[],"class_list":["post-13333","post","type-post","status-publish","format-standard","has-post-thumbnail","hentry","category-portada"],"post_mailing_queue_ids":[],"_links":{"self":[{"href":"https:\/\/serveiseducatius.xtec.cat\/sarria-santgervasi\/wp-json\/wp\/v2\/posts\/13333","targetHints":{"allow":["GET"]}}],"collection":[{"href":"https:\/\/serveiseducatius.xtec.cat\/sarria-santgervasi\/wp-json\/wp\/v2\/posts"}],"about":[{"href":"https:\/\/serveiseducatius.xtec.cat\/sarria-santgervasi\/wp-json\/wp\/v2\/types\/post"}],"author":[{"embeddable":true,"href":"https:\/\/serveiseducatius.xtec.cat\/sarria-santgervasi\/wp-json\/wp\/v2\/users\/3"}],"replies":[{"embeddable":true,"href":"https:\/\/serveiseducatius.xtec.cat\/sarria-santgervasi\/wp-json\/wp\/v2\/comments?post=13333"}],"version-history":[{"count":1,"href":"https:\/\/serveiseducatius.xtec.cat\/sarria-santgervasi\/wp-json\/wp\/v2\/posts\/13333\/revisions"}],"predecessor-version":[{"id":13335,"href":"https:\/\/serveiseducatius.xtec.cat\/sarria-santgervasi\/wp-json\/wp\/v2\/posts\/13333\/revisions\/13335"}],"wp:featuredmedia":[{"embeddable":true,"href":"https:\/\/serveiseducatius.xtec.cat\/sarria-santgervasi\/wp-json\/wp\/v2\/media\/13334"}],"wp:attachment":[{"href":"https:\/\/serveiseducatius.xtec.cat\/sarria-santgervasi\/wp-json\/wp\/v2\/media?parent=13333"}],"wp:term":[{"taxonomy":"category","embeddable":true,"href":"https:\/\/serveiseducatius.xtec.cat\/sarria-santgervasi\/wp-json\/wp\/v2\/categories?post=13333"},{"taxonomy":"post_tag","embeddable":true,"href":"https:\/\/serveiseducatius.xtec.cat\/sarria-santgervasi\/wp-json\/wp\/v2\/tags?post=13333"}],"curies":[{"name":"wp","href":"https:\/\/api.w.org\/{rel}","templated":true}]}}