{"id":11530,"date":"2019-10-28T17:08:25","date_gmt":"2019-10-28T16:08:25","guid":{"rendered":"http:\/\/serveiseducatius.xtec.cat\/sarria-santgervasi\/?p=11530"},"modified":"2019-11-26T12:32:43","modified_gmt":"2019-11-26T11:32:43","slug":"7e-congres-de-ciencia","status":"publish","type":"post","link":"https:\/\/serveiseducatius.xtec.cat\/sarria-santgervasi\/portada\/7e-congres-de-ciencia\/","title":{"rendered":"7\u00e8 Congr\u00e9s de ci\u00e8ncia"},"content":{"rendered":"<p><img loading=\"lazy\" decoding=\"async\" class=\"alignleft\" src=\"https:\/\/docs.google.com\/drawings\/d\/e\/2PACX-1vR-mCP4MOgejjuKcyCM-hy6ceMXFU9n_pUlT2xjdPYiY755sZPSPQvlmyYpsf4cxQ7TlmGEIYDaQ1xW\/pub?w=1039&amp;h=744\" width=\"615\" height=\"440\" \/><\/p>\n<p>&nbsp;<\/p>\n<p>&nbsp;<\/p>\n<p>Comen\u00e7a a caminar el 7\u00e8 congr\u00e9s de ci\u00e8ncia amb el t\u00edtol: <strong>Plantem el futur: desenvolupament sostenible. Objectius 2 i 15 dels Objectius Globals de Desenvolupament Sostenible.<\/strong><\/p>\n<p>La UNESCO, com a organisme de les Nacions Unides especialitzat en educaci\u00f3 i com a organisme coordinador amb de l&#8217;agenda 2030 \u00a0de les Nacions Unides per al Desenvolupament Sostenible, fonamenta el desplegament de la seva activitat amb\u00a0 <a href=\"https:\/\/www.globalgoals.org\/\" target=\"_blank\" rel=\"noopener noreferrer\">17 Objectius de Desenvolupament Sostenible<\/a> (ODS).<\/p>\n<p>&nbsp;<\/p>\n<p>&nbsp;<\/p>\n<p>&nbsp;<\/p>\n<p>&nbsp;<\/p>\n<p>L&#8217;organitzaci\u00f3 del 7\u00e8 Congr\u00e9s de Ci\u00e8ncia, ha triat dos d&#8217;aquest objectius com a eix de recerca per als centres participants. Aquest dos objectiu s\u00f3n:<\/p>\n<p><strong>Objectiu 2 FAM ZERO<\/strong><\/p>\n<p><strong>Objectiu 15 VIDA TERRESTRE<\/strong><\/p>\n<p>Centres de Sarri\u00e0 Sant Gervasi participants d&#8217;aquest any s\u00f3n: l&#8217; <strong>Escola Xiprers i l&#8217;Escola Dolors Monserd\u00e0-Santapau<br \/>\n<\/strong><\/p>\n<p>Aviat tindrem tota la informaci\u00f3 de la <strong>VII edici\u00f3<\/strong> actualitzada. Mentre tant podeu accedir al <a href=\"https:\/\/blocs.xtec.cat\/6congresdeciencia\/\">web de l\u2019edici\u00f3 passada.<\/a><\/p>\n<p><strong>Formaci\u00f3 reconeguda<\/strong> de 21 hores. 7 sessions de formaci\u00f3 al llarg del curs. Horari: 17.30-19.30h<\/p>\n<table>\n<tbody>\n<tr>\n<td><strong>Sessi\u00f3<\/strong><\/td>\n<td><strong>Data<\/strong><\/td>\n<td><strong>Tema<\/strong><\/td>\n<td><strong>Lloc<\/strong><\/td>\n<td><strong>Adre\u00e7a<\/strong><\/td>\n<\/tr>\n<tr>\n<td>1<\/td>\n<td>29\/10\/19<\/td>\n<td>Presentaci\u00f3 del 7\u00e8 Congr\u00e9s i confer\u00e8ncia de Eduard Vallory<\/td>\n<td>Escola d\u2019Administraci\u00f3 P\u00fablica de Catalunya<\/td>\n<td>C\/ Girona, 20, Barcelona<\/td>\n<\/tr>\n<tr>\n<td>2<\/td>\n<td>26\/11\/19<\/td>\n<td>Recursos<\/td>\n<td>Biblioteca Montserrat Abell\u00f3<\/td>\n<td>C\/ Comtes de Bell-Lloc, 192, 200, Barcelona<\/td>\n<\/tr>\n<tr>\n<td>3<\/td>\n<td>21\/01\/19<\/td>\n<td>Digna Couso: Metodologia<\/td>\n<td>CRP Sants-Montju\u00efc<\/td>\n<td>C\/ d\u2019Olzinelles, 73, Barcelona<\/td>\n<\/tr>\n<tr>\n<td>4<\/td>\n<td>28\/01\/20<\/td>\n<td>Digna Couso: Metodologia<\/td>\n<td>CRP Sants- Montju\u00efc<\/td>\n<td>C\/ d\u2019Olzinelles, 73, Barcelona<\/td>\n<\/tr>\n<tr>\n<td>5<\/td>\n<td>25\/02\/20<\/td>\n<td>Treball per nivells o tem\u00e0tiques<\/td>\n<td>CRP Sant Andreu<\/td>\n<td>C\/ Sant Adri\u00e0 20, 2a planta<\/td>\n<\/tr>\n<tr>\n<td>6<\/td>\n<td>17\/03\/20<\/td>\n<td>Expressi\u00f3 oral<\/td>\n<td>CRP Sant Andreu<\/td>\n<td>C\/ Sant Adri\u00e0 20, 2a planta<\/td>\n<\/tr>\n<tr>\n<td>7<\/td>\n<td>26\/05\/20<\/td>\n<td>Valoraci\u00f3<\/td>\n<td>CRP Eixample<\/td>\n<td>C\/ Mallorca, 219, Barcelona<\/td>\n<\/tr>\n<\/tbody>\n<\/table>\n","protected":false},"excerpt":{"rendered":"<p><img loading=\"lazy\" decoding=\"async\" class=\"alignleft\" src=\"https:\/\/docs.google.com\/drawings\/d\/e\/2PACX-1vR-mCP4MOgejjuKcyCM-hy6ceMXFU9n_pUlT2xjdPYiY755sZPSPQvlmyYpsf4cxQ7TlmGEIYDaQ1xW\/pub?w=1039&amp;h=744\" width=\"615\" height=\"440\" \/><\/p>\n<p>Comen\u00e7a a caminar el 7\u00e8 congr\u00e9s de ci\u00e8ncia amb el t\u00edtol: <strong>Plantem el futur: desenvolupament sostenible. Objectius 2 i 15 dels Objectius Globals de Desenvolupament Sostenible.<\/strong><\/p>\n","protected":false},"author":4,"featured_media":0,"comment_status":"open","ping_status":"closed","sticky":false,"template":"","format":"standard","meta":{"_bbp_topic_count":0,"_bbp_reply_count":0,"_bbp_total_topic_count":0,"_bbp_total_reply_count":0,"_bbp_voice_count":0,"_bbp_anonymous_reply_count":0,"_bbp_topic_count_hidden":0,"_bbp_reply_count_hidden":0,"_bbp_forum_subforum_count":0,"site-sidebar-layout":"default","site-content-layout":"","ast-site-content-layout":"","site-content-style":"default","site-sidebar-style":"default","ast-global-header-display":"","ast-banner-title-visibility":"","ast-main-header-display":"","ast-hfb-above-header-display":"","ast-hfb-below-header-display":"","ast-hfb-mobile-header-display":"","site-post-title":"","ast-breadcrumbs-content":"","ast-featured-img":"","footer-sml-layout":"","theme-transparent-header-meta":"","adv-header-id-meta":"","stick-header-meta":"","header-above-stick-meta":"","header-main-stick-meta":"","header-below-stick-meta":"","astra-migrate-meta-layouts":"default","ast-page-background-enabled":"default","ast-page-background-meta":{"desktop":{"background-color":"var(--ast-global-color-4)","background-image":"","background-repeat":"repeat","background-position":"center center","background-size":"auto","background-attachment":"scroll","background-type":"","background-media":"","overlay-type":"","overlay-color":"","overlay-opacity":"","overlay-gradient":""},"tablet":{"background-color":"","background-image":"","background-repeat":"repeat","background-position":"center center","background-size":"auto","background-attachment":"scroll","background-type":"","background-media":"","overlay-type":"","overlay-color":"","overlay-opacity":"","overlay-gradient":""},"mobile":{"background-color":"","background-image":"","background-repeat":"repeat","background-position":"center center","background-size":"auto","background-attachment":"scroll","background-type":"","background-media":"","overlay-type":"","overlay-color":"","overlay-opacity":"","overlay-gradient":""}},"ast-content-background-meta":{"desktop":{"background-color":"var(--ast-global-color-5)","background-image":"","background-repeat":"repeat","background-position":"center center","background-size":"auto","background-attachment":"scroll","background-type":"","background-media":"","overlay-type":"","overlay-color":"","overlay-opacity":"","overlay-gradient":""},"tablet":{"background-color":"var(--ast-global-color-5)","background-image":"","background-repeat":"repeat","background-position":"center center","background-size":"auto","background-attachment":"scroll","background-type":"","background-media":"","overlay-type":"","overlay-color":"","overlay-opacity":"","overlay-gradient":""},"mobile":{"background-color":"var(--ast-global-color-5)","background-image":"","background-repeat":"repeat","background-position":"center center","background-size":"auto","background-attachment":"scroll","background-type":"","background-media":"","overlay-type":"","overlay-color":"","overlay-opacity":"","overlay-gradient":""}},"footnotes":""},"categories":[66,29],"tags":[472,463],"class_list":["post-11530","post","type-post","status-publish","format-standard","hentry","category-dinamitzacio","category-portada","tag-congres-de-ciencia","tag-curs-19-20"],"post_mailing_queue_ids":[],"_links":{"self":[{"href":"https:\/\/serveiseducatius.xtec.cat\/sarria-santgervasi\/wp-json\/wp\/v2\/posts\/11530","targetHints":{"allow":["GET"]}}],"collection":[{"href":"https:\/\/serveiseducatius.xtec.cat\/sarria-santgervasi\/wp-json\/wp\/v2\/posts"}],"about":[{"href":"https:\/\/serveiseducatius.xtec.cat\/sarria-santgervasi\/wp-json\/wp\/v2\/types\/post"}],"author":[{"embeddable":true,"href":"https:\/\/serveiseducatius.xtec.cat\/sarria-santgervasi\/wp-json\/wp\/v2\/users\/4"}],"replies":[{"embeddable":true,"href":"https:\/\/serveiseducatius.xtec.cat\/sarria-santgervasi\/wp-json\/wp\/v2\/comments?post=11530"}],"version-history":[{"count":3,"href":"https:\/\/serveiseducatius.xtec.cat\/sarria-santgervasi\/wp-json\/wp\/v2\/posts\/11530\/revisions"}],"predecessor-version":[{"id":11673,"href":"https:\/\/serveiseducatius.xtec.cat\/sarria-santgervasi\/wp-json\/wp\/v2\/posts\/11530\/revisions\/11673"}],"wp:attachment":[{"href":"https:\/\/serveiseducatius.xtec.cat\/sarria-santgervasi\/wp-json\/wp\/v2\/media?parent=11530"}],"wp:term":[{"taxonomy":"category","embeddable":true,"href":"https:\/\/serveiseducatius.xtec.cat\/sarria-santgervasi\/wp-json\/wp\/v2\/categories?post=11530"},{"taxonomy":"post_tag","embeddable":true,"href":"https:\/\/serveiseducatius.xtec.cat\/sarria-santgervasi\/wp-json\/wp\/v2\/tags?post=11530"}],"curies":[{"name":"wp","href":"https:\/\/api.w.org\/{rel}","templated":true}]}}