{"id":8870,"date":"2026-03-24T13:45:00","date_gmt":"2026-03-24T12:45:00","guid":{"rendered":"https:\/\/serveiseducatius.xtec.cat\/sants-montjuic\/?p=8870"},"modified":"2026-03-26T11:58:59","modified_gmt":"2026-03-26T10:58:59","slug":"oberta-la-convocatoria-de-beques-per-a-estudis-no-universitaris-2026-2027","status":"publish","type":"post","link":"https:\/\/serveiseducatius.xtec.cat\/sants-montjuic\/portada\/oberta-la-convocatoria-de-beques-per-a-estudis-no-universitaris-2026-2027\/","title":{"rendered":"Convocat\u00f2ria de beques per a estudis no universitaris 2026-2027"},"content":{"rendered":"\n<p>Ja s\u2019han publicat les dates de sol\u00b7licitud de les <a href=\"https:\/\/tramits.gencat.cat\/ca\/tramits\/tramits-temes\/beques-estudis-no-universitaris?moda=1\">beques per a estudis no universitaris<\/a> del curs 2026-2027. El termini estar\u00e0 obert <strong>del 7 d\u2019abril a les 8 h fins al 18 de maig de 2026 a les 15 h<\/strong>.<\/p>\n\n\n\n<p>Com a novetat destacada, l\u2019alumnat amb domicili familiar a Catalunya haur\u00e0 de tramitar la beca a trav\u00e9s del portal del Departament d\u2019Educaci\u00f3 i Formaci\u00f3 Professional mitjan\u00e7ant el tr\u00e0mit espec\u00edfic de beques no universit\u00e0ries.<\/p>\n\n\n\n<p>\ud83d\udc49 Podeu consultar tota la informaci\u00f3 i iniciar la sol\u00b7licitud aqu\u00ed:<br><a href=\"https:\/\/tramits.gencat.cat\/ca\/tramits\/tramits-temes\/beques-estudis-no-universitaris?moda=1\">https:\/\/tramits.gencat.cat\/ca\/tramits\/tramits-temes\/beques-estudis-no-universitaris?moda=1<\/a><\/p>\n\n\n\n<p>Tamb\u00e9 teniu informaci\u00f3 detallada a:<br><a href=\"https:\/\/web.gencat.cat\/ca\/ciutadania\/serveis\/educacio-formacio\/beques-estudis-no-universitaris\">https:\/\/web.gencat.cat\/ca\/ciutadania\/serveis\/educacio-formacio\/beques-estudis-no-universitaris<\/a><\/p>\n\n\n\n<p>\ud83d\udcf9 V\u00eddeo explicatiu del proc\u00e9s:<br><a href=\"https:\/\/youtu.be\/MsJffRI96eM?si=izntz0fDqTId8bZS\">https:\/\/youtu.be\/MsJffRI96eM?si=izntz0fDqTId8bZS<\/a><\/p>\n\n\n\n<p>Per fer la sol\u00b7licitud ser\u00e0 imprescindible disposar d\u2019una identificaci\u00f3 digital v\u00e0lida, com ara:<\/p>\n\n\n\n<ul class=\"wp-block-list\">\n<li>IdCAT M\u00f2bil<\/li>\n\n\n\n<li>IdCAT Certificat<\/li>\n\n\n\n<li>Cl@ve<\/li>\n\n\n\n<li>DNI electr\u00f2nic<\/li>\n\n\n\n<li>Certificat FNMT<\/li>\n\n\n\n<li>T-CAT<\/li>\n\n\n\n<li>Camerfirma, etc.<\/li>\n<\/ul>\n\n\n\n<p>Es recomana <strong>encoratjar tot l\u2019alumnat a fer la sol\u00b7licitud dins del termini<\/strong>, encara que no tinguin clar qu\u00e8 estudiaran el curs vinent. Les dades es podran modificar posteriorment.<\/p>\n\n\n\n<p>En cas de dificultats durant el proc\u00e9s, les fam\u00edlies poden demanar suport als serveis juvenils del territori:<br><a href=\"https:\/\/ajuntament.barcelona.cat\/jovesbarcelona\/sants-montjuic\/ca\/joves-de-sants-montju%C3%AFc\">https:\/\/ajuntament.barcelona.cat\/jovesbarcelona\/sants-montjuic\/ca\/joves-de-sants-montju%C3%AFc<\/a><\/p>\n\n\n\n<p>Tamb\u00e9 poden adre\u00e7ar-se a l\u2019Oficina d\u2019Acc\u00e9s a la Formaci\u00f3 Professional:<br><a href=\"https:\/\/fp.edubcn.cat\/beques-i-ajuts\">https:\/\/fp.edubcn.cat\/beques-i-ajuts<\/a><\/p>\n\n\n\n<p>o b\u00e9 demanar cita pr\u00e8via a una Oficina d\u2019Atenci\u00f3 Ciutadana (OAC).<\/p>\n\n\n\n<figure class=\"wp-block-embed is-type-video is-provider-youtube wp-block-embed-youtube wp-embed-aspect-16-9 wp-has-aspect-ratio\"><div class=\"wp-block-embed__wrapper\">\n<div class=\"ast-oembed-container \" style=\"height: 100%;\"><iframe loading=\"lazy\" title=\"Beques per a estudis no universitaris\" width=\"500\" height=\"281\" src=\"https:\/\/www.youtube.com\/embed\/MsJffRI96eM?feature=oembed\" frameborder=\"0\" allow=\"accelerometer; autoplay; clipboard-write; encrypted-media; gyroscope; picture-in-picture; web-share\" referrerpolicy=\"strict-origin-when-cross-origin\" allowfullscreen><\/iframe><\/div>\n<\/div><\/figure>\n","protected":false},"excerpt":{"rendered":"<p>S\u2019ha obert el termini per sol\u00b7licitar les beques per a estudis no universitaris del curs 2026-2027, del 7 d\u2019abril al 18 de maig de 2026. Com a novetat, les sol\u00b7licituds es tramitaran a trav\u00e9s del Departament d\u2019Educaci\u00f3 i Formaci\u00f3 Professional si el domicili \u00e9s a Catalunya. Cal disposar d\u2019identificaci\u00f3 digital. Es recomana que tot l\u2019alumnat faci la sol\u00b7licitud encara que no tingui clar el seu futur acad\u00e8mic, ja que es podr\u00e0 modificar m\u00e9s endavant. Les fam\u00edlies poden consultar informaci\u00f3 en l\u00ednia i rebre suport dels serveis juvenils o oficines especialitzades en cas de dificultats.<\/p>\n","protected":false},"author":1,"featured_media":8871,"comment_status":"open","ping_status":"open","sticky":false,"template":"","format":"standard","meta":{"_bbp_topic_count":0,"_bbp_reply_count":0,"_bbp_total_topic_count":0,"_bbp_total_reply_count":0,"_bbp_voice_count":0,"_bbp_anonymous_reply_count":0,"_bbp_topic_count_hidden":0,"_bbp_reply_count_hidden":0,"_bbp_forum_subforum_count":0,"site-sidebar-layout":"default","site-content-layout":"","ast-site-content-layout":"default","site-content-style":"default","site-sidebar-style":"default","ast-global-header-display":"","ast-banner-title-visibility":"","ast-main-header-display":"","ast-hfb-above-header-display":"","ast-hfb-below-header-display":"","ast-hfb-mobile-header-display":"","site-post-title":"","ast-breadcrumbs-content":"","ast-featured-img":"","footer-sml-layout":"","theme-transparent-header-meta":"","adv-header-id-meta":"","stick-header-meta":"","header-above-stick-meta":"","header-main-stick-meta":"","header-below-stick-meta":"","astra-migrate-meta-layouts":"set","ast-page-background-enabled":"default","ast-page-background-meta":{"desktop":{"background-color":"var(--ast-global-color-4)","background-image":"","background-repeat":"repeat","background-position":"center center","background-size":"auto","background-attachment":"scroll","background-type":"","background-media":"","overlay-type":"","overlay-color":"","overlay-opacity":"","overlay-gradient":""},"tablet":{"background-color":"","background-image":"","background-repeat":"repeat","background-position":"center center","background-size":"auto","background-attachment":"scroll","background-type":"","background-media":"","overlay-type":"","overlay-color":"","overlay-opacity":"","overlay-gradient":""},"mobile":{"background-color":"","background-image":"","background-repeat":"repeat","background-position":"center center","background-size":"auto","background-attachment":"scroll","background-type":"","background-media":"","overlay-type":"","overlay-color":"","overlay-opacity":"","overlay-gradient":""}},"ast-content-background-meta":{"desktop":{"background-color":"var(--ast-global-color-5)","background-image":"","background-repeat":"repeat","background-position":"center center","background-size":"auto","background-attachment":"scroll","background-type":"","background-media":"","overlay-type":"","overlay-color":"","overlay-opacity":"","overlay-gradient":""},"tablet":{"background-color":"var(--ast-global-color-5)","background-image":"","background-repeat":"repeat","background-position":"center center","background-size":"auto","background-attachment":"scroll","background-type":"","background-media":"","overlay-type":"","overlay-color":"","overlay-opacity":"","overlay-gradient":""},"mobile":{"background-color":"var(--ast-global-color-5)","background-image":"","background-repeat":"repeat","background-position":"center center","background-size":"auto","background-attachment":"scroll","background-type":"","background-media":"","overlay-type":"","overlay-color":"","overlay-opacity":"","overlay-gradient":""}},"footnotes":""},"categories":[29,524],"tags":[523],"class_list":["post-8870","post","type-post","status-publish","format-standard","has-post-thumbnail","hentry","category-portada","category-servei-dorientacio","tag-beques"],"post_mailing_queue_ids":[],"_links":{"self":[{"href":"https:\/\/serveiseducatius.xtec.cat\/sants-montjuic\/wp-json\/wp\/v2\/posts\/8870","targetHints":{"allow":["GET"]}}],"collection":[{"href":"https:\/\/serveiseducatius.xtec.cat\/sants-montjuic\/wp-json\/wp\/v2\/posts"}],"about":[{"href":"https:\/\/serveiseducatius.xtec.cat\/sants-montjuic\/wp-json\/wp\/v2\/types\/post"}],"author":[{"embeddable":true,"href":"https:\/\/serveiseducatius.xtec.cat\/sants-montjuic\/wp-json\/wp\/v2\/users\/1"}],"replies":[{"embeddable":true,"href":"https:\/\/serveiseducatius.xtec.cat\/sants-montjuic\/wp-json\/wp\/v2\/comments?post=8870"}],"version-history":[{"count":2,"href":"https:\/\/serveiseducatius.xtec.cat\/sants-montjuic\/wp-json\/wp\/v2\/posts\/8870\/revisions"}],"predecessor-version":[{"id":8873,"href":"https:\/\/serveiseducatius.xtec.cat\/sants-montjuic\/wp-json\/wp\/v2\/posts\/8870\/revisions\/8873"}],"wp:featuredmedia":[{"embeddable":true,"href":"https:\/\/serveiseducatius.xtec.cat\/sants-montjuic\/wp-json\/wp\/v2\/media\/8871"}],"wp:attachment":[{"href":"https:\/\/serveiseducatius.xtec.cat\/sants-montjuic\/wp-json\/wp\/v2\/media?parent=8870"}],"wp:term":[{"taxonomy":"category","embeddable":true,"href":"https:\/\/serveiseducatius.xtec.cat\/sants-montjuic\/wp-json\/wp\/v2\/categories?post=8870"},{"taxonomy":"post_tag","embeddable":true,"href":"https:\/\/serveiseducatius.xtec.cat\/sants-montjuic\/wp-json\/wp\/v2\/tags?post=8870"}],"curies":[{"name":"wp","href":"https:\/\/api.w.org\/{rel}","templated":true}]}}