{"id":8844,"date":"2026-03-25T09:35:07","date_gmt":"2026-03-25T08:35:07","guid":{"rendered":"https:\/\/serveiseducatius.xtec.cat\/sants-montjuic\/?p=8844"},"modified":"2026-03-26T12:42:47","modified_gmt":"2026-03-26T11:42:47","slug":"%ef%b8%8fultima-sessio-de-radio-a-laula","status":"publish","type":"post","link":"https:\/\/serveiseducatius.xtec.cat\/sants-montjuic\/general\/%ef%b8%8fultima-sessio-de-radio-a-laula\/","title":{"rendered":"\ufe0f\u00daltima sessi\u00f3 de &#8220;R\u00e0dio a l\u2019aula&#8221; al Can\u00f2drom de Bcn"},"content":{"rendered":"\n<figure class=\"wp-block-embed is-type-video is-provider-youtube wp-block-embed-youtube wp-embed-aspect-16-9 wp-has-aspect-ratio\"><div class=\"wp-block-embed__wrapper\">\n<div class=\"ast-oembed-container \" style=\"height: 100%;\"><iframe loading=\"lazy\" title=\"Videop\u00f2dcasts sessi\u00f3 6 de la formaci\u00f3 &#039;R\u00e0dio a l&#039;aula&#039; \u00b7 curs 2025\/26\" width=\"500\" height=\"281\" src=\"https:\/\/www.youtube.com\/embed\/mEbC0vJTDLM?feature=oembed\" frameborder=\"0\" allow=\"accelerometer; autoplay; clipboard-write; encrypted-media; gyroscope; picture-in-picture; web-share\" referrerpolicy=\"strict-origin-when-cross-origin\" allowfullscreen><\/iframe><\/div>\n<\/div><\/figure>\n\n\n\n<p>El passat 17 de mar\u00e7, el <a href=\"https:\/\/canodrom.barcelona\/\">Can\u00f2drom <\/a>\u2013 Ateneu d\u2019Innovaci\u00f3 Digital i Democr\u00e0tica va acollir la cloenda del cicle de formaci\u00f3 &#8220;R\u00e0dio a l\u2019Aula&#8221;, una iniciativa dels Centres de Recursos Pedag\u00f2gics (CRP) de Barcelona.<\/p>\n\n\n\n<p>Des del passat mes d\u2019octubre, aquesta formaci\u00f3 ha capacitat desenes de docents de la ciutat per convertir la r\u00e0dio i el p\u00f2dcast en eines educatives clau, traient el m\u00e0xim profit de les maletes audiovisuals que van arribar als centres el curs passat.<\/p>\n\n\n\n<h2 class=\"wp-block-heading has-medium-font-size\">Un triple objectiu: compet\u00e8ncia digital, llengua i innovaci\u00f3<\/h2>\n\n\n\n<p>Al llarg de sis sessions intensives, l\u2019equip del CRP ha anat acompanyant el professorat amb un objectiu clar:<\/p>\n\n\n\n<ul class=\"wp-block-list\">\n<li><strong>Capacitaci\u00f3 t\u00e8cnica:<\/strong> Perdre la por a la tecnologia i fer accessible l&#8217;\u00fas dels equips audiovisuals. <\/li>\n\n\n\n<li><strong>Treball ling\u00fc\u00edstic:<\/strong> Potenciar la llengua catalana en totes les seves vessants (comprensi\u00f3, escriptura i expressi\u00f3 oral).<\/li>\n\n\n\n<li><strong>Compet\u00e8ncia digital:<\/strong> Aprendre a produir, editar i publicar continguts en l&#8217;era del p\u00f2dcast.<\/li>\n<\/ul>\n\n\n\n<h2 class=\"wp-block-heading has-medium-font-size\">Del gui\u00f3 al micr\u00f2fon: un proc\u00e9s d&#8217;aprenentatge integral<\/h2>\n\n\n\n<p>Durant el curs, els i les docents han replicat el proc\u00e9s real de la producci\u00f3 audiovisual portat en l\u2019\u00e0mbit escolar. El recorregut ha passat per la <strong>preproducci\u00f3<\/strong> (disseny del projecte i escriptura de guions), la <strong>gravaci\u00f3<\/strong> (posant el focus en l\u2019entonaci\u00f3, el ritme i l\u2019expressi\u00f3 oral) i, finalment, l\u2019<strong>edici\u00f3<\/strong>.<\/p>\n\n\n\n<blockquote class=\"wp-block-quote is-layout-flow wp-block-quote-is-layout-flow\">\n<p>&#8220;La r\u00e0dio \u00e9s, per definici\u00f3, un treball en equip. Fomenta la cohesi\u00f3 i el sentiment de pertinen\u00e7a, ja que cada alumne assumeix un rol: locutors, t\u00e8cnics de so o guionistes&#8221;, expliquen des de l&#8217;equip de formadors del CRP.<\/p>\n<\/blockquote>\n\n\n\n<h2 class=\"wp-block-heading has-medium-font-size\">Clausura al Can\u00f2drom: mirar cap al futur del &#8220;streaming&#8221;<\/h2>\n\n\n\n<p>Aquesta \u00faltima sessi\u00f3 al Can\u00f2drom no nom\u00e9s serveix com a tancament d\u2019un curs altament motivador, sin\u00f3 que se centra en la <strong>publicaci\u00f3 i difusi\u00f3<\/strong>. El professorat participant va explorar els millors canals per emmagatzemar els p\u00f2dcasts de l\u2019alumnat i fer-los arribar a les fam\u00edlies i a la comunitat.<\/p>\n\n\n\n<p>A m\u00e9s, la jornada va incloure un espai per explorar nous llenguatges digitals, analitzant com aprofitar educativament el fenomen dels <em>streamers<\/em> i <em>tiktokers<\/em> per connectar amb els interessos dels joves d\u2019avui en dia.<\/p>\n\n\n\n<h2 class=\"wp-block-heading has-medium-font-size\">Impacte real als centres<\/h2>\n\n\n\n<p>L\u2019\u00e8xit de <strong>&#8220;R\u00e0dio a l\u2019Aula&#8221;<\/strong> ja \u00e9s visible: diversos centres de la ciutat ja han comen\u00e7at a muntar els seus propis espais de r\u00e0dio i a implementar activitats que han transformat la din\u00e0mica de l\u2019aula. La xarxa de docents creada durant aquests mesos promet ser un motor d\u2019innovaci\u00f3 constant.<\/p>\n","protected":false},"excerpt":{"rendered":"<p>El passat 17 de mar\u00e7, el Can\u00f2drom \u2013 Ateneu d\u2019Innovaci\u00f3 Digital i Democr\u00e0tica va acollir la cloenda del cicle de formaci\u00f3 \u201cR\u00e0dio a l\u2019Aula\u201d, una iniciativa dels Centres de Recursos Pedag\u00f2gics (CRP) de Barcelona.<br \/>\nDes del passat mes d\u2019octubre, aquesta formaci\u00f3 ha capacitat desenes de docents de la ciutat per convertir la r\u00e0dio i el p\u00f2dcast en eines educatives clau, traient el m\u00e0xim profit de les maletes audiovisuals que van arribar als centres el curs passat. <\/p>\n","protected":false},"author":1,"featured_media":8848,"comment_status":"open","ping_status":"open","sticky":false,"template":"","format":"standard","meta":{"_bbp_topic_count":0,"_bbp_reply_count":0,"_bbp_total_topic_count":0,"_bbp_total_reply_count":0,"_bbp_voice_count":0,"_bbp_anonymous_reply_count":0,"_bbp_topic_count_hidden":0,"_bbp_reply_count_hidden":0,"_bbp_forum_subforum_count":0,"site-sidebar-layout":"default","site-content-layout":"","ast-site-content-layout":"default","site-content-style":"default","site-sidebar-style":"default","ast-global-header-display":"","ast-banner-title-visibility":"","ast-main-header-display":"","ast-hfb-above-header-display":"","ast-hfb-below-header-display":"","ast-hfb-mobile-header-display":"","site-post-title":"","ast-breadcrumbs-content":"","ast-featured-img":"","footer-sml-layout":"","theme-transparent-header-meta":"","adv-header-id-meta":"","stick-header-meta":"","header-above-stick-meta":"","header-main-stick-meta":"","header-below-stick-meta":"","astra-migrate-meta-layouts":"set","ast-page-background-enabled":"default","ast-page-background-meta":{"desktop":{"background-color":"var(--ast-global-color-4)","background-image":"","background-repeat":"repeat","background-position":"center center","background-size":"auto","background-attachment":"scroll","background-type":"","background-media":"","overlay-type":"","overlay-color":"","overlay-opacity":"","overlay-gradient":""},"tablet":{"background-color":"","background-image":"","background-repeat":"repeat","background-position":"center center","background-size":"auto","background-attachment":"scroll","background-type":"","background-media":"","overlay-type":"","overlay-color":"","overlay-opacity":"","overlay-gradient":""},"mobile":{"background-color":"","background-image":"","background-repeat":"repeat","background-position":"center center","background-size":"auto","background-attachment":"scroll","background-type":"","background-media":"","overlay-type":"","overlay-color":"","overlay-opacity":"","overlay-gradient":""}},"ast-content-background-meta":{"desktop":{"background-color":"var(--ast-global-color-5)","background-image":"","background-repeat":"repeat","background-position":"center center","background-size":"auto","background-attachment":"scroll","background-type":"","background-media":"","overlay-type":"","overlay-color":"","overlay-opacity":"","overlay-gradient":""},"tablet":{"background-color":"var(--ast-global-color-5)","background-image":"","background-repeat":"repeat","background-position":"center center","background-size":"auto","background-attachment":"scroll","background-type":"","background-media":"","overlay-type":"","overlay-color":"","overlay-opacity":"","overlay-gradient":""},"mobile":{"background-color":"var(--ast-global-color-5)","background-image":"","background-repeat":"repeat","background-position":"center center","background-size":"auto","background-attachment":"scroll","background-type":"","background-media":"","overlay-type":"","overlay-color":"","overlay-opacity":"","overlay-gradient":""}},"footnotes":""},"categories":[1,29],"tags":[358,520],"class_list":["post-8844","post","type-post","status-publish","format-standard","has-post-thumbnail","hentry","category-general","category-portada","tag-formacio","tag-radio-escolar"],"post_mailing_queue_ids":[],"_links":{"self":[{"href":"https:\/\/serveiseducatius.xtec.cat\/sants-montjuic\/wp-json\/wp\/v2\/posts\/8844","targetHints":{"allow":["GET"]}}],"collection":[{"href":"https:\/\/serveiseducatius.xtec.cat\/sants-montjuic\/wp-json\/wp\/v2\/posts"}],"about":[{"href":"https:\/\/serveiseducatius.xtec.cat\/sants-montjuic\/wp-json\/wp\/v2\/types\/post"}],"author":[{"embeddable":true,"href":"https:\/\/serveiseducatius.xtec.cat\/sants-montjuic\/wp-json\/wp\/v2\/users\/1"}],"replies":[{"embeddable":true,"href":"https:\/\/serveiseducatius.xtec.cat\/sants-montjuic\/wp-json\/wp\/v2\/comments?post=8844"}],"version-history":[{"count":5,"href":"https:\/\/serveiseducatius.xtec.cat\/sants-montjuic\/wp-json\/wp\/v2\/posts\/8844\/revisions"}],"predecessor-version":[{"id":8874,"href":"https:\/\/serveiseducatius.xtec.cat\/sants-montjuic\/wp-json\/wp\/v2\/posts\/8844\/revisions\/8874"}],"wp:featuredmedia":[{"embeddable":true,"href":"https:\/\/serveiseducatius.xtec.cat\/sants-montjuic\/wp-json\/wp\/v2\/media\/8848"}],"wp:attachment":[{"href":"https:\/\/serveiseducatius.xtec.cat\/sants-montjuic\/wp-json\/wp\/v2\/media?parent=8844"}],"wp:term":[{"taxonomy":"category","embeddable":true,"href":"https:\/\/serveiseducatius.xtec.cat\/sants-montjuic\/wp-json\/wp\/v2\/categories?post=8844"},{"taxonomy":"post_tag","embeddable":true,"href":"https:\/\/serveiseducatius.xtec.cat\/sants-montjuic\/wp-json\/wp\/v2\/tags?post=8844"}],"curies":[{"name":"wp","href":"https:\/\/api.w.org\/{rel}","templated":true}]}}