{"id":8495,"date":"2026-02-04T08:59:37","date_gmt":"2026-02-04T07:59:37","guid":{"rendered":"https:\/\/serveiseducatius.xtec.cat\/sants-montjuic\/?p=8495"},"modified":"2026-02-04T09:00:02","modified_gmt":"2026-02-04T08:00:02","slug":"tallers-de-sociologia-i-ciencia-politica","status":"publish","type":"post","link":"https:\/\/serveiseducatius.xtec.cat\/sants-montjuic\/portada\/tallers-de-sociologia-i-ciencia-politica\/","title":{"rendered":"Tallers de Sociologia i Ci\u00e8ncia Pol\u00edtica"},"content":{"rendered":"<p style=\"text-align: justify;\" data-start=\"216\" data-end=\"605\">La <strong data-start=\"219\" data-end=\"307\">Facultat de Ci\u00e8ncies Pol\u00edtiques i Sociologia de la Universitat Aut\u00f2noma de Barcelona<\/strong>, conjuntament amb el <strong data-start=\"329\" data-end=\"365\">Programa Arg\u00f3 de l\u2019ICE de la UAB<\/strong>, organitza els <strong data-start=\"381\" data-end=\"425\">Tallers de Sociologia i Ci\u00e8ncia Pol\u00edtica<\/strong>, una proposta educativa adre\u00e7ada a l\u2019<strong data-start=\"463\" data-end=\"514\">alumnat de 4t d\u2019ESO i de 1r i 2n de batxillerat<\/strong> amb l\u2019objectiu d\u2019apropar aquestes disciplines a l\u2019aula de manera pr\u00e0ctica i significativa.<\/p>\n<p style=\"text-align: justify;\" data-start=\"607\" data-end=\"1001\">A trav\u00e9s de <strong data-start=\"619\" data-end=\"671\">treball cooperatiu i metodologies participatives<\/strong>, els i les participants analitzaran una <strong data-start=\"712\" data-end=\"748\">problem\u00e0tica social d\u2019actualitat<\/strong> des d\u2019una mirada sociol\u00f2gica i politol\u00f2gica. El taller convida l\u2019alumnat a reflexionar sobre la realitat que els envolta, comprendre els factors socials i pol\u00edtics que hi intervenen i <strong data-start=\"933\" data-end=\"1000\">plantejar possibles respostes en termes de pol\u00edtiques p\u00fabliques<\/strong>.<\/p>\n<p style=\"text-align: justify;\" data-start=\"1003\" data-end=\"1048\">L\u2019activitat s\u2019ofereix en <strong data-start=\"1028\" data-end=\"1047\">dues modalitats<\/strong>:<\/p>\n<ul style=\"text-align: justify;\" data-start=\"1049\" data-end=\"1246\">\n<li data-start=\"1049\" data-end=\"1144\">\n<p data-start=\"1051\" data-end=\"1144\"><strong data-start=\"1051\" data-end=\"1082\">Tallers al Campus de la UAB<\/strong>, que permeten con\u00e8ixer de primera m\u00e0 l\u2019entorn universitari.<\/p>\n<\/li>\n<li data-start=\"1145\" data-end=\"1246\">\n<p data-start=\"1147\" data-end=\"1246\"><strong data-start=\"1147\" data-end=\"1180\">Tallers als centres educatius<\/strong>, adre\u00e7ats als centres del <strong data-start=\"1207\" data-end=\"1245\">Vall\u00e8s Occidental o del Barcelon\u00e8s<\/strong>.<\/p>\n<\/li>\n<\/ul>\n<p style=\"text-align: justify;\" data-start=\"1248\" data-end=\"1465\">Els tallers s\u00f3n una oportunitat per fomentar el <strong data-start=\"1296\" data-end=\"1316\">pensament cr\u00edtic<\/strong>, la participaci\u00f3 activa i l\u2019inter\u00e8s per les ci\u00e8ncies socials, tot connectant els continguts curriculars amb situacions reals i properes a l\u2019alumnat.<\/p>\n<p style=\"text-align: justify;\" data-start=\"1467\" data-end=\"1666\">L\u2019activitat \u00e9s <strong data-start=\"1482\" data-end=\"1504\">totalment gratu\u00efta<\/strong>.<\/p>\n<p style=\"text-align: justify;\" data-start=\"1467\" data-end=\"1666\"><br data-start=\"1505\" data-end=\"1508\" \/>Podeu consultar tota la informaci\u00f3 i els detalls d\u2019inscripci\u00f3 a trav\u00e9s del seg\u00fcent enlla\u00e7:<br data-start=\"1598\" data-end=\"1601\" \/>\ud83d\udc49 <a class=\"decorated-link\" href=\"https:\/\/www.uab.cat\/ca\/ice\/tallers-sociologia-ciencia-politica\" target=\"_new\" rel=\"noopener\" data-start=\"1604\" data-end=\"1666\">https:\/\/www.uab.cat\/ca\/ice\/tallers-sociologia-ciencia-politica<\/a><\/p>\n","protected":false},"excerpt":{"rendered":"<p>Els Tallers de Sociologia i Ci\u00e8ncia Pol\u00edtica, organitzats per la UAB i el Programa Arg\u00f3 de l\u2019ICE, s\u2019adrecen a alumnat de 4t d\u2019ESO i de batxillerat amb l\u2019objectiu d\u2019apropar les ci\u00e8ncies socials a l\u2019aula. Mitjan\u00e7ant metodologies participatives i treball en grup, els participants analitzen problem\u00e0tiques socials actuals i proposen respostes des de la perspectiva de les pol\u00edtiques p\u00fabliques. L\u2019activitat, gratu\u00efta, s\u2019ofereix tant al Campus de la UAB<\/p>\n","protected":false},"author":1,"featured_media":8496,"comment_status":"open","ping_status":"open","sticky":false,"template":"","format":"standard","meta":{"_bbp_topic_count":0,"_bbp_reply_count":0,"_bbp_total_topic_count":0,"_bbp_total_reply_count":0,"_bbp_voice_count":0,"_bbp_anonymous_reply_count":0,"_bbp_topic_count_hidden":0,"_bbp_reply_count_hidden":0,"_bbp_forum_subforum_count":0,"site-sidebar-layout":"default","site-content-layout":"","ast-site-content-layout":"","site-content-style":"default","site-sidebar-style":"default","ast-global-header-display":"","ast-banner-title-visibility":"","ast-main-header-display":"","ast-hfb-above-header-display":"","ast-hfb-below-header-display":"","ast-hfb-mobile-header-display":"","site-post-title":"","ast-breadcrumbs-content":"","ast-featured-img":"","footer-sml-layout":"","theme-transparent-header-meta":"","adv-header-id-meta":"","stick-header-meta":"","header-above-stick-meta":"","header-main-stick-meta":"","header-below-stick-meta":"","astra-migrate-meta-layouts":"default","ast-page-background-enabled":"default","ast-page-background-meta":{"desktop":{"background-color":"var(--ast-global-color-4)","background-image":"","background-repeat":"repeat","background-position":"center center","background-size":"auto","background-attachment":"scroll","background-type":"","background-media":"","overlay-type":"","overlay-color":"","overlay-opacity":"","overlay-gradient":""},"tablet":{"background-color":"","background-image":"","background-repeat":"repeat","background-position":"center center","background-size":"auto","background-attachment":"scroll","background-type":"","background-media":"","overlay-type":"","overlay-color":"","overlay-opacity":"","overlay-gradient":""},"mobile":{"background-color":"","background-image":"","background-repeat":"repeat","background-position":"center center","background-size":"auto","background-attachment":"scroll","background-type":"","background-media":"","overlay-type":"","overlay-color":"","overlay-opacity":"","overlay-gradient":""}},"ast-content-background-meta":{"desktop":{"background-color":"var(--ast-global-color-5)","background-image":"","background-repeat":"repeat","background-position":"center center","background-size":"auto","background-attachment":"scroll","background-type":"","background-media":"","overlay-type":"","overlay-color":"","overlay-opacity":"","overlay-gradient":""},"tablet":{"background-color":"var(--ast-global-color-5)","background-image":"","background-repeat":"repeat","background-position":"center center","background-size":"auto","background-attachment":"scroll","background-type":"","background-media":"","overlay-type":"","overlay-color":"","overlay-opacity":"","overlay-gradient":""},"mobile":{"background-color":"var(--ast-global-color-5)","background-image":"","background-repeat":"repeat","background-position":"center center","background-size":"auto","background-attachment":"scroll","background-type":"","background-media":"","overlay-type":"","overlay-color":"","overlay-opacity":"","overlay-gradient":""}},"footnotes":""},"categories":[29],"tags":[344],"class_list":["post-8495","post","type-post","status-publish","format-standard","has-post-thumbnail","hentry","category-portada","tag-activitats"],"post_mailing_queue_ids":[],"_links":{"self":[{"href":"https:\/\/serveiseducatius.xtec.cat\/sants-montjuic\/wp-json\/wp\/v2\/posts\/8495","targetHints":{"allow":["GET"]}}],"collection":[{"href":"https:\/\/serveiseducatius.xtec.cat\/sants-montjuic\/wp-json\/wp\/v2\/posts"}],"about":[{"href":"https:\/\/serveiseducatius.xtec.cat\/sants-montjuic\/wp-json\/wp\/v2\/types\/post"}],"author":[{"embeddable":true,"href":"https:\/\/serveiseducatius.xtec.cat\/sants-montjuic\/wp-json\/wp\/v2\/users\/1"}],"replies":[{"embeddable":true,"href":"https:\/\/serveiseducatius.xtec.cat\/sants-montjuic\/wp-json\/wp\/v2\/comments?post=8495"}],"version-history":[{"count":2,"href":"https:\/\/serveiseducatius.xtec.cat\/sants-montjuic\/wp-json\/wp\/v2\/posts\/8495\/revisions"}],"predecessor-version":[{"id":8498,"href":"https:\/\/serveiseducatius.xtec.cat\/sants-montjuic\/wp-json\/wp\/v2\/posts\/8495\/revisions\/8498"}],"wp:featuredmedia":[{"embeddable":true,"href":"https:\/\/serveiseducatius.xtec.cat\/sants-montjuic\/wp-json\/wp\/v2\/media\/8496"}],"wp:attachment":[{"href":"https:\/\/serveiseducatius.xtec.cat\/sants-montjuic\/wp-json\/wp\/v2\/media?parent=8495"}],"wp:term":[{"taxonomy":"category","embeddable":true,"href":"https:\/\/serveiseducatius.xtec.cat\/sants-montjuic\/wp-json\/wp\/v2\/categories?post=8495"},{"taxonomy":"post_tag","embeddable":true,"href":"https:\/\/serveiseducatius.xtec.cat\/sants-montjuic\/wp-json\/wp\/v2\/tags?post=8495"}],"curies":[{"name":"wp","href":"https:\/\/api.w.org\/{rel}","templated":true}]}}