{"id":8481,"date":"2026-02-03T09:30:22","date_gmt":"2026-02-03T08:30:22","guid":{"rendered":"https:\/\/serveiseducatius.xtec.cat\/sants-montjuic\/?p=8481"},"modified":"2026-02-24T13:52:26","modified_gmt":"2026-02-24T12:52:26","slug":"cooperjoc-2026","status":"publish","type":"post","link":"https:\/\/serveiseducatius.xtec.cat\/sants-montjuic\/portada\/cooperjoc-2026\/","title":{"rendered":"Activitat d&#8217;EF: Cooperjoc 2026"},"content":{"rendered":"<p data-start=\"266\" data-end=\"584\"><strong data-start=\"266\" data-end=\"279\">Cooperjoc<\/strong> \u00e9s una jornada educativa i l\u00fadica adre\u00e7ada a l\u2019alumnat de<strong> 1r de prim\u00e0ria al <a href=\"https:\/\/maps.app.goo.gl\/GNu6LrofQKPVdCYSA\">complex esportiu La B\u00e0scula<\/a><\/strong>, en la qual participen diverses escoles del districte Sants-Montju\u00efc. L\u2019objectiu principal \u00e9s oferir una experi\u00e8ncia compartida de joc, moviment i conviv\u00e8ncia, fomentant valors com la <strong data-start=\"522\" data-end=\"581\">cooperaci\u00f3, el respecte, l\u2019ajuda m\u00fatua i la comunicaci\u00f3<\/strong>.<\/p>\n<p data-start=\"586\" data-end=\"888\">L\u2019activitat es desenvolupa a trav\u00e9s d\u2019un <strong data-start=\"627\" data-end=\"650\">circuit d\u2019estacions<\/strong> on els infants, organitzats en grups amb alumnes de diferents centres, realitzen <strong data-start=\"732\" data-end=\"776\">jocs cooperatius adaptats a la seva edat<\/strong>. Cada estaci\u00f3 est\u00e0 dinamitzada pels <strong data-start=\"813\" data-end=\"842\">mestres d\u2019educaci\u00f3 f\u00edsica<\/strong>, amb el suport del professorat acompanyant.<\/p>\n<h4 data-start=\"890\" data-end=\"921\">Organitzaci\u00f3 de la jornada<\/h4>\n<ul data-start=\"922\" data-end=\"1357\">\n<li data-start=\"922\" data-end=\"1027\">\n<p data-start=\"924\" data-end=\"1027\"><strong data-start=\"924\" data-end=\"964\">Arribada i acollida (9:15 \u2013 9:40\u202fh):<\/strong> recepci\u00f3 de l\u2019alumnat i professorat, i organitzaci\u00f3 inicial.<\/p>\n<\/li>\n<li data-start=\"1028\" data-end=\"1137\">\n<p data-start=\"1030\" data-end=\"1137\"><strong data-start=\"1030\" data-end=\"1066\">Inici oficial (10:00 \u2013 10:15\u202fh):<\/strong> benvinguda conjunta i distribuci\u00f3 dels grups en circuits paral\u00b7lels.<\/p>\n<\/li>\n<li data-start=\"1138\" data-end=\"1268\">\n<p data-start=\"1140\" data-end=\"1268\"><strong data-start=\"1140\" data-end=\"1183\">Circuit d\u2019activitats (10:15 \u2013 11:45\u202fh):<\/strong> participaci\u00f3 en estacions cooperatives amb temps determinat i despla\u00e7aments curts.<\/p>\n<\/li>\n<li data-start=\"1269\" data-end=\"1357\">\n<p data-start=\"1271\" data-end=\"1357\"><strong data-start=\"1271\" data-end=\"1303\">Tancament (11:45 \u2013 12:00\u202fh):<\/strong> cloenda, intercanvi de medalles i celebraci\u00f3 final.<\/p>\n<\/li>\n<\/ul>\n<blockquote data-start=\"1359\" data-end=\"1434\">\n<p style=\"text-align: justify;\" data-start=\"1361\" data-end=\"1434\"><em data-start=\"1361\" data-end=\"1432\">Les hores s\u00f3n aproximades i poden variar segons els centres inscrits.<\/em><\/p>\n<\/blockquote>\n<h4 data-start=\"1436\" data-end=\"1461\">Les estacions de joc<\/h4>\n<p data-start=\"1462\" data-end=\"1551\">Les activitats busquen potenciar la <strong data-start=\"1498\" data-end=\"1548\">cooperaci\u00f3, la confian\u00e7a i el treball en equip, <\/strong>algunes de les<strong data-start=\"1498\" data-end=\"1548\"> activitats <\/strong>dutes a terme en anteriors edicions s\u00f3n: castells de sorra, paracaigudes, creuar el pant\u00e0, canvi de samarreta o c\u00e8rcol, relleus cooperatius, les escultures cegues i la cadena.<\/p>\n<h4 data-start=\"1436\" data-end=\"1461\">Informaci\u00f3 d&#8217;inscripci\u00f3<\/h4>\n<p data-start=\"2450\" data-end=\"2639\">Les sessions de coordinaci\u00f3 entre escoles tindran lloc de <strong>forma telem\u00e0tica<\/strong> els dies <strong data-start=\"2514\" data-end=\"2557\">25 de febrer i 25 de mar\u00e7 a les 17:15\u202fh<\/strong>, on s\u2019ampliar\u00e0 tota la informaci\u00f3 per a la correcta organitzaci\u00f3 de la jornada.<\/p>\n<p data-start=\"2450\" data-end=\"2639\"><strong>Per a apuntar-se \u00e9s obligatori assistir a aquestes sessions.<\/strong><\/p>\n<p data-start=\"2450\" data-end=\"2639\"><a href=\"https:\/\/docs.google.com\/forms\/d\/e\/1FAIpQLSc4N33jkBr0DLYMu13w31IXfwiukQdYMvWklAiP1D2pLV5joQ\/viewform?usp=header\">Formulari inscripci\u00f3 COOPERJOC 2026<\/a><\/p>\n","protected":false},"excerpt":{"rendered":"<p>Cooperjoc \u00e9s una jornada l\u00fadica i cooperativa adre\u00e7ada a l\u2019alumnat de 1r de prim\u00e0ria, on participen diverses escoles del districte. Els infants es distribueixen en grups mixtos i realitzen jocs i activitats cooperatives adaptades a la seva edat, amb l\u2019objectiu de fomentar la cooperaci\u00f3, el respecte, l\u2019ajuda m\u00fatua i la comunicaci\u00f3. La jornada es desenvolupa en circuits d\u2019estacions dinamitzats pels mestres d\u2019Educaci\u00f3 F\u00edsica<\/p>\n","protected":false},"author":1,"featured_media":8670,"comment_status":"open","ping_status":"open","sticky":false,"template":"","format":"standard","meta":{"_bbp_topic_count":0,"_bbp_reply_count":0,"_bbp_total_topic_count":0,"_bbp_total_reply_count":0,"_bbp_voice_count":0,"_bbp_anonymous_reply_count":0,"_bbp_topic_count_hidden":0,"_bbp_reply_count_hidden":0,"_bbp_forum_subforum_count":0,"site-sidebar-layout":"default","site-content-layout":"","ast-site-content-layout":"default","site-content-style":"default","site-sidebar-style":"default","ast-global-header-display":"","ast-banner-title-visibility":"","ast-main-header-display":"","ast-hfb-above-header-display":"","ast-hfb-below-header-display":"","ast-hfb-mobile-header-display":"","site-post-title":"","ast-breadcrumbs-content":"","ast-featured-img":"","footer-sml-layout":"","theme-transparent-header-meta":"default","adv-header-id-meta":"","stick-header-meta":"","header-above-stick-meta":"","header-main-stick-meta":"","header-below-stick-meta":"","astra-migrate-meta-layouts":"set","ast-page-background-enabled":"default","ast-page-background-meta":{"desktop":{"background-color":"var(--ast-global-color-4)","background-image":"","background-repeat":"repeat","background-position":"center center","background-size":"auto","background-attachment":"scroll","background-type":"","background-media":"","overlay-type":"","overlay-color":"","overlay-opacity":"","overlay-gradient":""},"tablet":{"background-color":"","background-image":"","background-repeat":"repeat","background-position":"center center","background-size":"auto","background-attachment":"scroll","background-type":"","background-media":"","overlay-type":"","overlay-color":"","overlay-opacity":"","overlay-gradient":""},"mobile":{"background-color":"","background-image":"","background-repeat":"repeat","background-position":"center center","background-size":"auto","background-attachment":"scroll","background-type":"","background-media":"","overlay-type":"","overlay-color":"","overlay-opacity":"","overlay-gradient":""}},"ast-content-background-meta":{"desktop":{"background-color":"var(--ast-global-color-5)","background-image":"","background-repeat":"repeat","background-position":"center center","background-size":"auto","background-attachment":"scroll","background-type":"","background-media":"","overlay-type":"","overlay-color":"","overlay-opacity":"","overlay-gradient":""},"tablet":{"background-color":"var(--ast-global-color-5)","background-image":"","background-repeat":"repeat","background-position":"center center","background-size":"auto","background-attachment":"scroll","background-type":"","background-media":"","overlay-type":"","overlay-color":"","overlay-opacity":"","overlay-gradient":""},"mobile":{"background-color":"var(--ast-global-color-5)","background-image":"","background-repeat":"repeat","background-position":"center center","background-size":"auto","background-attachment":"scroll","background-type":"","background-media":"","overlay-type":"","overlay-color":"","overlay-opacity":"","overlay-gradient":""}},"footnotes":""},"categories":[245,29],"tags":[344,513],"class_list":["post-8481","post","type-post","status-publish","format-standard","has-post-thumbnail","hentry","category-cooperjoc","category-portada","tag-activitats","tag-cooperacio"],"post_mailing_queue_ids":[],"_links":{"self":[{"href":"https:\/\/serveiseducatius.xtec.cat\/sants-montjuic\/wp-json\/wp\/v2\/posts\/8481","targetHints":{"allow":["GET"]}}],"collection":[{"href":"https:\/\/serveiseducatius.xtec.cat\/sants-montjuic\/wp-json\/wp\/v2\/posts"}],"about":[{"href":"https:\/\/serveiseducatius.xtec.cat\/sants-montjuic\/wp-json\/wp\/v2\/types\/post"}],"author":[{"embeddable":true,"href":"https:\/\/serveiseducatius.xtec.cat\/sants-montjuic\/wp-json\/wp\/v2\/users\/1"}],"replies":[{"embeddable":true,"href":"https:\/\/serveiseducatius.xtec.cat\/sants-montjuic\/wp-json\/wp\/v2\/comments?post=8481"}],"version-history":[{"count":5,"href":"https:\/\/serveiseducatius.xtec.cat\/sants-montjuic\/wp-json\/wp\/v2\/posts\/8481\/revisions"}],"predecessor-version":[{"id":8494,"href":"https:\/\/serveiseducatius.xtec.cat\/sants-montjuic\/wp-json\/wp\/v2\/posts\/8481\/revisions\/8494"}],"wp:featuredmedia":[{"embeddable":true,"href":"https:\/\/serveiseducatius.xtec.cat\/sants-montjuic\/wp-json\/wp\/v2\/media\/8670"}],"wp:attachment":[{"href":"https:\/\/serveiseducatius.xtec.cat\/sants-montjuic\/wp-json\/wp\/v2\/media?parent=8481"}],"wp:term":[{"taxonomy":"category","embeddable":true,"href":"https:\/\/serveiseducatius.xtec.cat\/sants-montjuic\/wp-json\/wp\/v2\/categories?post=8481"},{"taxonomy":"post_tag","embeddable":true,"href":"https:\/\/serveiseducatius.xtec.cat\/sants-montjuic\/wp-json\/wp\/v2\/tags?post=8481"}],"curies":[{"name":"wp","href":"https:\/\/api.w.org\/{rel}","templated":true}]}}