{"id":8343,"date":"2026-01-08T08:21:30","date_gmt":"2026-01-08T07:21:30","guid":{"rendered":"https:\/\/serveiseducatius.xtec.cat\/sants-montjuic\/?p=8343"},"modified":"2026-01-15T11:17:58","modified_gmt":"2026-01-15T10:17:58","slug":"icfo-%c2%b7-activitats-de-divulgacio-cientifica-per-a-joves","status":"publish","type":"post","link":"https:\/\/serveiseducatius.xtec.cat\/sants-montjuic\/portada\/icfo-%c2%b7-activitats-de-divulgacio-cientifica-per-a-joves\/","title":{"rendered":"ICFO \u00b7 Activitats de divulgaci\u00f3 cient\u00edfica"},"content":{"rendered":"<p style=\"text-align: justify;\" data-start=\"1086\" data-end=\"1315\">L\u2019ICFO \u2013 Institut de Ci\u00e8ncies Fot\u00f2niques ofereix diverses propostes de divulgaci\u00f3 cient\u00edfica adre\u00e7ades a l\u2019alumnat d\u2019ESO, batxillerat i cicles formatius amb l\u2019objectiu d\u2019apropar la recerca en fot\u00f2nica i f\u00edsica qu\u00e0ntica als joves.<\/p>\n<p style=\"text-align: justify;\" data-start=\"1317\" data-end=\"2006\">D\u2019una banda, destaca el <a href=\"https:\/\/outreach.icfo.eu\/ca\/ypc26\/\"><strong data-start=\"1341\" data-end=\"1375\">Young Photonics Congress (YPC)<\/strong><\/a>, que se celebrar\u00e0 el <strong data-start=\"1397\" data-end=\"1419\">13 de mar\u00e7 de 2026<\/strong>, en format presencial, a l\u2019ICFO de Castelldefels. Aquest congr\u00e9s cient\u00edfic est\u00e0 pensat perqu\u00e8 els estudiants siguin els veritables protagonistes: podran presentar els seus projectes relacionats amb la llum, la fot\u00f2nica o les l\u00ednies de recerca de l\u2019ICFO, compartir-los amb altres joves i interactuar amb investigadors i investigadores de l\u2019institut. A m\u00e9s, els participants amb projecte optaran al <strong data-start=\"1817\" data-end=\"1830\">Premi YPC<\/strong>, que consisteix en una estada de dues setmanes en un grup de recerca de l\u2019ICFO durant el mes de juliol. El termini per presentar treballs finalitza el <strong data-start=\"1982\" data-end=\"2005\">27 de gener de 2026<\/strong>. <b><span lang=\"CA\">Inscripcions<\/span><\/b><span lang=\"CA\">\u00a0a trav\u00e9s del seg\u00fcent\u00a0<a href=\"https:\/\/forms.office.com\/e\/z5Jr1qRwgU\" target=\"_blank\" rel=\"noopener\" data-saferedirecturl=\"https:\/\/www.google.com\/url?q=https:\/\/forms.office.com\/e\/z5Jr1qRwgU&amp;source=gmail&amp;ust=1766215779642000&amp;usg=AOvVaw00oaBNS7flnNXQgfcRtqgg\">formulari.<\/a><\/span><\/p>\n<p style=\"text-align: justify;\" data-start=\"2008\" data-end=\"2428\">D\u2019altra banda, l\u2019ICFO tamb\u00e9 impulsa el projecte <a href=\"https:\/\/outreach.icfo.eu\/ca\/events\/biysc-2026-barcelona-international-youth-science-challenge\/\"><strong data-start=\"2056\" data-end=\"2100\">BIYSC \u2013 Quantum Physics and Cryptography<\/strong><\/a>, un programa d\u2019estiu internacional adre\u00e7at a joves de <strong data-start=\"2155\" data-end=\"2171\">15 a 18 anys<\/strong>, organitzat conjuntament amb la Fundaci\u00f3 Catalunya La Pedrera. El programa ofereix una introducci\u00f3 pr\u00e0ctica als fonaments de la f\u00edsica qu\u00e0ntica i permet entendre com aquest camp \u00e9s clau per al desenvolupament de moltes de les tecnologies actuals i futures.<\/p>\n<p style=\"text-align: justify;\" data-start=\"2430\" data-end=\"2546\">Per a m\u00e9s informaci\u00f3, es pot consultar la p\u00e0gina web de l\u2019ICFO o contactar a trav\u00e9s del correu <strong data-start=\"2525\" data-end=\"2545\"><a class=\"decorated-link cursor-pointer\" rel=\"noopener\" data-start=\"2527\" data-end=\"2543\">outreach@icfo.eu<\/a><\/strong>.<\/p>\n<p data-start=\"2430\" data-end=\"2546\"><img loading=\"lazy\" decoding=\"async\" class=\"aligncenter  wp-image-8344\" src=\"https:\/\/serveiseducatius.xtec.cat\/sants-montjuic\/wp-content\/uploads\/usu496\/2025\/12\/SE-Sants-Mont-amb-imatge-8.png\" alt=\"\" width=\"735\" height=\"1039\" srcset=\"https:\/\/serveiseducatius.xtec.cat\/sants-montjuic\/wp-content\/uploads\/usu496\/2025\/12\/SE-Sants-Mont-amb-imatge-8.png 1587w, https:\/\/serveiseducatius.xtec.cat\/sants-montjuic\/wp-content\/uploads\/usu496\/2025\/12\/SE-Sants-Mont-amb-imatge-8-212x300.png 212w, https:\/\/serveiseducatius.xtec.cat\/sants-montjuic\/wp-content\/uploads\/usu496\/2025\/12\/SE-Sants-Mont-amb-imatge-8-724x1024.png 724w, https:\/\/serveiseducatius.xtec.cat\/sants-montjuic\/wp-content\/uploads\/usu496\/2025\/12\/SE-Sants-Mont-amb-imatge-8-768x1086.png 768w, https:\/\/serveiseducatius.xtec.cat\/sants-montjuic\/wp-content\/uploads\/usu496\/2025\/12\/SE-Sants-Mont-amb-imatge-8-1086x1536.png 1086w, https:\/\/serveiseducatius.xtec.cat\/sants-montjuic\/wp-content\/uploads\/usu496\/2025\/12\/SE-Sants-Mont-amb-imatge-8-1448x2048.png 1448w\" sizes=\"auto, (max-width: 735px) 100vw, 735px\" \/><\/p>\n","protected":false},"excerpt":{"rendered":"<p>L\u2019ICFO ofereix diverses activitats per apropar la ci\u00e8ncia i la fot\u00f2nica a l\u2019alumnat d\u2019ESO, batxillerat i cicles formatius. Destaquem el Young Photonics Congress, que tindr\u00e0 lloc el 13 de mar\u00e7 de 2026 a l\u2019ICFO (Castelldefels), on els estudiants podran presentar projectes relacionats amb la llum i la fot\u00f2nica, compartir-los amb altres joves i investigadors, i optar al Premi YPC, una estada de recerca a l\u2019ICFO. <\/p>\n","protected":false},"author":1,"featured_media":8344,"comment_status":"open","ping_status":"open","sticky":false,"template":"","format":"standard","meta":{"_bbp_topic_count":0,"_bbp_reply_count":0,"_bbp_total_topic_count":0,"_bbp_total_reply_count":0,"_bbp_voice_count":0,"_bbp_anonymous_reply_count":0,"_bbp_topic_count_hidden":0,"_bbp_reply_count_hidden":0,"_bbp_forum_subforum_count":0,"site-sidebar-layout":"default","site-content-layout":"","ast-site-content-layout":"","site-content-style":"default","site-sidebar-style":"default","ast-global-header-display":"","ast-banner-title-visibility":"","ast-main-header-display":"","ast-hfb-above-header-display":"","ast-hfb-below-header-display":"","ast-hfb-mobile-header-display":"","site-post-title":"","ast-breadcrumbs-content":"","ast-featured-img":"","footer-sml-layout":"","theme-transparent-header-meta":"","adv-header-id-meta":"","stick-header-meta":"","header-above-stick-meta":"","header-main-stick-meta":"","header-below-stick-meta":"","astra-migrate-meta-layouts":"default","ast-page-background-enabled":"default","ast-page-background-meta":{"desktop":{"background-color":"var(--ast-global-color-4)","background-image":"","background-repeat":"repeat","background-position":"center center","background-size":"auto","background-attachment":"scroll","background-type":"","background-media":"","overlay-type":"","overlay-color":"","overlay-opacity":"","overlay-gradient":""},"tablet":{"background-color":"","background-image":"","background-repeat":"repeat","background-position":"center center","background-size":"auto","background-attachment":"scroll","background-type":"","background-media":"","overlay-type":"","overlay-color":"","overlay-opacity":"","overlay-gradient":""},"mobile":{"background-color":"","background-image":"","background-repeat":"repeat","background-position":"center center","background-size":"auto","background-attachment":"scroll","background-type":"","background-media":"","overlay-type":"","overlay-color":"","overlay-opacity":"","overlay-gradient":""}},"ast-content-background-meta":{"desktop":{"background-color":"var(--ast-global-color-5)","background-image":"","background-repeat":"repeat","background-position":"center center","background-size":"auto","background-attachment":"scroll","background-type":"","background-media":"","overlay-type":"","overlay-color":"","overlay-opacity":"","overlay-gradient":""},"tablet":{"background-color":"var(--ast-global-color-5)","background-image":"","background-repeat":"repeat","background-position":"center center","background-size":"auto","background-attachment":"scroll","background-type":"","background-media":"","overlay-type":"","overlay-color":"","overlay-opacity":"","overlay-gradient":""},"mobile":{"background-color":"var(--ast-global-color-5)","background-image":"","background-repeat":"repeat","background-position":"center center","background-size":"auto","background-attachment":"scroll","background-type":"","background-media":"","overlay-type":"","overlay-color":"","overlay-opacity":"","overlay-gradient":""}},"footnotes":""},"categories":[507,29],"tags":[344,358],"class_list":["post-8343","post","type-post","status-publish","format-standard","has-post-thumbnail","hentry","category-formacio","category-portada","tag-activitats","tag-formacio"],"post_mailing_queue_ids":[],"_links":{"self":[{"href":"https:\/\/serveiseducatius.xtec.cat\/sants-montjuic\/wp-json\/wp\/v2\/posts\/8343","targetHints":{"allow":["GET"]}}],"collection":[{"href":"https:\/\/serveiseducatius.xtec.cat\/sants-montjuic\/wp-json\/wp\/v2\/posts"}],"about":[{"href":"https:\/\/serveiseducatius.xtec.cat\/sants-montjuic\/wp-json\/wp\/v2\/types\/post"}],"author":[{"embeddable":true,"href":"https:\/\/serveiseducatius.xtec.cat\/sants-montjuic\/wp-json\/wp\/v2\/users\/1"}],"replies":[{"embeddable":true,"href":"https:\/\/serveiseducatius.xtec.cat\/sants-montjuic\/wp-json\/wp\/v2\/comments?post=8343"}],"version-history":[{"count":4,"href":"https:\/\/serveiseducatius.xtec.cat\/sants-montjuic\/wp-json\/wp\/v2\/posts\/8343\/revisions"}],"predecessor-version":[{"id":8399,"href":"https:\/\/serveiseducatius.xtec.cat\/sants-montjuic\/wp-json\/wp\/v2\/posts\/8343\/revisions\/8399"}],"wp:featuredmedia":[{"embeddable":true,"href":"https:\/\/serveiseducatius.xtec.cat\/sants-montjuic\/wp-json\/wp\/v2\/media\/8344"}],"wp:attachment":[{"href":"https:\/\/serveiseducatius.xtec.cat\/sants-montjuic\/wp-json\/wp\/v2\/media?parent=8343"}],"wp:term":[{"taxonomy":"category","embeddable":true,"href":"https:\/\/serveiseducatius.xtec.cat\/sants-montjuic\/wp-json\/wp\/v2\/categories?post=8343"},{"taxonomy":"post_tag","embeddable":true,"href":"https:\/\/serveiseducatius.xtec.cat\/sants-montjuic\/wp-json\/wp\/v2\/tags?post=8343"}],"curies":[{"name":"wp","href":"https:\/\/api.w.org\/{rel}","templated":true}]}}