{"id":8280,"date":"2025-12-10T10:39:36","date_gmt":"2025-12-10T09:39:36","guid":{"rendered":"https:\/\/serveiseducatius.xtec.cat\/sants-montjuic\/?p=8280"},"modified":"2025-12-15T09:50:23","modified_gmt":"2025-12-15T08:50:23","slug":"nou-cicle-de-capsules-sobre-ods-un-bon-context-per-dissenyar-situacions-daprenentatg","status":"publish","type":"post","link":"https:\/\/serveiseducatius.xtec.cat\/sants-montjuic\/portada\/nou-cicle-de-capsules-sobre-ods-un-bon-context-per-dissenyar-situacions-daprenentatg\/","title":{"rendered":"Nou cicle de c\u00e0psules sobre ODS"},"content":{"rendered":"<p style=\"text-align: justify;\" data-start=\"1140\" data-end=\"1607\">Aquest curs 2025-2026 el <a href=\"https:\/\/serveiseducatius.xtec.cat\/cesire\/\">CESIRE<\/a> presenta un nou cicle de <strong data-start=\"1197\" data-end=\"1234\">cinc c\u00e0psules formatives en l\u00ednia<\/strong> orientades a treballar els <em data-start=\"1262\" data-end=\"1309\">Objectius de Desenvolupament Sostenible (ODS)<\/em> com a punt de partida per a la creaci\u00f3 de <strong data-start=\"1352\" data-end=\"1413\">situacions d\u2019aprenentatge directament aplicables a l\u2019aula<\/strong>. La proposta est\u00e0 pensada per a docents que vulguin actualitzar la seva pr\u00e0ctica i incorporar recursos i metodologies vinculades a la sostenibilitat, la ciutadania cr\u00edtica i els reptes globals.<\/p>\n<p style=\"text-align: justify;\" data-start=\"1609\" data-end=\"1848\">La inscripci\u00f3 ja \u00e9s oberta i la formaci\u00f3 \u00e9s <strong data-start=\"1653\" data-end=\"1689\">acreditada amb 10 hores a l\u2019XTEC<\/strong> <a href=\"https:\/\/aplicacions.gestioeducativa.gencat.cat\/ords\/pls\/soloas\/pk_for_mod_ins.p_for_detall_activitat?p_codi=9005090532&amp;p_curs=2025-2026&amp;p_es_inscr=S\">(enlla\u00e7 inscripci\u00f3)<\/a>. En finalitzar cada c\u00e0psula, les persones participants rebran un formulari que han d\u2019emplenar per obtenir la <strong>certificaci\u00f3 corresponent.<\/strong><\/p>\n<h3 style=\"text-align: justify;\" data-start=\"1850\" data-end=\"1879\"><strong data-start=\"1854\" data-end=\"1879\">Calendari de c\u00e0psules<\/strong><\/h3>\n<h6 style=\"text-align: justify;\" data-start=\"1850\" data-end=\"1879\">Totes les c\u00e0psules s\u00f3n de 17:00\u202fh a 19:00\u202fh.<\/h6>\n<p style=\"text-align: justify;\" data-start=\"1881\" data-end=\"2038\">\ud83d\udcc5 <strong data-start=\"1884\" data-end=\"1937\">27 de gener de 2026 \u2014 ODS 4: Educaci\u00f3 de qualitat<\/strong><br data-start=\"1937\" data-end=\"1940\" \/><em data-start=\"1940\" data-end=\"1977\">Nous materials en pr\u00e9stec al Cesire<\/em><br data-start=\"1977\" data-end=\"1980\" \/>Amb Elena Gay\u00e1n, Oriol Guinart i Sandra Memminger (CESIRE)<\/p>\n<p style=\"text-align: justify;\" data-start=\"2040\" data-end=\"2208\">\ud83d\udcc5 <strong data-start=\"2043\" data-end=\"2116\">10 de febrer de 2026 \u2014 ODS 9: Ind\u00fastria, innovaci\u00f3 i infraestructures<\/strong><br data-start=\"2116\" data-end=\"2119\" \/><em data-start=\"2119\" data-end=\"2128\">Qu\u00e8 IA?<\/em><br data-start=\"2128\" data-end=\"2131\" \/>Amb V\u00edctor L\u00f3pez, Aura Hern\u00e1ndez (DIACIM, UAB) i Jes\u00fas P\u00e9rez (Esc. Joan Mir\u00f3)<\/p>\n<p style=\"text-align: justify;\" data-start=\"2210\" data-end=\"2450\">\ud83d\udcc5 <strong data-start=\"2213\" data-end=\"2282\">10 de mar\u00e7 de 2026 \u2014 ODS 16: Pau, just\u00edcia i institucions s\u00f2lides<\/strong><br data-start=\"2282\" data-end=\"2285\" \/><em data-start=\"2285\" data-end=\"2336\">50 raons de per qu\u00e8 amb Franco NO es vivia millor<\/em><br data-start=\"2336\" data-end=\"2339\" \/>Amb S\u00f2nia Ma\u00f1\u00e9, Antoni Bardavio, N\u00faria Freixes (CdA La Noguera) i David Mart\u00edn i David Palacios (Ins. Pau Vila)<\/p>\n<p style=\"text-align: justify;\" data-start=\"2452\" data-end=\"2611\">\ud83d\udcc5 <strong data-start=\"2455\" data-end=\"2522\">14 d\u2019abril de 2026 \u2014 ODS 2 i ODS 13: Fam zero i acci\u00f3 pel clima<\/strong><br data-start=\"2522\" data-end=\"2525\" \/><em data-start=\"2525\" data-end=\"2550\">Un APS: Explorem el s\u00f2l<\/em><br data-start=\"2550\" data-end=\"2553\" \/>Amb Rosa Maria Poch (FAO Roma, UdL) i \u00c0ngela Ribas (CREAF)<\/p>\n<p style=\"text-align: justify;\" data-start=\"2613\" data-end=\"2846\">\ud83d\udcc5 <strong data-start=\"2616\" data-end=\"2678\">12 de maig de 2026 \u2014 ODS 15: Vida d\u2019ecosistemes terrestres<\/strong><br data-start=\"2678\" data-end=\"2681\" \/><em data-start=\"2681\" data-end=\"2758\">Recuperaci\u00f3 d\u2019animals salvatges: Com podem millorar la seva estada a l\u2019UCI?<\/em><br data-start=\"2758\" data-end=\"2761\" \/>Amb Joan Al\u00e0s (Centre de Fauna de Vallcalent) i Abel Guerrero (Esc. Parc del Saladar)<\/p>\n<pre data-start=\"2613\" data-end=\"2846\"><a href=\"https:\/\/serveiseducatius.xtec.cat\/cesire\/nou-cicle-de-capsules-sobre-ods-un-bon-context-per-dissenyar-situacions-daprenentatge\/\">Enlla\u00e7 a la not\u00edcia<\/a><\/pre>\n","protected":false},"excerpt":{"rendered":"<p>Aquest curs 2025-2026 el CESIRE ofereix un nou cicle de cinc c\u00e0psules formatives en l\u00ednia centrades en els Objectius de Desenvolupament Sostenible. Cada sessi\u00f3 presenta propostes i situacions d\u2019aprenentatge directament aplicables a l\u2019aula, pensades per ampliar recursos i refor\u00e7ar la mirada competencial. La formaci\u00f3 \u00e9s gratu\u00efta, ja t\u00e9 la inscripci\u00f3 oberta i permet acreditar 10 hores a l\u2019XTEC (codi 9005090532). <\/p>\n","protected":false},"author":1,"featured_media":8305,"comment_status":"open","ping_status":"open","sticky":false,"template":"","format":"standard","meta":{"_bbp_topic_count":0,"_bbp_reply_count":0,"_bbp_total_topic_count":0,"_bbp_total_reply_count":0,"_bbp_voice_count":0,"_bbp_anonymous_reply_count":0,"_bbp_topic_count_hidden":0,"_bbp_reply_count_hidden":0,"_bbp_forum_subforum_count":0,"site-sidebar-layout":"default","site-content-layout":"","ast-site-content-layout":"","site-content-style":"default","site-sidebar-style":"default","ast-global-header-display":"","ast-banner-title-visibility":"","ast-main-header-display":"","ast-hfb-above-header-display":"","ast-hfb-below-header-display":"","ast-hfb-mobile-header-display":"","site-post-title":"","ast-breadcrumbs-content":"","ast-featured-img":"","footer-sml-layout":"","theme-transparent-header-meta":"","adv-header-id-meta":"","stick-header-meta":"","header-above-stick-meta":"","header-main-stick-meta":"","header-below-stick-meta":"","astra-migrate-meta-layouts":"default","ast-page-background-enabled":"default","ast-page-background-meta":{"desktop":{"background-color":"var(--ast-global-color-4)","background-image":"","background-repeat":"repeat","background-position":"center center","background-size":"auto","background-attachment":"scroll","background-type":"","background-media":"","overlay-type":"","overlay-color":"","overlay-opacity":"","overlay-gradient":""},"tablet":{"background-color":"","background-image":"","background-repeat":"repeat","background-position":"center center","background-size":"auto","background-attachment":"scroll","background-type":"","background-media":"","overlay-type":"","overlay-color":"","overlay-opacity":"","overlay-gradient":""},"mobile":{"background-color":"","background-image":"","background-repeat":"repeat","background-position":"center center","background-size":"auto","background-attachment":"scroll","background-type":"","background-media":"","overlay-type":"","overlay-color":"","overlay-opacity":"","overlay-gradient":""}},"ast-content-background-meta":{"desktop":{"background-color":"var(--ast-global-color-5)","background-image":"","background-repeat":"repeat","background-position":"center center","background-size":"auto","background-attachment":"scroll","background-type":"","background-media":"","overlay-type":"","overlay-color":"","overlay-opacity":"","overlay-gradient":""},"tablet":{"background-color":"var(--ast-global-color-5)","background-image":"","background-repeat":"repeat","background-position":"center center","background-size":"auto","background-attachment":"scroll","background-type":"","background-media":"","overlay-type":"","overlay-color":"","overlay-opacity":"","overlay-gradient":""},"mobile":{"background-color":"var(--ast-global-color-5)","background-image":"","background-repeat":"repeat","background-position":"center center","background-size":"auto","background-attachment":"scroll","background-type":"","background-media":"","overlay-type":"","overlay-color":"","overlay-opacity":"","overlay-gradient":""}},"footnotes":""},"categories":[507,29],"tags":[],"class_list":["post-8280","post","type-post","status-publish","format-standard","has-post-thumbnail","hentry","category-formacio","category-portada"],"post_mailing_queue_ids":[],"_links":{"self":[{"href":"https:\/\/serveiseducatius.xtec.cat\/sants-montjuic\/wp-json\/wp\/v2\/posts\/8280","targetHints":{"allow":["GET"]}}],"collection":[{"href":"https:\/\/serveiseducatius.xtec.cat\/sants-montjuic\/wp-json\/wp\/v2\/posts"}],"about":[{"href":"https:\/\/serveiseducatius.xtec.cat\/sants-montjuic\/wp-json\/wp\/v2\/types\/post"}],"author":[{"embeddable":true,"href":"https:\/\/serveiseducatius.xtec.cat\/sants-montjuic\/wp-json\/wp\/v2\/users\/1"}],"replies":[{"embeddable":true,"href":"https:\/\/serveiseducatius.xtec.cat\/sants-montjuic\/wp-json\/wp\/v2\/comments?post=8280"}],"version-history":[{"count":4,"href":"https:\/\/serveiseducatius.xtec.cat\/sants-montjuic\/wp-json\/wp\/v2\/posts\/8280\/revisions"}],"predecessor-version":[{"id":8285,"href":"https:\/\/serveiseducatius.xtec.cat\/sants-montjuic\/wp-json\/wp\/v2\/posts\/8280\/revisions\/8285"}],"wp:featuredmedia":[{"embeddable":true,"href":"https:\/\/serveiseducatius.xtec.cat\/sants-montjuic\/wp-json\/wp\/v2\/media\/8305"}],"wp:attachment":[{"href":"https:\/\/serveiseducatius.xtec.cat\/sants-montjuic\/wp-json\/wp\/v2\/media?parent=8280"}],"wp:term":[{"taxonomy":"category","embeddable":true,"href":"https:\/\/serveiseducatius.xtec.cat\/sants-montjuic\/wp-json\/wp\/v2\/categories?post=8280"},{"taxonomy":"post_tag","embeddable":true,"href":"https:\/\/serveiseducatius.xtec.cat\/sants-montjuic\/wp-json\/wp\/v2\/tags?post=8280"}],"curies":[{"name":"wp","href":"https:\/\/api.w.org\/{rel}","templated":true}]}}