{"id":8271,"date":"2025-12-02T13:55:45","date_gmt":"2025-12-02T12:55:45","guid":{"rendered":"https:\/\/serveiseducatius.xtec.cat\/sants-montjuic\/?p=8271"},"modified":"2025-12-15T09:52:00","modified_gmt":"2025-12-15T08:52:00","slug":"xxii-jornades-internacionals-de-recerca-en-didactica-de-les-ciencies-socials","status":"publish","type":"post","link":"https:\/\/serveiseducatius.xtec.cat\/sants-montjuic\/portada\/xxii-jornades-internacionals-de-recerca-en-didactica-de-les-ciencies-socials\/","title":{"rendered":"XXII Jornades de Recerca en Did\u00e0ctica de les CC.SS"},"content":{"rendered":"<p style=\"text-align: justify;\">Les <strong>XXII Jornades Internacionals de Recerca en Did\u00e0ctica de les Ci\u00e8ncies Socials<\/strong> tornen del <strong>4 al 6 de febrer de 2026<\/strong> a la <strong>UAB<\/strong>. L\u2019esdeveniment, organitzat pel grup <a href=\"https:\/\/webs.uab.cat\/gredics\/\">GREDICS<\/a> amb el suport del M\u00e0ster de Recerca en Educaci\u00f3 i el Programa de Doctorat en Educaci\u00f3, \u00e9s un espai de trobada entre docents, investigadors i professionals de l\u2019\u00e0mbit educatiu.<\/p>\n<p style=\"text-align: justify;\">Enguany, les jornades se centren en la <strong>formaci\u00f3 del pensament cr\u00edtic en la societat de la desinformaci\u00f3<\/strong>, un repte clau de les ci\u00e8ncies socials. Al llarg de tres dies s\u2019oferiran <strong>confer\u00e8ncies, taules rodones, tallers i sessions de presentaci\u00f3 de comunicacions<\/strong> que abordaran temes com la cultura democr\u00e0tica, la mem\u00f2ria, els relats hegem\u00f2nics o els discursos de l\u2019odi. Les jornades estan obertes a professorat de totes les etapes educatives, agents educatius i estudiants interessats. Igualment, s\u2019hi poden presentar comunicacions \u2014tant presencials com en modalitat online\u2014 en catal\u00e0, castell\u00e0, franc\u00e8s, portugu\u00e8s o angl\u00e8s.<\/p>\n<p style=\"text-align: justify;\"><strong>\ud83d\udcc5 Dates clau<\/strong><\/p>\n<p style=\"text-align: justify;\"><a href=\"https:\/\/docs.google.com\/forms\/d\/e\/1FAIpQLSeuP_js37pZ7V9d9_nKs79-JnSpib75cEb_7Ximy9Pj1vF51A\/viewform\"><strong>Enviament de resums:<\/strong><\/a> fins al 8 de desembre de 2026<\/p>\n<p style=\"text-align: justify;\"><strong>Informaci\u00f3 d\u2019acceptaci\u00f3:<\/strong> fins al 18 de gener de 2026<\/p>\n<p style=\"text-align: justify;\"><a href=\"https:\/\/docs.google.com\/forms\/d\/e\/1FAIpQLSfRzLLu1Cptt9fiWcoDlC1u4Ur3Bv4dNE1iqpwYTc299EzcQQ\/viewform\"><strong>Inscripcions:<\/strong><\/a> del 24 de novembre de 2025 al 30 de gener de 2026<\/p>\n<p style=\"text-align: justify;\"><strong>\ud83e\udd1dModalitat de participaci\u00f3<\/strong><\/p>\n<p style=\"text-align: justify;\">Assist\u00e8ncia presencial<\/p>\n<p style=\"text-align: justify;\">Presentaci\u00f3 de comunicacions (<a href=\"https:\/\/docs.google.com\/forms\/d\/e\/1FAIpQLSeuP_js37pZ7V9d9_nKs79-JnSpib75cEb_7Ximy9Pj1vF51A\/viewform\">presencial o online)<\/a><\/p>\n<p style=\"text-align: justify;\">Acc\u00e9s a confer\u00e8ncies i materials en l\u00ednia<\/p>\n<p style=\"text-align: justify;\"><strong>\ud83d\udcb0Quotes<\/strong><\/p>\n<p style=\"text-align: justify;\">60 \u20ac quota general<\/p>\n<p style=\"text-align: justify;\">30 \u20ac comunicaci\u00f3 online<\/p>\n<p style=\"text-align: justify;\">25 \u20ac estudiants \/ persones en atur (L\u2019alumnat de la UAB de M\u00e0ster\/Doctorat\/Graus t\u00e9 inscripci\u00f3 gratu\u00efta)<\/p>\n<p style=\"text-align: justify;\"><em>M\u00e9s informaci\u00f3 a la web del <a href=\"https:\/\/webs.uab.cat\/gredics\/\">GREDICS.<\/a><\/em><\/p>\n","protected":false},"excerpt":{"rendered":"<p>Les XXII Jornades Internacionals de Recerca en Did\u00e0ctica de les Ci\u00e8ncies Socials tornen del 4 al 6 de febrer de 2026 a la UAB. L\u2019esdeveniment, organitzat pel grup GREDICS amb el suport del M\u00e0ster de Recerca en Educaci\u00f3 i el Programa de Doctorat en Educaci\u00f3, \u00e9s un espai de trobada entre docents, investigadors i professionals de l\u2019\u00e0mbit educatiu.<\/p>\n","protected":false},"author":1,"featured_media":8306,"comment_status":"open","ping_status":"open","sticky":false,"template":"","format":"standard","meta":{"_bbp_topic_count":0,"_bbp_reply_count":0,"_bbp_total_topic_count":0,"_bbp_total_reply_count":0,"_bbp_voice_count":0,"_bbp_anonymous_reply_count":0,"_bbp_topic_count_hidden":0,"_bbp_reply_count_hidden":0,"_bbp_forum_subforum_count":0,"site-sidebar-layout":"default","site-content-layout":"","ast-site-content-layout":"","site-content-style":"default","site-sidebar-style":"default","ast-global-header-display":"","ast-banner-title-visibility":"","ast-main-header-display":"","ast-hfb-above-header-display":"","ast-hfb-below-header-display":"","ast-hfb-mobile-header-display":"","site-post-title":"","ast-breadcrumbs-content":"","ast-featured-img":"","footer-sml-layout":"","theme-transparent-header-meta":"","adv-header-id-meta":"","stick-header-meta":"","header-above-stick-meta":"","header-main-stick-meta":"","header-below-stick-meta":"","astra-migrate-meta-layouts":"default","ast-page-background-enabled":"default","ast-page-background-meta":{"desktop":{"background-color":"var(--ast-global-color-4)","background-image":"","background-repeat":"repeat","background-position":"center center","background-size":"auto","background-attachment":"scroll","background-type":"","background-media":"","overlay-type":"","overlay-color":"","overlay-opacity":"","overlay-gradient":""},"tablet":{"background-color":"","background-image":"","background-repeat":"repeat","background-position":"center center","background-size":"auto","background-attachment":"scroll","background-type":"","background-media":"","overlay-type":"","overlay-color":"","overlay-opacity":"","overlay-gradient":""},"mobile":{"background-color":"","background-image":"","background-repeat":"repeat","background-position":"center center","background-size":"auto","background-attachment":"scroll","background-type":"","background-media":"","overlay-type":"","overlay-color":"","overlay-opacity":"","overlay-gradient":""}},"ast-content-background-meta":{"desktop":{"background-color":"var(--ast-global-color-5)","background-image":"","background-repeat":"repeat","background-position":"center center","background-size":"auto","background-attachment":"scroll","background-type":"","background-media":"","overlay-type":"","overlay-color":"","overlay-opacity":"","overlay-gradient":""},"tablet":{"background-color":"var(--ast-global-color-5)","background-image":"","background-repeat":"repeat","background-position":"center center","background-size":"auto","background-attachment":"scroll","background-type":"","background-media":"","overlay-type":"","overlay-color":"","overlay-opacity":"","overlay-gradient":""},"mobile":{"background-color":"var(--ast-global-color-5)","background-image":"","background-repeat":"repeat","background-position":"center center","background-size":"auto","background-attachment":"scroll","background-type":"","background-media":"","overlay-type":"","overlay-color":"","overlay-opacity":"","overlay-gradient":""}},"footnotes":""},"categories":[507,29],"tags":[344,358],"class_list":["post-8271","post","type-post","status-publish","format-standard","has-post-thumbnail","hentry","category-formacio","category-portada","tag-activitats","tag-formacio"],"post_mailing_queue_ids":[],"_links":{"self":[{"href":"https:\/\/serveiseducatius.xtec.cat\/sants-montjuic\/wp-json\/wp\/v2\/posts\/8271","targetHints":{"allow":["GET"]}}],"collection":[{"href":"https:\/\/serveiseducatius.xtec.cat\/sants-montjuic\/wp-json\/wp\/v2\/posts"}],"about":[{"href":"https:\/\/serveiseducatius.xtec.cat\/sants-montjuic\/wp-json\/wp\/v2\/types\/post"}],"author":[{"embeddable":true,"href":"https:\/\/serveiseducatius.xtec.cat\/sants-montjuic\/wp-json\/wp\/v2\/users\/1"}],"replies":[{"embeddable":true,"href":"https:\/\/serveiseducatius.xtec.cat\/sants-montjuic\/wp-json\/wp\/v2\/comments?post=8271"}],"version-history":[{"count":5,"href":"https:\/\/serveiseducatius.xtec.cat\/sants-montjuic\/wp-json\/wp\/v2\/posts\/8271\/revisions"}],"predecessor-version":[{"id":8279,"href":"https:\/\/serveiseducatius.xtec.cat\/sants-montjuic\/wp-json\/wp\/v2\/posts\/8271\/revisions\/8279"}],"wp:featuredmedia":[{"embeddable":true,"href":"https:\/\/serveiseducatius.xtec.cat\/sants-montjuic\/wp-json\/wp\/v2\/media\/8306"}],"wp:attachment":[{"href":"https:\/\/serveiseducatius.xtec.cat\/sants-montjuic\/wp-json\/wp\/v2\/media?parent=8271"}],"wp:term":[{"taxonomy":"category","embeddable":true,"href":"https:\/\/serveiseducatius.xtec.cat\/sants-montjuic\/wp-json\/wp\/v2\/categories?post=8271"},{"taxonomy":"post_tag","embeddable":true,"href":"https:\/\/serveiseducatius.xtec.cat\/sants-montjuic\/wp-json\/wp\/v2\/tags?post=8271"}],"curies":[{"name":"wp","href":"https:\/\/api.w.org\/{rel}","templated":true}]}}