{"id":8264,"date":"2025-12-01T12:43:41","date_gmt":"2025-12-01T11:43:41","guid":{"rendered":"https:\/\/serveiseducatius.xtec.cat\/sants-montjuic\/?p=8264"},"modified":"2025-12-02T14:01:32","modified_gmt":"2025-12-02T13:01:32","slug":"formacio-educacio-critica-des-de-les-ciencies-socials","status":"publish","type":"post","link":"https:\/\/serveiseducatius.xtec.cat\/sants-montjuic\/portada\/formacio-educacio-critica-des-de-les-ciencies-socials\/","title":{"rendered":"Formaci\u00f3: Educaci\u00f3 cr\u00edtica des de les CC.SS"},"content":{"rendered":"<p style=\"text-align: justify;\" data-start=\"1140\" data-end=\"1475\">El <a href=\"https:\/\/serveiseducatius.xtec.cat\/cesire\/\">CESIRE<\/a>, a trav\u00e9s del programa Connexions Ci\u00e8ncies Socials, ofereix una nova formaci\u00f3 adre\u00e7ada a docents de prim\u00e0ria i secund\u00e0ria: <strong data-start=\"1273\" data-end=\"1354\">\u201cEducaci\u00f3 cr\u00edtica des de les ci\u00e8ncies socials: reflexions, eines i propostes\u201d<\/strong>, una proposta de <strong>30 hores<\/strong> que combina fonamentaci\u00f3 te\u00f2rica, enfocaments did\u00e0ctics actuals i aplicaci\u00f3 pr\u00e0ctica a l\u2019aula.<\/p>\n<p style=\"text-align: justify;\" data-start=\"1477\" data-end=\"1796\">La formaci\u00f3 t\u00e9 com a <strong>objectiu<\/strong> aprofundir en el paper de les ci\u00e8ncies socials en una educaci\u00f3 realment cr\u00edtica, aix\u00ed com proporcionar eines i criteris per dissenyar situacions d\u2019aprenentatge competencials que ajudin l\u2019alumnat a entendre i interpretar el m\u00f3n amb mirada informada i amb consci\u00e8ncia de just\u00edcia global.<\/p>\n<p style=\"text-align: justify;\" data-start=\"1798\" data-end=\"2175\">El curs consta de <strong data-start=\"1816\" data-end=\"1858\">sis sessions presencials de tres hores<\/strong>, estructurades en espais de reflexi\u00f3, debat i treball col\u00b7laboratiu. Tamb\u00e9 inclou moments de disseny de propostes did\u00e0ctiques basades en metodologies actives. La <a href=\"https:\/\/escolapau.uab.cat\/wp-content\/uploads\/2025\/05\/SentitCritic.pdf\">guia <\/a><em data-start=\"2026\" data-end=\"2078\">Programem amb sentit (cr\u00edtic) les ci\u00e8ncies socials<\/em> ser\u00e0 el document de refer\u00e8ncia i servir\u00e0 per orientar tant l\u2019an\u00e0lisi com la planificaci\u00f3 docent.<\/p>\n<p style=\"text-align: justify;\" data-start=\"2177\" data-end=\"2215\">Els principals objectius del curs s\u00f3n:<\/p>\n<ul style=\"text-align: justify;\" data-start=\"2216\" data-end=\"2554\">\n<li data-start=\"2216\" data-end=\"2301\">\n<p data-start=\"2218\" data-end=\"2301\">Analitzar el desplegament curricular i el paper de les ci\u00e8ncies socials escolars.<\/p>\n<\/li>\n<li data-start=\"2302\" data-end=\"2386\">\n<p data-start=\"2304\" data-end=\"2386\">Revisar models i enfocaments did\u00e0ctics amb fonament epistemol\u00f2gic i metodol\u00f2gic.<\/p>\n<\/li>\n<li data-start=\"2387\" data-end=\"2463\">\n<p data-start=\"2389\" data-end=\"2463\">Fonamentar la programaci\u00f3 des del pensament cr\u00edtic i la just\u00edcia global.<\/p>\n<\/li>\n<li data-start=\"2464\" data-end=\"2554\">\n<p data-start=\"2466\" data-end=\"2554\">Aplicar recursos i eines per programar competencialment i afavorir l\u2019apoderament docent.<\/p>\n<\/li>\n<\/ul>\n<p style=\"text-align: justify;\" data-start=\"2556\" data-end=\"2721\">La formaci\u00f3 \u00e9s oberta tant a <strong>inscripcions individuals com a grups<\/strong> de departament, amb la idea que la participaci\u00f3 col\u00b7lectiva enriqueix la transfer\u00e8ncia al centre. Els cursos m\u00e9s propers es realitzaran a l\u2019INS Fort Pius (Consorci d\u2019Educaci\u00f3 de Barcelona) i a l\u2019INS Neus Catal\u00e0 de Cornell\u00e0 (ST Baix Llobregat). Les <strong>inscripcions ja estan obertes<\/strong> i es convida als docents a aprofitar aquest espai de creixement i innovaci\u00f3 pedag\u00f2gica.<\/p>\n<h6 style=\"text-align: justify;\" data-start=\"2872\" data-end=\"2993\">Enlla\u00e7 <span class=\"gmail_default\">d&#8217;inscripci\u00f3<\/span><\/h6>\n<p dir=\"ltr\" style=\"text-align: justify;\"><a href=\"https:\/\/aplicacions.gestioeducativa.gencat.cat\/ords\/pls\/soloas\/pk_for_mod_ins.p_for_detall_activitat?p_codi=9005200532&amp;p_curs=2025-2026&amp;p_es_inscr=S\" target=\"_blank\" rel=\"noopener\" data-saferedirecturl=\"https:\/\/www.google.com\/url?q=https:\/\/aplicacions.gestioeducativa.gencat.cat\/ords\/pls\/soloas\/pk_for_mod_ins.p_for_detall_activitat?p_codi%3D9005200532%26p_curs%3D2025-2026%26p_es_inscr%3DS&amp;source=gmail&amp;ust=1764663514344000&amp;usg=AOvVaw2EdT5BrQ3UQaB36rEDg4SE\">9005200532 Consorci d\u2019Educaci\u00f3 de Barcelona: INS Fort Pius<\/a><\/p>\n<p dir=\"ltr\" style=\"text-align: justify;\"><span id=\"m_4064939112554496978gmail-docs-internal-guid-06ce676d-7fff-8fd4-41e1-01e01f9fd510\"><a href=\"https:\/\/aplicacions.gestioeducativa.gencat.cat\/ords\/pls\/soloas\/pk_for_mod_ins.p_for_detall_activitat?p_codi=9005120532&amp;p_curs=2025-2026&amp;p_es_inscr=S\" target=\"_blank\" rel=\"noopener\" data-saferedirecturl=\"https:\/\/www.google.com\/url?q=https:\/\/aplicacions.gestioeducativa.gencat.cat\/ords\/pls\/soloas\/pk_for_mod_ins.p_for_detall_activitat?p_codi%3D9005120532%26p_curs%3D2025-2026%26p_es_inscr%3DS&amp;source=gmail&amp;ust=1764663514344000&amp;usg=AOvVaw2whE352dxHvx19JfBBgCQo\">9005120532 ST Baix Llobregat: INS Neus Catal\u00e0 de Cornell\u00e0 de Llobregat<\/a><\/span><\/p>\n","protected":false},"excerpt":{"rendered":"<p>La formaci\u00f3 \u201cEducaci\u00f3 cr\u00edtica des de les ci\u00e8ncies socials\u201d, organitzada per Connexions Ci\u00e8ncies Socials del CESIRE, ofereix 30 hores de treball adre\u00e7ades a docents de prim\u00e0ria i secund\u00e0ria. El curs combina reflexi\u00f3 te\u00f2rica i pr\u00e0ctica a trav\u00e9s de sis sessions presencials, centrades en el potencial de les ci\u00e8ncies socials per fomentar una educaci\u00f3 cr\u00edtica i competencial.<\/p>\n","protected":false},"author":1,"featured_media":8278,"comment_status":"open","ping_status":"open","sticky":false,"template":"","format":"standard","meta":{"_bbp_topic_count":0,"_bbp_reply_count":0,"_bbp_total_topic_count":0,"_bbp_total_reply_count":0,"_bbp_voice_count":0,"_bbp_anonymous_reply_count":0,"_bbp_topic_count_hidden":0,"_bbp_reply_count_hidden":0,"_bbp_forum_subforum_count":0,"site-sidebar-layout":"default","site-content-layout":"","ast-site-content-layout":"","site-content-style":"default","site-sidebar-style":"default","ast-global-header-display":"","ast-banner-title-visibility":"","ast-main-header-display":"","ast-hfb-above-header-display":"","ast-hfb-below-header-display":"","ast-hfb-mobile-header-display":"","site-post-title":"","ast-breadcrumbs-content":"","ast-featured-img":"","footer-sml-layout":"","theme-transparent-header-meta":"","adv-header-id-meta":"","stick-header-meta":"","header-above-stick-meta":"","header-main-stick-meta":"","header-below-stick-meta":"","astra-migrate-meta-layouts":"default","ast-page-background-enabled":"default","ast-page-background-meta":{"desktop":{"background-color":"var(--ast-global-color-4)","background-image":"","background-repeat":"repeat","background-position":"center center","background-size":"auto","background-attachment":"scroll","background-type":"","background-media":"","overlay-type":"","overlay-color":"","overlay-opacity":"","overlay-gradient":""},"tablet":{"background-color":"","background-image":"","background-repeat":"repeat","background-position":"center center","background-size":"auto","background-attachment":"scroll","background-type":"","background-media":"","overlay-type":"","overlay-color":"","overlay-opacity":"","overlay-gradient":""},"mobile":{"background-color":"","background-image":"","background-repeat":"repeat","background-position":"center center","background-size":"auto","background-attachment":"scroll","background-type":"","background-media":"","overlay-type":"","overlay-color":"","overlay-opacity":"","overlay-gradient":""}},"ast-content-background-meta":{"desktop":{"background-color":"var(--ast-global-color-5)","background-image":"","background-repeat":"repeat","background-position":"center center","background-size":"auto","background-attachment":"scroll","background-type":"","background-media":"","overlay-type":"","overlay-color":"","overlay-opacity":"","overlay-gradient":""},"tablet":{"background-color":"var(--ast-global-color-5)","background-image":"","background-repeat":"repeat","background-position":"center center","background-size":"auto","background-attachment":"scroll","background-type":"","background-media":"","overlay-type":"","overlay-color":"","overlay-opacity":"","overlay-gradient":""},"mobile":{"background-color":"var(--ast-global-color-5)","background-image":"","background-repeat":"repeat","background-position":"center center","background-size":"auto","background-attachment":"scroll","background-type":"","background-media":"","overlay-type":"","overlay-color":"","overlay-opacity":"","overlay-gradient":""}},"footnotes":""},"categories":[507,29],"tags":[404,508],"class_list":["post-8264","post","type-post","status-publish","format-standard","has-post-thumbnail","hentry","category-formacio","category-portada","tag-ciencies-socials","tag-inscripcio"],"post_mailing_queue_ids":[],"_links":{"self":[{"href":"https:\/\/serveiseducatius.xtec.cat\/sants-montjuic\/wp-json\/wp\/v2\/posts\/8264","targetHints":{"allow":["GET"]}}],"collection":[{"href":"https:\/\/serveiseducatius.xtec.cat\/sants-montjuic\/wp-json\/wp\/v2\/posts"}],"about":[{"href":"https:\/\/serveiseducatius.xtec.cat\/sants-montjuic\/wp-json\/wp\/v2\/types\/post"}],"author":[{"embeddable":true,"href":"https:\/\/serveiseducatius.xtec.cat\/sants-montjuic\/wp-json\/wp\/v2\/users\/1"}],"replies":[{"embeddable":true,"href":"https:\/\/serveiseducatius.xtec.cat\/sants-montjuic\/wp-json\/wp\/v2\/comments?post=8264"}],"version-history":[{"count":2,"href":"https:\/\/serveiseducatius.xtec.cat\/sants-montjuic\/wp-json\/wp\/v2\/posts\/8264\/revisions"}],"predecessor-version":[{"id":8277,"href":"https:\/\/serveiseducatius.xtec.cat\/sants-montjuic\/wp-json\/wp\/v2\/posts\/8264\/revisions\/8277"}],"wp:featuredmedia":[{"embeddable":true,"href":"https:\/\/serveiseducatius.xtec.cat\/sants-montjuic\/wp-json\/wp\/v2\/media\/8278"}],"wp:attachment":[{"href":"https:\/\/serveiseducatius.xtec.cat\/sants-montjuic\/wp-json\/wp\/v2\/media?parent=8264"}],"wp:term":[{"taxonomy":"category","embeddable":true,"href":"https:\/\/serveiseducatius.xtec.cat\/sants-montjuic\/wp-json\/wp\/v2\/categories?post=8264"},{"taxonomy":"post_tag","embeddable":true,"href":"https:\/\/serveiseducatius.xtec.cat\/sants-montjuic\/wp-json\/wp\/v2\/tags?post=8264"}],"curies":[{"name":"wp","href":"https:\/\/api.w.org\/{rel}","templated":true}]}}