{"id":8256,"date":"2025-12-01T12:00:55","date_gmt":"2025-12-01T11:00:55","guid":{"rendered":"https:\/\/serveiseducatius.xtec.cat\/sants-montjuic\/?p=8256"},"modified":"2025-12-01T12:45:45","modified_gmt":"2025-12-01T11:45:45","slug":"activitats-de-radio-i-audiovisuals-2n-i-3r-trimestre","status":"publish","type":"post","link":"https:\/\/serveiseducatius.xtec.cat\/sants-montjuic\/portada\/activitats-de-radio-i-audiovisuals-2n-i-3r-trimestre\/","title":{"rendered":"Activitats de R\u00e0dio i Audiovisuals"},"content":{"rendered":"<p style=\"text-align: justify;\" data-start=\"256\" data-end=\"736\">El <a href=\"https:\/\/serveiseducatius.xtec.cat\/lescorts\/categoria\/crp\/\">Centre de Recursos Pedag\u00f2gics de Les Corts<\/a>, conjuntament amb l\u2019\u00e0rea de Cultura Digital, posa a disposici\u00f3 dels centres un conjunt d\u2019<a href=\"https:\/\/serveiseducatius.xtec.cat\/lescorts\/portada\/activitats-de-dinamitzacio-de-radio-i-audiovisuals\/\"><strong>activitats de r\u00e0dio i audiovisuals<\/strong><\/a> pensades per potenciar la creativitat, l\u2019expressi\u00f3 oral i la compet\u00e8ncia digital de l\u2019alumnat.<br data-start=\"520\" data-end=\"523\" \/>Aquestes propostes s\u2019emmarquen en l\u2019\u00fas de la <em data-start=\"568\" data-end=\"588\">maleta audiovisual<\/em>, que permet treballar amb eines digitals diverses: enregistrament d\u2019\u00e0udio, edici\u00f3 de v\u00eddeo, creaci\u00f3 d\u2019imatges i producci\u00f3 de continguts multim\u00e8dia.<\/p>\n<p style=\"text-align: justify;\" data-start=\"738\" data-end=\"829\">A continuaci\u00f3 detallem les activitats programades per al <strong>segon i tercer trimestre<\/strong> del curs.<\/p>\n<h3 style=\"text-align: justify;\" data-start=\"836\" data-end=\"895\"><strong data-start=\"839\" data-end=\"895\">\ud83d\udcfb 2n TRIMESTRE\u00a0<\/strong><\/h3>\n<h6 style=\"text-align: justify;\" data-start=\"897\" data-end=\"938\"><strong data-start=\"901\" data-end=\"936\">100 anys explicant hist\u00f2ries<\/strong><\/h6>\n<p style=\"text-align: justify;\" data-start=\"939\" data-end=\"1152\">Activitat vinculada al Dia Mundial de la R\u00e0dio.<br data-start=\"986\" data-end=\"989\" \/>L\u2019alumnat crear\u00e0 i enregistrar\u00e0 un <strong data-start=\"1024\" data-end=\"1054\">conte arrelat al territori<\/strong>, treballant la narraci\u00f3 oral, la modulaci\u00f3 de la veu i l\u2019\u00fas expressiu del so.<\/p>\n<h6 style=\"text-align: justify;\" data-start=\"1362\" data-end=\"1388\"><strong data-start=\"1366\" data-end=\"1386\">Poesia sonora<\/strong><\/h6>\n<p style=\"text-align: justify;\" data-start=\"1389\" data-end=\"1604\">Proposta per celebrar el Dia Internacional de la Poesia.<br data-start=\"1445\" data-end=\"1448\" \/>Els participants escolliran o crearan un poema i el convertiran en una <strong data-start=\"1519\" data-end=\"1544\">pe\u00e7a sonora art\u00edstica<\/strong>, combinant veu, m\u00fasica i efectes sonors.<\/p>\n<h6 style=\"text-align: justify;\" data-start=\"1795\" data-end=\"1843\"><strong data-start=\"1799\" data-end=\"1841\">Fem un conte audiovisual il\u00b7lustrat<\/strong><\/h6>\n<p style=\"text-align: justify;\" data-start=\"1844\" data-end=\"2048\">Una activitat que porta la narrativa a la pantalla.<br data-start=\"1895\" data-end=\"1898\" \/>L\u2019alumnat crear\u00e0 un <strong data-start=\"1918\" data-end=\"1949\">conte en format audiovisual<\/strong> a partir d\u2019il\u00b7lustracions pr\u00f2pies o ja existents, sempre respectant els drets d\u2019autoria.<\/p>\n<h3 style=\"text-align: justify;\" data-start=\"2279\" data-end=\"2339\"><strong data-start=\"2282\" data-end=\"2339\">\ud83c\udf99\ufe0f 3r TRIMESTRE\u00a0<\/strong><\/h3>\n<h6 style=\"text-align: justify;\" data-start=\"2341\" data-end=\"2375\"><strong data-start=\"2345\" data-end=\"2373\">Sant Jordi a les Ones<\/strong><\/h6>\n<p style=\"text-align: justify;\" data-start=\"2376\" data-end=\"2566\">Experi\u00e8ncia radiof\u00f2nica vinculada a la Diada de Sant Jordi. Els estudiants es converteixen en <strong data-start=\"2472\" data-end=\"2493\">Booktubers sonors<\/strong>, elaborant una recomanaci\u00f3 liter\u00e0ria en format d\u2019\u00e0udio.<\/p>\n<h6 data-start=\"2762\" data-end=\"2814\"><strong data-start=\"2766\" data-end=\"2812\">Matinal d\u2019Aules d\u2019Acollida de Les Corts<\/strong><\/h6>\n<p data-start=\"2815\" data-end=\"3115\">Jornada intercentres al CC Tomasa Cuevas on les aules d\u2019acollida del districte es trobaran per compartir experi\u00e8ncies.<br data-start=\"2933\" data-end=\"2936\" \/>Abans de la trobada, cada grup haur\u00e0 de crear un <strong data-start=\"2985\" data-end=\"3011\">p\u00f2dcast o videop\u00f2dcast<\/strong> on expliqui qui s\u00f3n, com treballen i qu\u00e8 volen mostrar a la resta d\u2019alumnes.<\/p>\n<h3 data-start=\"3374\" data-end=\"3398\"><strong data-start=\"3377\" data-end=\"3396\">Com participar?<\/strong><\/h3>\n<p data-start=\"3399\" data-end=\"3639\">Els centres que vulguin inscriure\u2019s a una o diverses activitats poden fer-ho a trav\u00e9s del <a href=\"https:\/\/docs.google.com\/forms\/d\/e\/1FAIpQLSfGbCYBAlc1I-x7CvdNuWb5W2z3t7PfXLHF0zZJuEqGVdQroA\/viewform\"><strong data-start=\"3489\" data-end=\"3512\">formulari<\/strong>\u00a0<\/a>facilitat pel CRP. La participaci\u00f3 \u00e9s <strong>oberta, flexible<\/strong> i pensada perqu\u00e8 cada centre adapti el ritme a les seves necessitats.<\/p>\n","protected":false},"excerpt":{"rendered":"<p>El Centre de Recursos Pedag\u00f2gics de Les Corts, en col\u00b7laboraci\u00f3 amb Cultura Digital, presenta les activitats de r\u00e0dio i audiovisuals per als 2n i 3r trimestres del curs 2025\/26. L\u2019objectiu \u00e9s impulsar la creativitat, la comunicaci\u00f3 oral i la compet\u00e8ncia digital de l\u2019alumnat mitjan\u00e7ant l\u2019\u00fas de la maleta audiovisual i la producci\u00f3 de continguts multim\u00e8dia.<\/p>\n","protected":false},"author":1,"featured_media":8262,"comment_status":"open","ping_status":"open","sticky":false,"template":"","format":"standard","meta":{"_bbp_topic_count":0,"_bbp_reply_count":0,"_bbp_total_topic_count":0,"_bbp_total_reply_count":0,"_bbp_voice_count":0,"_bbp_anonymous_reply_count":0,"_bbp_topic_count_hidden":0,"_bbp_reply_count_hidden":0,"_bbp_forum_subforum_count":0,"site-sidebar-layout":"default","site-content-layout":"","ast-site-content-layout":"","site-content-style":"default","site-sidebar-style":"default","ast-global-header-display":"","ast-banner-title-visibility":"","ast-main-header-display":"","ast-hfb-above-header-display":"","ast-hfb-below-header-display":"","ast-hfb-mobile-header-display":"","site-post-title":"","ast-breadcrumbs-content":"","ast-featured-img":"","footer-sml-layout":"","theme-transparent-header-meta":"","adv-header-id-meta":"","stick-header-meta":"","header-above-stick-meta":"","header-main-stick-meta":"","header-below-stick-meta":"","astra-migrate-meta-layouts":"default","ast-page-background-enabled":"default","ast-page-background-meta":{"desktop":{"background-color":"var(--ast-global-color-4)","background-image":"","background-repeat":"repeat","background-position":"center center","background-size":"auto","background-attachment":"scroll","background-type":"","background-media":"","overlay-type":"","overlay-color":"","overlay-opacity":"","overlay-gradient":""},"tablet":{"background-color":"","background-image":"","background-repeat":"repeat","background-position":"center center","background-size":"auto","background-attachment":"scroll","background-type":"","background-media":"","overlay-type":"","overlay-color":"","overlay-opacity":"","overlay-gradient":""},"mobile":{"background-color":"","background-image":"","background-repeat":"repeat","background-position":"center center","background-size":"auto","background-attachment":"scroll","background-type":"","background-media":"","overlay-type":"","overlay-color":"","overlay-opacity":"","overlay-gradient":""}},"ast-content-background-meta":{"desktop":{"background-color":"var(--ast-global-color-5)","background-image":"","background-repeat":"repeat","background-position":"center center","background-size":"auto","background-attachment":"scroll","background-type":"","background-media":"","overlay-type":"","overlay-color":"","overlay-opacity":"","overlay-gradient":""},"tablet":{"background-color":"var(--ast-global-color-5)","background-image":"","background-repeat":"repeat","background-position":"center center","background-size":"auto","background-attachment":"scroll","background-type":"","background-media":"","overlay-type":"","overlay-color":"","overlay-opacity":"","overlay-gradient":""},"mobile":{"background-color":"var(--ast-global-color-5)","background-image":"","background-repeat":"repeat","background-position":"center center","background-size":"auto","background-attachment":"scroll","background-type":"","background-media":"","overlay-type":"","overlay-color":"","overlay-opacity":"","overlay-gradient":""}},"footnotes":""},"categories":[313,29,506],"tags":[344,314,108],"class_list":["post-8256","post","type-post","status-publish","format-standard","has-post-thumbnail","hentry","category-cultura-digital","category-portada","category-radio","tag-activitats","tag-cultura-digital","tag-radio"],"post_mailing_queue_ids":[],"_links":{"self":[{"href":"https:\/\/serveiseducatius.xtec.cat\/sants-montjuic\/wp-json\/wp\/v2\/posts\/8256","targetHints":{"allow":["GET"]}}],"collection":[{"href":"https:\/\/serveiseducatius.xtec.cat\/sants-montjuic\/wp-json\/wp\/v2\/posts"}],"about":[{"href":"https:\/\/serveiseducatius.xtec.cat\/sants-montjuic\/wp-json\/wp\/v2\/types\/post"}],"author":[{"embeddable":true,"href":"https:\/\/serveiseducatius.xtec.cat\/sants-montjuic\/wp-json\/wp\/v2\/users\/1"}],"replies":[{"embeddable":true,"href":"https:\/\/serveiseducatius.xtec.cat\/sants-montjuic\/wp-json\/wp\/v2\/comments?post=8256"}],"version-history":[{"count":6,"href":"https:\/\/serveiseducatius.xtec.cat\/sants-montjuic\/wp-json\/wp\/v2\/posts\/8256\/revisions"}],"predecessor-version":[{"id":8269,"href":"https:\/\/serveiseducatius.xtec.cat\/sants-montjuic\/wp-json\/wp\/v2\/posts\/8256\/revisions\/8269"}],"wp:featuredmedia":[{"embeddable":true,"href":"https:\/\/serveiseducatius.xtec.cat\/sants-montjuic\/wp-json\/wp\/v2\/media\/8262"}],"wp:attachment":[{"href":"https:\/\/serveiseducatius.xtec.cat\/sants-montjuic\/wp-json\/wp\/v2\/media?parent=8256"}],"wp:term":[{"taxonomy":"category","embeddable":true,"href":"https:\/\/serveiseducatius.xtec.cat\/sants-montjuic\/wp-json\/wp\/v2\/categories?post=8256"},{"taxonomy":"post_tag","embeddable":true,"href":"https:\/\/serveiseducatius.xtec.cat\/sants-montjuic\/wp-json\/wp\/v2\/tags?post=8256"}],"curies":[{"name":"wp","href":"https:\/\/api.w.org\/{rel}","templated":true}]}}