{"id":7922,"date":"2024-11-25T15:50:13","date_gmt":"2024-11-25T14:50:13","guid":{"rendered":"https:\/\/serveiseducatius.xtec.cat\/sants-montjuic\/?p=7922"},"modified":"2024-11-25T15:53:46","modified_gmt":"2024-11-25T14:53:46","slug":"seminari-de-coordinacio-cocobe","status":"publish","type":"post","link":"https:\/\/serveiseducatius.xtec.cat\/sants-montjuic\/general\/seminari-de-coordinacio-cocobe\/","title":{"rendered":"Seminari de coordinaci\u00f3 COCOBE"},"content":{"rendered":"<div><img loading=\"lazy\" decoding=\"async\" class=\"CToWUd alignright\" src=\"https:\/\/mail.google.com\/mail\/u\/0?ui=2&amp;ik=83560246c6&amp;attid=0.1&amp;permmsgid=msg-f:1816079441618201855&amp;th=193402a1518aecff&amp;view=fimg&amp;fur=ip&amp;permmsgid=msg-f:1816079441618201855&amp;sz=s0-l75-ft&amp;attbid=ANGjdJ9W1bJKFe6nXINXmme0rMfEwN7PeFZ-UwqRTe36nT8d6sNnoMc81qGa7SekeA7_KpS5j7hAgRZSAs2HmM4BYR7Fk6xR2ZDUNV0bJSAkMM0ojN29Fqg5wtrvy14&amp;disp=emb&amp;realattid=ii_m3n9ahv70&amp;zw\" alt=\"image.png\" width=\"394\" height=\"145\" data-image-whitelisted=\"\" data-bit=\"iit\" \/><\/div>\n<div>Per tal de facilitar a la nova figura COCOBE un espai on compartir les experi\u00e8ncies i les maneres d\u2019enfocar el c\u00e0rrec en q\u00fcesti\u00f3, aix\u00ed com crear propostes de treball als centres vinculades a les responsabilitats del c\u00e0rrec\u00a0es crea <strong>un seminari de coordinaci\u00f3 espec\u00edfic<\/strong>. A m\u00e9s, els membres d\u2019aquest seminari podran construir de manera adaptada al context de cada centre una xarxa de suport per a\u00a0la reflexi\u00f3 conjunta i el desplegament de les seves funcions.<\/div>\n<div><\/div>\n<div><a href=\"https:\/\/sites.google.com\/xtec.cat\/seminari-cocobe-24-25\/p%C3%A0gina-principal\" target=\"_blank\" rel=\"noopener\" data-saferedirecturl=\"https:\/\/www.google.com\/url?q=https:\/\/sites.google.com\/xtec.cat\/seminari-cocobe-24-25\/p%25C3%25A0gina-principal&amp;source=gmail&amp;ust=1732631776455000&amp;usg=AOvVaw2VTTu8NO9jGWvdr_7mTouu\">https:\/\/sites.google.com\/xtec.<wbr \/>cat\/seminari-cocobe-24-25\/p%<wbr \/>C3%A0gina-principal<\/a><\/div>\n<div><\/div>\n<div><\/div>\n","protected":false},"excerpt":{"rendered":"<p>Per tal de facilitar a la nova figura COCOBE un espai on compartir les experi\u00e8ncies i les maneres d\u2019enfocar el c\u00e0rrec en q\u00fcesti\u00f3, aix\u00ed com crear propostes de treball als centres vinculades a les responsabilitats del c\u00e0rrec\u00a0es crea un seminari de coordinaci\u00f3 espec\u00edfic. A m\u00e9s, els membres d\u2019aquest seminari podran construir de manera adaptada al context de cada centre una xarxa de suport per a\u00a0la reflexi\u00f3 conjunta i el desplegament de les seves funcions.<\/p>\n","protected":false},"author":1,"featured_media":7931,"comment_status":"closed","ping_status":"closed","sticky":false,"template":"","format":"standard","meta":{"_bbp_topic_count":0,"_bbp_reply_count":0,"_bbp_total_topic_count":0,"_bbp_total_reply_count":0,"_bbp_voice_count":0,"_bbp_anonymous_reply_count":0,"_bbp_topic_count_hidden":0,"_bbp_reply_count_hidden":0,"_bbp_forum_subforum_count":0,"site-sidebar-layout":"default","site-content-layout":"","ast-site-content-layout":"","site-content-style":"default","site-sidebar-style":"default","ast-global-header-display":"","ast-banner-title-visibility":"","ast-main-header-display":"","ast-hfb-above-header-display":"","ast-hfb-below-header-display":"","ast-hfb-mobile-header-display":"","site-post-title":"","ast-breadcrumbs-content":"","ast-featured-img":"","footer-sml-layout":"","theme-transparent-header-meta":"","adv-header-id-meta":"","stick-header-meta":"","header-above-stick-meta":"","header-main-stick-meta":"","header-below-stick-meta":"","astra-migrate-meta-layouts":"default","ast-page-background-enabled":"default","ast-page-background-meta":{"desktop":{"background-color":"var(--ast-global-color-4)","background-image":"","background-repeat":"repeat","background-position":"center center","background-size":"auto","background-attachment":"scroll","background-type":"","background-media":"","overlay-type":"","overlay-color":"","overlay-opacity":"","overlay-gradient":""},"tablet":{"background-color":"","background-image":"","background-repeat":"repeat","background-position":"center center","background-size":"auto","background-attachment":"scroll","background-type":"","background-media":"","overlay-type":"","overlay-color":"","overlay-opacity":"","overlay-gradient":""},"mobile":{"background-color":"","background-image":"","background-repeat":"repeat","background-position":"center center","background-size":"auto","background-attachment":"scroll","background-type":"","background-media":"","overlay-type":"","overlay-color":"","overlay-opacity":"","overlay-gradient":""}},"ast-content-background-meta":{"desktop":{"background-color":"var(--ast-global-color-5)","background-image":"","background-repeat":"repeat","background-position":"center center","background-size":"auto","background-attachment":"scroll","background-type":"","background-media":"","overlay-type":"","overlay-color":"","overlay-opacity":"","overlay-gradient":""},"tablet":{"background-color":"var(--ast-global-color-5)","background-image":"","background-repeat":"repeat","background-position":"center center","background-size":"auto","background-attachment":"scroll","background-type":"","background-media":"","overlay-type":"","overlay-color":"","overlay-opacity":"","overlay-gradient":""},"mobile":{"background-color":"var(--ast-global-color-5)","background-image":"","background-repeat":"repeat","background-position":"center center","background-size":"auto","background-attachment":"scroll","background-type":"","background-media":"","overlay-type":"","overlay-color":"","overlay-opacity":"","overlay-gradient":""}},"footnotes":""},"categories":[328,1,29],"tags":[501,500,502],"class_list":["post-7922","post","type-post","status-publish","format-standard","has-post-thumbnail","hentry","category-comunitat-educativa-sants-montjuic","category-general","category-portada","tag-benestar","tag-coeducacio","tag-convivencia"],"post_mailing_queue_ids":[],"_links":{"self":[{"href":"https:\/\/serveiseducatius.xtec.cat\/sants-montjuic\/wp-json\/wp\/v2\/posts\/7922","targetHints":{"allow":["GET"]}}],"collection":[{"href":"https:\/\/serveiseducatius.xtec.cat\/sants-montjuic\/wp-json\/wp\/v2\/posts"}],"about":[{"href":"https:\/\/serveiseducatius.xtec.cat\/sants-montjuic\/wp-json\/wp\/v2\/types\/post"}],"author":[{"embeddable":true,"href":"https:\/\/serveiseducatius.xtec.cat\/sants-montjuic\/wp-json\/wp\/v2\/users\/1"}],"replies":[{"embeddable":true,"href":"https:\/\/serveiseducatius.xtec.cat\/sants-montjuic\/wp-json\/wp\/v2\/comments?post=7922"}],"version-history":[{"count":5,"href":"https:\/\/serveiseducatius.xtec.cat\/sants-montjuic\/wp-json\/wp\/v2\/posts\/7922\/revisions"}],"predecessor-version":[{"id":7930,"href":"https:\/\/serveiseducatius.xtec.cat\/sants-montjuic\/wp-json\/wp\/v2\/posts\/7922\/revisions\/7930"}],"wp:featuredmedia":[{"embeddable":true,"href":"https:\/\/serveiseducatius.xtec.cat\/sants-montjuic\/wp-json\/wp\/v2\/media\/7931"}],"wp:attachment":[{"href":"https:\/\/serveiseducatius.xtec.cat\/sants-montjuic\/wp-json\/wp\/v2\/media?parent=7922"}],"wp:term":[{"taxonomy":"category","embeddable":true,"href":"https:\/\/serveiseducatius.xtec.cat\/sants-montjuic\/wp-json\/wp\/v2\/categories?post=7922"},{"taxonomy":"post_tag","embeddable":true,"href":"https:\/\/serveiseducatius.xtec.cat\/sants-montjuic\/wp-json\/wp\/v2\/tags?post=7922"}],"curies":[{"name":"wp","href":"https:\/\/api.w.org\/{rel}","templated":true}]}}