{"id":7802,"date":"2024-06-07T10:44:57","date_gmt":"2024-06-07T08:44:57","guid":{"rendered":"https:\/\/serveiseducatius.xtec.cat\/sants-montjuic\/?p=7802"},"modified":"2024-07-15T18:25:31","modified_gmt":"2024-07-15T16:25:31","slug":"projecte-connectem-amb-al-jardi-botanic","status":"publish","type":"post","link":"https:\/\/serveiseducatius.xtec.cat\/sants-montjuic\/general\/projecte-connectem-amb-al-jardi-botanic\/","title":{"rendered":"Projecte connectem amb&#8230; al Jard\u00ed Bot\u00e0nic"},"content":{"rendered":"<p><strong>Connectem amb&#8230;<\/strong> \u00e9s un projecte de proximitat en col\u00b7laboraci\u00f3 entre el museu i l&#8217;escola amb durada d\u2019un trimestre.<\/p>\n<p>Aquest projecte sorgeix a partir de la voluntat de promoure la connexi\u00f3 entre el Museu de Ci\u00e8ncies Naturals de Barcelona, en concret del Jard\u00ed Bot\u00e0nic de Barcelona, el territori i els centres educatius del districte de Sants\u2013Montju\u00efc.<br \/>\nEnguany se celebra el 25\u00e8 aniversari del Jard\u00ed Bot\u00e0nic de Barcelona. En aquesta edici\u00f3 es parteix de la descoberta d\u2019un espai natural proper al centre educatiu per con\u00e8ixer la seva biodiversitat, representativa de la Muntanya de Montju\u00efc. L\u2019observaci\u00f3, la investigaci\u00f3 i la identificaci\u00f3 de les diferents esp\u00e8cies del jard\u00ed o parc escollit ser\u00e0 clau per finalitzar el proc\u00e9s amb l\u2019elaboraci\u00f3 d\u2019una guia cient\u00edfica. Especialistes en disseny gr\u00e0fic assessoraran en la creaci\u00f3 d\u2019aquesta guia de 25 esp\u00e8cies.<\/p>\n<ul>\n<li>Cicle d\u2019educaci\u00f3 prim\u00e0ria recomanat: Cicle superior (5\u00e8 i 6\u00e8)<\/li>\n<li>Dates: Curs escolar 2024\/25. De setembre a desembre 2024.<\/li>\n<li>Nombre de grups classe: 8<\/li>\n<li>Lloc: Museu de Ci\u00e8ncies Naturals de Barcelona \u2013 Jard\u00ed Bot\u00e0nic de Barcelona i escoles participants.<\/li>\n<li>Preu: Gratu\u00eft.<\/li>\n<li><a href=\"https:\/\/drive.google.com\/file\/d\/1ANGc285TiLHMuRPJny3JrFAaPJTNiZxL\/view?usp=sharing\">Dossier del programa.<\/a><\/li>\n<\/ul>\n<p>Si esteu interessats\/des en participar-hi contacteu en el seg\u00fcent correu: <a href=\"mailto:edunat@bc.cat\" target=\"_blank\" rel=\"noopener\">edunat@bc.cat<\/a>.<br \/>\nPer a m\u00e9s informaci\u00f3, consulteu el nostre web: https:\/\/edunat.museuciencies.cat\/inclusio\/connectem\/<\/p>\n","protected":false},"excerpt":{"rendered":"<p>Projecte de proximitat en col\u00b7laboraci\u00f3 entre el museu i l&#8217;escola amb durada d\u2019un trimestre.<\/p>\n","protected":false},"author":1,"featured_media":7803,"comment_status":"open","ping_status":"closed","sticky":false,"template":"","format":"standard","meta":{"_bbp_topic_count":0,"_bbp_reply_count":0,"_bbp_total_topic_count":0,"_bbp_total_reply_count":0,"_bbp_voice_count":0,"_bbp_anonymous_reply_count":0,"_bbp_topic_count_hidden":0,"_bbp_reply_count_hidden":0,"_bbp_forum_subforum_count":0,"site-sidebar-layout":"default","site-content-layout":"","ast-site-content-layout":"","site-content-style":"default","site-sidebar-style":"default","ast-global-header-display":"","ast-banner-title-visibility":"","ast-main-header-display":"","ast-hfb-above-header-display":"","ast-hfb-below-header-display":"","ast-hfb-mobile-header-display":"","site-post-title":"","ast-breadcrumbs-content":"","ast-featured-img":"","footer-sml-layout":"","theme-transparent-header-meta":"","adv-header-id-meta":"","stick-header-meta":"","header-above-stick-meta":"","header-main-stick-meta":"","header-below-stick-meta":"","astra-migrate-meta-layouts":"default","ast-page-background-enabled":"default","ast-page-background-meta":{"desktop":{"background-color":"var(--ast-global-color-4)","background-image":"","background-repeat":"repeat","background-position":"center center","background-size":"auto","background-attachment":"scroll","background-type":"","background-media":"","overlay-type":"","overlay-color":"","overlay-opacity":"","overlay-gradient":""},"tablet":{"background-color":"","background-image":"","background-repeat":"repeat","background-position":"center center","background-size":"auto","background-attachment":"scroll","background-type":"","background-media":"","overlay-type":"","overlay-color":"","overlay-opacity":"","overlay-gradient":""},"mobile":{"background-color":"","background-image":"","background-repeat":"repeat","background-position":"center center","background-size":"auto","background-attachment":"scroll","background-type":"","background-media":"","overlay-type":"","overlay-color":"","overlay-opacity":"","overlay-gradient":""}},"ast-content-background-meta":{"desktop":{"background-color":"var(--ast-global-color-5)","background-image":"","background-repeat":"repeat","background-position":"center center","background-size":"auto","background-attachment":"scroll","background-type":"","background-media":"","overlay-type":"","overlay-color":"","overlay-opacity":"","overlay-gradient":""},"tablet":{"background-color":"var(--ast-global-color-5)","background-image":"","background-repeat":"repeat","background-position":"center center","background-size":"auto","background-attachment":"scroll","background-type":"","background-media":"","overlay-type":"","overlay-color":"","overlay-opacity":"","overlay-gradient":""},"mobile":{"background-color":"var(--ast-global-color-5)","background-image":"","background-repeat":"repeat","background-position":"center center","background-size":"auto","background-attachment":"scroll","background-type":"","background-media":"","overlay-type":"","overlay-color":"","overlay-opacity":"","overlay-gradient":""}},"footnotes":""},"categories":[1,29],"tags":[],"class_list":["post-7802","post","type-post","status-publish","format-standard","has-post-thumbnail","hentry","category-general","category-portada"],"post_mailing_queue_ids":[],"_links":{"self":[{"href":"https:\/\/serveiseducatius.xtec.cat\/sants-montjuic\/wp-json\/wp\/v2\/posts\/7802","targetHints":{"allow":["GET"]}}],"collection":[{"href":"https:\/\/serveiseducatius.xtec.cat\/sants-montjuic\/wp-json\/wp\/v2\/posts"}],"about":[{"href":"https:\/\/serveiseducatius.xtec.cat\/sants-montjuic\/wp-json\/wp\/v2\/types\/post"}],"author":[{"embeddable":true,"href":"https:\/\/serveiseducatius.xtec.cat\/sants-montjuic\/wp-json\/wp\/v2\/users\/1"}],"replies":[{"embeddable":true,"href":"https:\/\/serveiseducatius.xtec.cat\/sants-montjuic\/wp-json\/wp\/v2\/comments?post=7802"}],"version-history":[{"count":4,"href":"https:\/\/serveiseducatius.xtec.cat\/sants-montjuic\/wp-json\/wp\/v2\/posts\/7802\/revisions"}],"predecessor-version":[{"id":7848,"href":"https:\/\/serveiseducatius.xtec.cat\/sants-montjuic\/wp-json\/wp\/v2\/posts\/7802\/revisions\/7848"}],"wp:featuredmedia":[{"embeddable":true,"href":"https:\/\/serveiseducatius.xtec.cat\/sants-montjuic\/wp-json\/wp\/v2\/media\/7803"}],"wp:attachment":[{"href":"https:\/\/serveiseducatius.xtec.cat\/sants-montjuic\/wp-json\/wp\/v2\/media?parent=7802"}],"wp:term":[{"taxonomy":"category","embeddable":true,"href":"https:\/\/serveiseducatius.xtec.cat\/sants-montjuic\/wp-json\/wp\/v2\/categories?post=7802"},{"taxonomy":"post_tag","embeddable":true,"href":"https:\/\/serveiseducatius.xtec.cat\/sants-montjuic\/wp-json\/wp\/v2\/tags?post=7802"}],"curies":[{"name":"wp","href":"https:\/\/api.w.org\/{rel}","templated":true}]}}