{"id":7781,"date":"2024-05-21T11:17:06","date_gmt":"2024-05-21T09:17:06","guid":{"rendered":"https:\/\/serveiseducatius.xtec.cat\/sants-montjuic\/?p=7781"},"modified":"2024-05-31T11:42:32","modified_gmt":"2024-05-31T09:42:32","slug":"els-ulls-de-la-historia-portem-el-patrimoni-a-laula","status":"publish","type":"post","link":"https:\/\/serveiseducatius.xtec.cat\/sants-montjuic\/general\/els-ulls-de-la-historia-portem-el-patrimoni-a-laula\/","title":{"rendered":"Els Ulls de la Hist\u00f2ria: El patrimoni a l\u2019aula"},"content":{"rendered":"<p><b>Des de l\u2019Ag\u00e8ncia Catalana del Patrimoni Cultural, ens complau presentar-vos \u201c<\/b><a href=\"https:\/\/www.youtube.com\/watch?v=1vEkJindsrE\"><b>Els Ulls de la Hist\u00f2ria<\/b><\/a><b>\u201d.\u00a0<\/b><\/p>\n<p><span style=\"font-weight: 400;\">Aquest projecte innovador vol ser l\u2019oportunitat de fer arribar el patrimoni a tothom gr\u00e0cies al binomi entre noves tecnologies i nous relats cuidats que transmeten l\u2019estima pel nostre llegat i ens ajuden a reflexionar sobre el futur.\u00a0\u00a0<\/span><\/p>\n<p><span style=\"font-weight: 400;\">Per fer-ho possible,<\/span><b> centrem la mirada en quatre grans l\u00ednies de treball que trobem essencials:\u00a0\u00a0<\/b><\/p>\n<ul>\n<li><span style=\"font-weight: 400;\"> \u00a0 \u00a0 \u00a0 el relat: una mirada contempor\u00e0nia a trav\u00e9s de microrelats i amb estil proper.\u00a0<\/span><\/li>\n<li><span style=\"font-weight: 400;\"> \u00a0 \u00a0 \u00a0 l\u2019entorn digital immersiu: un salt al metavers gr\u00e0cies a la RV per crear una experi\u00e8ncia sensorial, suggestiva i participativa.\u00a0\u00a0<\/span><\/li>\n<li><span style=\"font-weight: 400;\"> \u00a0 \u00a0 \u00a0 la museografia: la renovaci\u00f3 de les museografies a cinc monuments catalans de refer\u00e8ncia, per promoure experi\u00e8ncies de visita renovades i engrescadores, i assegurar l\u2019accessibilitat universal i la inclusi\u00f3 a tots nivells.\u00a0<\/span><\/li>\n<li><span style=\"font-weight: 400;\"> \u00a0 \u00a0 \u00a0 la pedagogia: una experi\u00e8ncia did\u00e0ctica itinerant centrada a treballar el nou curr\u00edculum educatiu a trav\u00e9s de l\u2019experi\u00e8ncia RV, per a l&#8217;alumnat de primer cicle de secund\u00e0ria.\u00a0\u00a0<\/span><\/li>\n<\/ul>\n<p><span style=\"font-weight: 400;\">Aquest darrer punt, la pedagogia, \u00e9s una de les nostres prioritats.\u00a0<\/span><\/p>\n<p><span style=\"font-weight: 400;\">Per aix\u00f2 hem creat l&#8217;Experi\u00e8ncia Did\u00e0ctica Els Ulls de la Hist\u00f2ria, una proposta immersiva que vol arribar a tots els centres de Catalunya. En aquesta aventura l\u2019alumnat podr\u00e0 con\u00e8ixer cinc equipaments del territori gr\u00e0cies a la Realitat Virtual, sempre acompanyat de l\u2019equip de mediaci\u00f3. A m\u00e9s a m\u00e9s, l\u2019experi\u00e8ncia anir\u00e0 acompanyada de<\/span><\/p>\n<p><span style=\"font-weight: 400;\">diverses unitats did\u00e0ctiques per treballar la part pr\u00e8via i posterior. Tot amb l\u2019objectiu de consolidar coneixements i presentar, amb un llenguatge proper, el patrimoni com un element essencial per entendre d\u2019on venim i cap a on anem.<\/span><\/p>\n<p><span style=\"font-weight: 400;\">Per tal que el professorat pugui con\u00e8ixer millor aquest projecte, des de l\u2019ACPC organitza la presentaci\u00f3 de l\u2019Experi\u00e8ncia Educativa Els Ulls de la Hist\u00f2ria. Un acte programat pel proper dijous 13 de juny, al Palau Moja (Barcelona).<\/span><\/p>\n<p><b>A qui est\u00e0 adre\u00e7ada aquesta jornada?<\/b><\/p>\n<p><span style=\"font-weight: 400;\">Aquest acte dirigit a professionals dels centres educatius de secund\u00e0ria de Catalunya, vol ser un espai de trobada on el professorat pugui con\u00e8ixer com la tecnologia immersiva pot transformar l\u2019experi\u00e8ncia d\u2019aprenentatge vers el patrimoni.<\/span><\/p>\n<p><span style=\"font-weight: 400;\">A l\u2019acte ens acompanyaran representants de l\u2019Ag\u00e8ncia Catalana del Patrimoni de Catalunya, el coordinador general del projecte i membres del servei educatiu i de l\u2019equip t\u00e8cnic, per resoldre qualsevol dubte.<\/span><\/p>\n<p><b>En qu\u00e8 consistir\u00e0?<\/b><\/p>\n<p><span style=\"font-weight: 400;\">Aquesta jornada informativa ser\u00e0 un espai on:<\/span><\/p>\n<p><span style=\"font-weight: 400;\">Poder de con\u00e8ixer el projecte i descobrir les potencialitats, els continguts del microrelat i els objectius pedag\u00f2gics del programa educatiu \u201cEls Ulls de la Hist\u00f2ria\u201d.<\/span><\/p>\n<p><span style=\"font-weight: 400;\">Parlar directament amb l\u2019equip de mediaci\u00f3 per con\u00e8ixer el sistema de reserves, les itiner\u00e0ncies i tamb\u00e9 descobrir tot el material complementari de \u201cEls Ulls de la Hist\u00f2ria\u201d.<\/span><\/p>\n<p><span style=\"font-weight: 400;\">A m\u00e9s a m\u00e9s, la jornada tamb\u00e9 comptar\u00e0 amb una petita demostraci\u00f3 de l\u2019experi\u00e8ncia immersiva per tots els docents que assisteixin. Aquest tast permetr\u00e0 comprendre com l\u2019alumne viur\u00e0 l\u2019activitat i descobrir com la uni\u00f3 del contingut educatiu i la realitat virtual creen una experi\u00e8ncia educativa \u00fanica.<\/span><\/p>\n<p><span style=\"font-weight: 400;\">Despr\u00e9s d\u2019aquesta breu part vivencial, el professorat podr\u00e0 informar-se sobre tot el contingut educatiu del programa, el sistema de reserves i tamb\u00e9 con\u00e8ixer les necessitats t\u00e8cniques dels espais on instal\u00b7lar aquestes aules immersives.<\/span><\/p>\n<p><span style=\"font-weight: 400;\">En acabar, els professionals docents hauran conegut les accions, l\u2019impacte i els beneficis d\u2019aquest nou programa educatiu itinerant creat per posar en valor el patrimoni catal\u00e0 mentre l\u2019alumnat gaudeix i apr\u00e8n.<\/span><\/p>\n<p><span style=\"font-weight: 400;\">Inscriviu-vos a la jornada a trav\u00e9s <\/span><a href=\"https:\/\/forms.office.com\/pages\/responsepage.aspx?id=3CeUOw7TvEOMBv9yU2dv7D-JGZxhh2REtRcyOlioFnVURFZFMVVOVVFYM1RaQ1g2RkJEQTBWMEdZSy4u\"><span style=\"font-weight: 400;\">d\u2019aquest enlla\u00e7<\/span><\/a><span style=\"font-weight: 400;\">.<\/span><\/p>\n","protected":false},"excerpt":{"rendered":"<p>Aquest projecte innovador vol ser l\u2019oportunitat de fer arribar el patrimoni a tothom gr\u00e0cies al binomi entre noves tecnologies i nous relats cuidats que transmeten l\u2019estima pel nostre llegat i ens ajuden a reflexionar sobre el futur.\u00a0\u00a0<\/p>\n","protected":false},"author":1,"featured_media":7782,"comment_status":"open","ping_status":"closed","sticky":false,"template":"","format":"standard","meta":{"_bbp_topic_count":0,"_bbp_reply_count":0,"_bbp_total_topic_count":0,"_bbp_total_reply_count":0,"_bbp_voice_count":0,"_bbp_anonymous_reply_count":0,"_bbp_topic_count_hidden":0,"_bbp_reply_count_hidden":0,"_bbp_forum_subforum_count":0,"site-sidebar-layout":"default","site-content-layout":"","ast-site-content-layout":"","site-content-style":"default","site-sidebar-style":"default","ast-global-header-display":"","ast-banner-title-visibility":"","ast-main-header-display":"","ast-hfb-above-header-display":"","ast-hfb-below-header-display":"","ast-hfb-mobile-header-display":"","site-post-title":"","ast-breadcrumbs-content":"","ast-featured-img":"","footer-sml-layout":"","theme-transparent-header-meta":"","adv-header-id-meta":"","stick-header-meta":"","header-above-stick-meta":"","header-main-stick-meta":"","header-below-stick-meta":"","astra-migrate-meta-layouts":"default","ast-page-background-enabled":"default","ast-page-background-meta":{"desktop":{"background-color":"var(--ast-global-color-4)","background-image":"","background-repeat":"repeat","background-position":"center center","background-size":"auto","background-attachment":"scroll","background-type":"","background-media":"","overlay-type":"","overlay-color":"","overlay-opacity":"","overlay-gradient":""},"tablet":{"background-color":"","background-image":"","background-repeat":"repeat","background-position":"center center","background-size":"auto","background-attachment":"scroll","background-type":"","background-media":"","overlay-type":"","overlay-color":"","overlay-opacity":"","overlay-gradient":""},"mobile":{"background-color":"","background-image":"","background-repeat":"repeat","background-position":"center center","background-size":"auto","background-attachment":"scroll","background-type":"","background-media":"","overlay-type":"","overlay-color":"","overlay-opacity":"","overlay-gradient":""}},"ast-content-background-meta":{"desktop":{"background-color":"var(--ast-global-color-5)","background-image":"","background-repeat":"repeat","background-position":"center center","background-size":"auto","background-attachment":"scroll","background-type":"","background-media":"","overlay-type":"","overlay-color":"","overlay-opacity":"","overlay-gradient":""},"tablet":{"background-color":"var(--ast-global-color-5)","background-image":"","background-repeat":"repeat","background-position":"center center","background-size":"auto","background-attachment":"scroll","background-type":"","background-media":"","overlay-type":"","overlay-color":"","overlay-opacity":"","overlay-gradient":""},"mobile":{"background-color":"var(--ast-global-color-5)","background-image":"","background-repeat":"repeat","background-position":"center center","background-size":"auto","background-attachment":"scroll","background-type":"","background-media":"","overlay-type":"","overlay-color":"","overlay-opacity":"","overlay-gradient":""}},"footnotes":""},"categories":[1,29],"tags":[],"class_list":["post-7781","post","type-post","status-publish","format-standard","has-post-thumbnail","hentry","category-general","category-portada"],"post_mailing_queue_ids":[],"_links":{"self":[{"href":"https:\/\/serveiseducatius.xtec.cat\/sants-montjuic\/wp-json\/wp\/v2\/posts\/7781","targetHints":{"allow":["GET"]}}],"collection":[{"href":"https:\/\/serveiseducatius.xtec.cat\/sants-montjuic\/wp-json\/wp\/v2\/posts"}],"about":[{"href":"https:\/\/serveiseducatius.xtec.cat\/sants-montjuic\/wp-json\/wp\/v2\/types\/post"}],"author":[{"embeddable":true,"href":"https:\/\/serveiseducatius.xtec.cat\/sants-montjuic\/wp-json\/wp\/v2\/users\/1"}],"replies":[{"embeddable":true,"href":"https:\/\/serveiseducatius.xtec.cat\/sants-montjuic\/wp-json\/wp\/v2\/comments?post=7781"}],"version-history":[{"count":2,"href":"https:\/\/serveiseducatius.xtec.cat\/sants-montjuic\/wp-json\/wp\/v2\/posts\/7781\/revisions"}],"predecessor-version":[{"id":7789,"href":"https:\/\/serveiseducatius.xtec.cat\/sants-montjuic\/wp-json\/wp\/v2\/posts\/7781\/revisions\/7789"}],"wp:featuredmedia":[{"embeddable":true,"href":"https:\/\/serveiseducatius.xtec.cat\/sants-montjuic\/wp-json\/wp\/v2\/media\/7782"}],"wp:attachment":[{"href":"https:\/\/serveiseducatius.xtec.cat\/sants-montjuic\/wp-json\/wp\/v2\/media?parent=7781"}],"wp:term":[{"taxonomy":"category","embeddable":true,"href":"https:\/\/serveiseducatius.xtec.cat\/sants-montjuic\/wp-json\/wp\/v2\/categories?post=7781"},{"taxonomy":"post_tag","embeddable":true,"href":"https:\/\/serveiseducatius.xtec.cat\/sants-montjuic\/wp-json\/wp\/v2\/tags?post=7781"}],"curies":[{"name":"wp","href":"https:\/\/api.w.org\/{rel}","templated":true}]}}