{"id":7119,"date":"2023-05-16T20:59:34","date_gmt":"2023-05-16T18:59:34","guid":{"rendered":"https:\/\/serveiseducatius.xtec.cat\/sants-montjuic\/?p=7119"},"modified":"2023-05-26T09:00:35","modified_gmt":"2023-05-26T07:00:35","slug":"amics-invisibles","status":"publish","type":"post","link":"https:\/\/serveiseducatius.xtec.cat\/sants-montjuic\/portada\/amics-invisibles\/","title":{"rendered":"Amics imaginaris"},"content":{"rendered":"<p><strong>C\u00e0psula formativa d\u2019Educaci\u00f3 art\u00edstica<\/strong><\/p>\n<p><strong><span style=\"color: red;\">Amics imaginaris que fan grans preguntes<\/span><\/strong><\/p>\n<p>Una de les caracter\u00edstiques de l\u2019art contemporani \u00e9s que plantegen grans<br \/>\nq\u00fcestions. Qu\u00e8 \u00e9s l\u2019art? Qui som nosaltres? Qu\u00e8 fem al m\u00f3n? Com l\u2019habitem?<br \/>\nCom es posiciona l\u2019artista? A la vegada, gran part de la feina de la doc\u00e8ncia<br \/>\n\u00e9s preguntar i respondre. Tant els estils docents cl\u00e0ssics (ex\u00e0mens orals i<br \/>\nescrits, preguntar la lli\u00e7\u00f3, etc), com els estils docents innovadors basen<br \/>\nl\u2019aprenentatge en plantejar preguntes per a bastir projectes. Per\u00f2, per qu\u00e8 i<br \/>\ncom preguntem en el m\u00f3n educatiu?<\/p>\n<p>En aquestes sessions de formaci\u00f3 us convidem a respondre aquestes<br \/>\nq\u00fcestions des del di\u00e0leg i el joc.<\/p>\n<p><a href=\"https:\/\/serveiseducatius.xtec.cat\/sants-montjuic\/wp-content\/uploads\/usu496\/2023\/05\/amics-invisibles.png\"><img loading=\"lazy\" decoding=\"async\" class=\"alignnone wp-image-7120\" src=\"https:\/\/serveiseducatius.xtec.cat\/sants-montjuic\/wp-content\/uploads\/usu496\/2023\/05\/amics-invisibles.png\" alt=\"\" width=\"559\" height=\"368\" srcset=\"https:\/\/serveiseducatius.xtec.cat\/sants-montjuic\/wp-content\/uploads\/usu496\/2023\/05\/amics-invisibles.png 799w, https:\/\/serveiseducatius.xtec.cat\/sants-montjuic\/wp-content\/uploads\/usu496\/2023\/05\/amics-invisibles-300x197.png 300w, https:\/\/serveiseducatius.xtec.cat\/sants-montjuic\/wp-content\/uploads\/usu496\/2023\/05\/amics-invisibles-768x506.png 768w\" sizes=\"auto, (max-width: 559px) 100vw, 559px\" \/><\/a><\/p>\n<p><a href=\"https:\/\/serveiseducatius.xtec.cat\/sants-montjuic\/wp-content\/uploads\/usu496\/2023\/05\/Captura-de-pantalla-2023-05-16-155959.png\"><img loading=\"lazy\" decoding=\"async\" class=\"alignnone size-full wp-image-7124\" src=\"https:\/\/serveiseducatius.xtec.cat\/sants-montjuic\/wp-content\/uploads\/usu496\/2023\/05\/Captura-de-pantalla-2023-05-16-155959.png\" alt=\"\" width=\"561\" height=\"41\" srcset=\"https:\/\/serveiseducatius.xtec.cat\/sants-montjuic\/wp-content\/uploads\/usu496\/2023\/05\/Captura-de-pantalla-2023-05-16-155959.png 561w, https:\/\/serveiseducatius.xtec.cat\/sants-montjuic\/wp-content\/uploads\/usu496\/2023\/05\/Captura-de-pantalla-2023-05-16-155959-300x22.png 300w\" sizes=\"auto, (max-width: 561px) 100vw, 561px\" \/><\/a><\/p>\n<p><strong>\u00c0mbit o mat\u00e8ria de l\u2019activitat:<\/strong> Educaci\u00f3 art\u00edstica<br \/>\n<strong>Destinataris:<\/strong> tots els nivells educatius<br \/>\n<strong>Docent:<\/strong> Anna Pantinat Hern\u00e1ndez<br \/>\n<strong>Dates i horari:<\/strong> dimecres 28 de juny i dijous 29 de juny de 2023, de 16 a 19h.<br \/>\n<strong>Lloc:<\/strong> Fundaci\u00f3 Joan Mir\u00f3<br \/>\n<strong>Durada:<\/strong> 6 hores<\/p>\n<p><strong>Objectius:<\/strong><\/p>\n<ul>\n<li>\u00a0Experimentar l\u2019art contemporani i les q\u00fcestions que planteja.<\/li>\n<li>Generar bones preguntes per a aprendre m\u00e9s i millor.<\/li>\n<\/ul>\n<p><strong>Continguts:<\/strong><\/p>\n<ul>\n<li>El rol docent i el tipus de preguntes que fem.<\/li>\n<li>Preguntar &#8211; respondre com a motor d\u2019aprenentatge.<\/li>\n<li>Respostes que et pugui donar Google i respostes que generen m\u00e9s<br \/>\npreguntes.<\/li>\n<\/ul>\n<p>Jornada gratu\u00efta, inscripcions al seg\u00fcent enlla\u00e7:<br \/>\n<a href=\"https:\/\/aplicacions.gestioeducativa.gencat.cat\/pls\/soloas\/pk_for_mod_ins.p_for_detall_activitat?p_header=Selecci%F3%5epk_for_mod_ins.p_for_form_cons_act?p_excloure_crp_rec=T*Llista%20d%27activitats%5epk_for_mod_ins.p_for_cons_activitats?p_crp=103%26p_crp_txt=Sants-Montju%EFc%26p_totes=S%26p_inici=11%26p_excloure_crp_rec=T&amp;p_codi=1030181103&amp;p_curs=2022-2023&amp;p_excloure_crp_rec=T\">ENLLA\u00c7 INSCIRPCIONS<\/a><\/p>\n<p><a href=\"https:\/\/serveiseducatius.xtec.cat\/sants-montjuic\/wp-content\/uploads\/usu496\/2023\/05\/Captura-de-pantalla-2023-05-16-161009.png\"><img loading=\"lazy\" decoding=\"async\" class=\"alignnone wp-image-7130\" src=\"https:\/\/serveiseducatius.xtec.cat\/sants-montjuic\/wp-content\/uploads\/usu496\/2023\/05\/Captura-de-pantalla-2023-05-16-161009.png\" alt=\"\" width=\"511\" height=\"116\" srcset=\"https:\/\/serveiseducatius.xtec.cat\/sants-montjuic\/wp-content\/uploads\/usu496\/2023\/05\/Captura-de-pantalla-2023-05-16-161009.png 555w, https:\/\/serveiseducatius.xtec.cat\/sants-montjuic\/wp-content\/uploads\/usu496\/2023\/05\/Captura-de-pantalla-2023-05-16-161009-300x68.png 300w\" sizes=\"auto, (max-width: 511px) 100vw, 511px\" \/><\/a><\/p>\n","protected":false},"excerpt":{"rendered":"<p>Jornada de formaci\u00f3 Art\u00edstica. Les preguntes com a motor d&#8217;aprenentatge.<\/p>\n","protected":false},"author":1,"featured_media":7134,"comment_status":"open","ping_status":"closed","sticky":false,"template":"","format":"standard","meta":{"_bbp_topic_count":0,"_bbp_reply_count":0,"_bbp_total_topic_count":0,"_bbp_total_reply_count":0,"_bbp_voice_count":0,"_bbp_anonymous_reply_count":0,"_bbp_topic_count_hidden":0,"_bbp_reply_count_hidden":0,"_bbp_forum_subforum_count":0,"site-sidebar-layout":"default","site-content-layout":"","ast-site-content-layout":"","site-content-style":"default","site-sidebar-style":"default","ast-global-header-display":"","ast-banner-title-visibility":"","ast-main-header-display":"","ast-hfb-above-header-display":"","ast-hfb-below-header-display":"","ast-hfb-mobile-header-display":"","site-post-title":"","ast-breadcrumbs-content":"","ast-featured-img":"","footer-sml-layout":"","theme-transparent-header-meta":"","adv-header-id-meta":"","stick-header-meta":"","header-above-stick-meta":"","header-main-stick-meta":"","header-below-stick-meta":"","astra-migrate-meta-layouts":"default","ast-page-background-enabled":"default","ast-page-background-meta":{"desktop":{"background-color":"var(--ast-global-color-4)","background-image":"","background-repeat":"repeat","background-position":"center center","background-size":"auto","background-attachment":"scroll","background-type":"","background-media":"","overlay-type":"","overlay-color":"","overlay-opacity":"","overlay-gradient":""},"tablet":{"background-color":"","background-image":"","background-repeat":"repeat","background-position":"center center","background-size":"auto","background-attachment":"scroll","background-type":"","background-media":"","overlay-type":"","overlay-color":"","overlay-opacity":"","overlay-gradient":""},"mobile":{"background-color":"","background-image":"","background-repeat":"repeat","background-position":"center center","background-size":"auto","background-attachment":"scroll","background-type":"","background-media":"","overlay-type":"","overlay-color":"","overlay-opacity":"","overlay-gradient":""}},"ast-content-background-meta":{"desktop":{"background-color":"var(--ast-global-color-5)","background-image":"","background-repeat":"repeat","background-position":"center center","background-size":"auto","background-attachment":"scroll","background-type":"","background-media":"","overlay-type":"","overlay-color":"","overlay-opacity":"","overlay-gradient":""},"tablet":{"background-color":"var(--ast-global-color-5)","background-image":"","background-repeat":"repeat","background-position":"center center","background-size":"auto","background-attachment":"scroll","background-type":"","background-media":"","overlay-type":"","overlay-color":"","overlay-opacity":"","overlay-gradient":""},"mobile":{"background-color":"var(--ast-global-color-5)","background-image":"","background-repeat":"repeat","background-position":"center center","background-size":"auto","background-attachment":"scroll","background-type":"","background-media":"","overlay-type":"","overlay-color":"","overlay-opacity":"","overlay-gradient":""}},"footnotes":""},"categories":[481,29],"tags":[356],"class_list":["post-7119","post","type-post","status-publish","format-standard","has-post-thumbnail","hentry","category-ambit-artistic","category-portada","tag-art"],"post_mailing_queue_ids":[],"_links":{"self":[{"href":"https:\/\/serveiseducatius.xtec.cat\/sants-montjuic\/wp-json\/wp\/v2\/posts\/7119","targetHints":{"allow":["GET"]}}],"collection":[{"href":"https:\/\/serveiseducatius.xtec.cat\/sants-montjuic\/wp-json\/wp\/v2\/posts"}],"about":[{"href":"https:\/\/serveiseducatius.xtec.cat\/sants-montjuic\/wp-json\/wp\/v2\/types\/post"}],"author":[{"embeddable":true,"href":"https:\/\/serveiseducatius.xtec.cat\/sants-montjuic\/wp-json\/wp\/v2\/users\/1"}],"replies":[{"embeddable":true,"href":"https:\/\/serveiseducatius.xtec.cat\/sants-montjuic\/wp-json\/wp\/v2\/comments?post=7119"}],"version-history":[{"count":3,"href":"https:\/\/serveiseducatius.xtec.cat\/sants-montjuic\/wp-json\/wp\/v2\/posts\/7119\/revisions"}],"predecessor-version":[{"id":7218,"href":"https:\/\/serveiseducatius.xtec.cat\/sants-montjuic\/wp-json\/wp\/v2\/posts\/7119\/revisions\/7218"}],"wp:featuredmedia":[{"embeddable":true,"href":"https:\/\/serveiseducatius.xtec.cat\/sants-montjuic\/wp-json\/wp\/v2\/media\/7134"}],"wp:attachment":[{"href":"https:\/\/serveiseducatius.xtec.cat\/sants-montjuic\/wp-json\/wp\/v2\/media?parent=7119"}],"wp:term":[{"taxonomy":"category","embeddable":true,"href":"https:\/\/serveiseducatius.xtec.cat\/sants-montjuic\/wp-json\/wp\/v2\/categories?post=7119"},{"taxonomy":"post_tag","embeddable":true,"href":"https:\/\/serveiseducatius.xtec.cat\/sants-montjuic\/wp-json\/wp\/v2\/tags?post=7119"}],"curies":[{"name":"wp","href":"https:\/\/api.w.org\/{rel}","templated":true}]}}