{"id":6333,"date":"2023-01-23T14:33:05","date_gmt":"2023-01-23T13:33:05","guid":{"rendered":"https:\/\/serveiseducatius.xtec.cat\/sants-montjuic\/?p=6333"},"modified":"2026-02-19T12:42:26","modified_gmt":"2026-02-19T11:42:26","slug":"grups-de-conversa-amb-el-vxl","status":"publish","type":"post","link":"https:\/\/serveiseducatius.xtec.cat\/sants-montjuic\/general\/grups-de-conversa-amb-el-vxl\/","title":{"rendered":"Grups de conversa amb el VxL"},"content":{"rendered":"<h2 dir=\"ltr\">Inauguraci\u00f3 dels grups de conversa seguint el model del Voluntariat per la Llengua (VxL) a l\u2019Escola Seat.<\/h2>\n<p>&nbsp;<\/p>\n<p dir=\"ltr\">El passat divendres 20 de gener es va iniciar l\u2019activitat de grups de conversa seguint el model del <a href=\"https:\/\/www.vxl.cat\/\">Voluntariat per la Llengua<\/a> del Consorci per a la Normalitzaci\u00f3 Ling\u00fc\u00edstica (CPNL).<\/p>\n<p dir=\"ltr\">En aquest acte d\u2019inauguraci\u00f3 es van formar 5 grups i es van donar orientacions, idees i alguns materials per trencar el gel a l\u2019hora de comen\u00e7ar a parlar.<\/p>\n<p><a href=\"https:\/\/serveiseducatius.xtec.cat\/sants-montjuic\/wp-content\/uploads\/usu496\/2023\/01\/IMG_0888.jpg\"><img loading=\"lazy\" decoding=\"async\" class=\"alignnone wp-image-6336\" src=\"https:\/\/serveiseducatius.xtec.cat\/sants-montjuic\/wp-content\/uploads\/usu496\/2023\/01\/IMG_0888-1024x1024.jpg\" alt=\"\" width=\"378\" height=\"378\" srcset=\"https:\/\/serveiseducatius.xtec.cat\/sants-montjuic\/wp-content\/uploads\/usu496\/2023\/01\/IMG_0888-1024x1024.jpg 1024w, https:\/\/serveiseducatius.xtec.cat\/sants-montjuic\/wp-content\/uploads\/usu496\/2023\/01\/IMG_0888-300x300.jpg 300w, https:\/\/serveiseducatius.xtec.cat\/sants-montjuic\/wp-content\/uploads\/usu496\/2023\/01\/IMG_0888-150x150.jpg 150w, https:\/\/serveiseducatius.xtec.cat\/sants-montjuic\/wp-content\/uploads\/usu496\/2023\/01\/IMG_0888-768x768.jpg 768w, https:\/\/serveiseducatius.xtec.cat\/sants-montjuic\/wp-content\/uploads\/usu496\/2023\/01\/IMG_0888.jpg 1080w\" sizes=\"auto, (max-width: 378px) 100vw, 378px\" \/><\/a> <a href=\"https:\/\/serveiseducatius.xtec.cat\/sants-montjuic\/wp-content\/uploads\/usu496\/2023\/01\/IMG_0889.jpg\"><img loading=\"lazy\" decoding=\"async\" class=\"alignnone wp-image-6337\" src=\"https:\/\/serveiseducatius.xtec.cat\/sants-montjuic\/wp-content\/uploads\/usu496\/2023\/01\/IMG_0889-1024x1024.jpg\" alt=\"\" width=\"380\" height=\"380\" srcset=\"https:\/\/serveiseducatius.xtec.cat\/sants-montjuic\/wp-content\/uploads\/usu496\/2023\/01\/IMG_0889-1024x1024.jpg 1024w, https:\/\/serveiseducatius.xtec.cat\/sants-montjuic\/wp-content\/uploads\/usu496\/2023\/01\/IMG_0889-300x300.jpg 300w, https:\/\/serveiseducatius.xtec.cat\/sants-montjuic\/wp-content\/uploads\/usu496\/2023\/01\/IMG_0889-150x150.jpg 150w, https:\/\/serveiseducatius.xtec.cat\/sants-montjuic\/wp-content\/uploads\/usu496\/2023\/01\/IMG_0889-768x768.jpg 768w, https:\/\/serveiseducatius.xtec.cat\/sants-montjuic\/wp-content\/uploads\/usu496\/2023\/01\/IMG_0889.jpg 1080w\" sizes=\"auto, (max-width: 380px) 100vw, 380px\" \/><\/a><a href=\"https:\/\/serveiseducatius.xtec.cat\/sants-montjuic\/wp-content\/uploads\/usu496\/2023\/01\/IMG_0890-scaled.jpg\"><img loading=\"lazy\" decoding=\"async\" class=\"alignnone wp-image-6338\" src=\"https:\/\/serveiseducatius.xtec.cat\/sants-montjuic\/wp-content\/uploads\/usu496\/2023\/01\/IMG_0890-1024x768.jpg\" alt=\"\" width=\"456\" height=\"342\" srcset=\"https:\/\/serveiseducatius.xtec.cat\/sants-montjuic\/wp-content\/uploads\/usu496\/2023\/01\/IMG_0890-1024x768.jpg 1024w, https:\/\/serveiseducatius.xtec.cat\/sants-montjuic\/wp-content\/uploads\/usu496\/2023\/01\/IMG_0890-300x225.jpg 300w, https:\/\/serveiseducatius.xtec.cat\/sants-montjuic\/wp-content\/uploads\/usu496\/2023\/01\/IMG_0890-768x576.jpg 768w, https:\/\/serveiseducatius.xtec.cat\/sants-montjuic\/wp-content\/uploads\/usu496\/2023\/01\/IMG_0890-1536x1152.jpg 1536w, https:\/\/serveiseducatius.xtec.cat\/sants-montjuic\/wp-content\/uploads\/usu496\/2023\/01\/IMG_0890-2048x1536.jpg 2048w, https:\/\/serveiseducatius.xtec.cat\/sants-montjuic\/wp-content\/uploads\/usu496\/2023\/01\/IMG_0890-200x150.jpg 200w\" sizes=\"auto, (max-width: 456px) 100vw, 456px\" \/><\/a><\/p>\n<p dir=\"ltr\">Aprenents i voluntaris es trobaran durant deu setmanes, per conversar i, d\u2019aquesta manera distesa, podran millorar la flu\u00efdesa en l\u2019expressi\u00f3 oral en llengua catalana. Estem segurs que entre els membres d\u2019aquests grups tamb\u00e9 sortiran noves amistats.<\/p>\n<p dir=\"ltr\">Des d\u2019aqu\u00ed animem a tots els centres del districte de Sants &#8211; Montju\u00efc a valorar la possibilitat de posar en pr\u00e0ctica aquest projecte en aquest curs o\/i en els que vindran.<\/p>\n","protected":false},"excerpt":{"rendered":"<p>Inauguraci\u00f3 dels grups de conversa seguint el model del Voluntariat per la Llengua (VxL) a l\u2019Escola Seat. &nbsp; El passat divendres 20 de gener es va iniciar l\u2019activitat de grups de conversa seguint el model del Voluntariat per la Llengua del Consorci per a la Normalitzaci\u00f3 Ling\u00fc\u00edstica (CPNL). En aquest acte d\u2019inauguraci\u00f3 es van formar [&hellip;]<\/p>\n","protected":false},"author":3,"featured_media":6335,"comment_status":"open","ping_status":"closed","sticky":false,"template":"","format":"standard","meta":{"_bbp_topic_count":0,"_bbp_reply_count":0,"_bbp_total_topic_count":0,"_bbp_total_reply_count":0,"_bbp_voice_count":0,"_bbp_anonymous_reply_count":0,"_bbp_topic_count_hidden":0,"_bbp_reply_count_hidden":0,"_bbp_forum_subforum_count":0,"site-sidebar-layout":"default","site-content-layout":"","ast-site-content-layout":"","site-content-style":"default","site-sidebar-style":"default","ast-global-header-display":"","ast-banner-title-visibility":"","ast-main-header-display":"","ast-hfb-above-header-display":"","ast-hfb-below-header-display":"","ast-hfb-mobile-header-display":"","site-post-title":"","ast-breadcrumbs-content":"","ast-featured-img":"","footer-sml-layout":"","theme-transparent-header-meta":"","adv-header-id-meta":"","stick-header-meta":"","header-above-stick-meta":"","header-main-stick-meta":"","header-below-stick-meta":"","astra-migrate-meta-layouts":"default","ast-page-background-enabled":"default","ast-page-background-meta":{"desktop":{"background-color":"var(--ast-global-color-4)","background-image":"","background-repeat":"repeat","background-position":"center center","background-size":"auto","background-attachment":"scroll","background-type":"","background-media":"","overlay-type":"","overlay-color":"","overlay-opacity":"","overlay-gradient":""},"tablet":{"background-color":"","background-image":"","background-repeat":"repeat","background-position":"center center","background-size":"auto","background-attachment":"scroll","background-type":"","background-media":"","overlay-type":"","overlay-color":"","overlay-opacity":"","overlay-gradient":""},"mobile":{"background-color":"","background-image":"","background-repeat":"repeat","background-position":"center center","background-size":"auto","background-attachment":"scroll","background-type":"","background-media":"","overlay-type":"","overlay-color":"","overlay-opacity":"","overlay-gradient":""}},"ast-content-background-meta":{"desktop":{"background-color":"var(--ast-global-color-5)","background-image":"","background-repeat":"repeat","background-position":"center center","background-size":"auto","background-attachment":"scroll","background-type":"","background-media":"","overlay-type":"","overlay-color":"","overlay-opacity":"","overlay-gradient":""},"tablet":{"background-color":"var(--ast-global-color-5)","background-image":"","background-repeat":"repeat","background-position":"center center","background-size":"auto","background-attachment":"scroll","background-type":"","background-media":"","overlay-type":"","overlay-color":"","overlay-opacity":"","overlay-gradient":""},"mobile":{"background-color":"var(--ast-global-color-5)","background-image":"","background-repeat":"repeat","background-position":"center center","background-size":"auto","background-attachment":"scroll","background-type":"","background-media":"","overlay-type":"","overlay-color":"","overlay-opacity":"","overlay-gradient":""}},"footnotes":""},"categories":[347,306,1,29],"tags":[409],"class_list":["post-6333","post","type-post","status-publish","format-standard","has-post-thumbnail","hentry","category-ambit-linguistic","category-aps","category-general","category-portada","tag-elicceb"],"post_mailing_queue_ids":[],"_links":{"self":[{"href":"https:\/\/serveiseducatius.xtec.cat\/sants-montjuic\/wp-json\/wp\/v2\/posts\/6333","targetHints":{"allow":["GET"]}}],"collection":[{"href":"https:\/\/serveiseducatius.xtec.cat\/sants-montjuic\/wp-json\/wp\/v2\/posts"}],"about":[{"href":"https:\/\/serveiseducatius.xtec.cat\/sants-montjuic\/wp-json\/wp\/v2\/types\/post"}],"author":[{"embeddable":true,"href":"https:\/\/serveiseducatius.xtec.cat\/sants-montjuic\/wp-json\/wp\/v2\/users\/3"}],"replies":[{"embeddable":true,"href":"https:\/\/serveiseducatius.xtec.cat\/sants-montjuic\/wp-json\/wp\/v2\/comments?post=6333"}],"version-history":[{"count":3,"href":"https:\/\/serveiseducatius.xtec.cat\/sants-montjuic\/wp-json\/wp\/v2\/posts\/6333\/revisions"}],"predecessor-version":[{"id":6341,"href":"https:\/\/serveiseducatius.xtec.cat\/sants-montjuic\/wp-json\/wp\/v2\/posts\/6333\/revisions\/6341"}],"wp:featuredmedia":[{"embeddable":true,"href":"https:\/\/serveiseducatius.xtec.cat\/sants-montjuic\/wp-json\/wp\/v2\/media\/6335"}],"wp:attachment":[{"href":"https:\/\/serveiseducatius.xtec.cat\/sants-montjuic\/wp-json\/wp\/v2\/media?parent=6333"}],"wp:term":[{"taxonomy":"category","embeddable":true,"href":"https:\/\/serveiseducatius.xtec.cat\/sants-montjuic\/wp-json\/wp\/v2\/categories?post=6333"},{"taxonomy":"post_tag","embeddable":true,"href":"https:\/\/serveiseducatius.xtec.cat\/sants-montjuic\/wp-json\/wp\/v2\/tags?post=6333"}],"curies":[{"name":"wp","href":"https:\/\/api.w.org\/{rel}","templated":true}]}}