{"id":6327,"date":"2023-01-20T21:47:36","date_gmt":"2023-01-20T20:47:36","guid":{"rendered":"https:\/\/serveiseducatius.xtec.cat\/sants-montjuic\/?p=6327"},"modified":"2023-01-20T21:50:34","modified_gmt":"2023-01-20T20:50:34","slug":"jornada-artistica","status":"publish","type":"post","link":"https:\/\/serveiseducatius.xtec.cat\/sants-montjuic\/portada\/jornada-artistica\/","title":{"rendered":"Jornada de formaci\u00f3 art\u00edstica"},"content":{"rendered":"<p><strong>C\u00e0psula formativa d\u2019educaci\u00f3 art\u00edstica<\/strong><\/p>\n<p><span style=\"color: #ff0000;\"><strong>M\u00e9s enll\u00e0 dels colors<\/strong><\/span><\/p>\n<p>Jornada on es treballaran continguts te\u00f2rics i pr\u00e0ctics al voltant de la figura de Joan<br \/>\nMir\u00f3, trencant els t\u00f2pics de color, forma, t\u00e8cnica\u2026, que s&#8217;associen a aquest artista,<br \/>\nper integrar, a partir de Mir\u00f3, conceptes art\u00edstics aplicables transversalment al<br \/>\ncurr\u00edculum escolar.<\/p>\n<p><a href=\"https:\/\/drive.google.com\/file\/d\/1Bpp2qclR6jcFmoj466cy-SCiJxzGyN7g\/view?usp=share_link\" target=\"_blank\" rel=\"noopener\"><br \/>\n<img loading=\"lazy\" decoding=\"async\" class=\"aligncenter size-full wp-image-6328\" src=\"https:\/\/serveiseducatius.xtec.cat\/sants-montjuic\/wp-content\/uploads\/usu496\/2023\/01\/Capsula-formativa-deduacio-artistica.png\" alt=\"\" width=\"1920\" height=\"1080\" srcset=\"https:\/\/serveiseducatius.xtec.cat\/sants-montjuic\/wp-content\/uploads\/usu496\/2023\/01\/Capsula-formativa-deduacio-artistica.png 1920w, https:\/\/serveiseducatius.xtec.cat\/sants-montjuic\/wp-content\/uploads\/usu496\/2023\/01\/Capsula-formativa-deduacio-artistica-300x169.png 300w, https:\/\/serveiseducatius.xtec.cat\/sants-montjuic\/wp-content\/uploads\/usu496\/2023\/01\/Capsula-formativa-deduacio-artistica-1024x576.png 1024w, https:\/\/serveiseducatius.xtec.cat\/sants-montjuic\/wp-content\/uploads\/usu496\/2023\/01\/Capsula-formativa-deduacio-artistica-768x432.png 768w, https:\/\/serveiseducatius.xtec.cat\/sants-montjuic\/wp-content\/uploads\/usu496\/2023\/01\/Capsula-formativa-deduacio-artistica-1536x864.png 1536w\" sizes=\"auto, (max-width: 1920px) 100vw, 1920px\" \/><\/a><\/p>\n<p><a href=\"https:\/\/aplicacions.gestioeducativa.gencat.cat\/pls\/soloas\/pk_for_mod_ins.p_for_detall_activitat?p_header=Selecci%F3^pk_for_mod_ins.p_for_form_cons_act?p_excloure_crp_rec=T*Llista%20d%27activitats^pk_for_mod_ins.p_for_cons_activitats?p_crp=103%26p_crp_txt=Sants-Montju%EFc%26p_totes=S%26p_inici=11%26p_excloure_crp_rec=T&amp;p_codi=1030171103&amp;p_curs=2022-2023&amp;p_es_inscr=S\" target=\"_blank\" rel=\"noopener\">Inscripcions<\/a><\/p>\n","protected":false},"excerpt":{"rendered":"<p>Jornada formativa d&#8217;educaci\u00f3 art\u00edstica. Trencant t\u00f2pics de Mir\u00f3.<\/p>\n","protected":false},"author":1,"featured_media":6329,"comment_status":"closed","ping_status":"closed","sticky":false,"template":"","format":"standard","meta":{"_bbp_topic_count":0,"_bbp_reply_count":0,"_bbp_total_topic_count":0,"_bbp_total_reply_count":0,"_bbp_voice_count":0,"_bbp_anonymous_reply_count":0,"_bbp_topic_count_hidden":0,"_bbp_reply_count_hidden":0,"_bbp_forum_subforum_count":0,"site-sidebar-layout":"default","site-content-layout":"","ast-site-content-layout":"","site-content-style":"default","site-sidebar-style":"default","ast-global-header-display":"","ast-banner-title-visibility":"","ast-main-header-display":"","ast-hfb-above-header-display":"","ast-hfb-below-header-display":"","ast-hfb-mobile-header-display":"","site-post-title":"","ast-breadcrumbs-content":"","ast-featured-img":"","footer-sml-layout":"","theme-transparent-header-meta":"","adv-header-id-meta":"","stick-header-meta":"","header-above-stick-meta":"","header-main-stick-meta":"","header-below-stick-meta":"","astra-migrate-meta-layouts":"default","ast-page-background-enabled":"default","ast-page-background-meta":{"desktop":{"background-color":"var(--ast-global-color-4)","background-image":"","background-repeat":"repeat","background-position":"center center","background-size":"auto","background-attachment":"scroll","background-type":"","background-media":"","overlay-type":"","overlay-color":"","overlay-opacity":"","overlay-gradient":""},"tablet":{"background-color":"","background-image":"","background-repeat":"repeat","background-position":"center center","background-size":"auto","background-attachment":"scroll","background-type":"","background-media":"","overlay-type":"","overlay-color":"","overlay-opacity":"","overlay-gradient":""},"mobile":{"background-color":"","background-image":"","background-repeat":"repeat","background-position":"center center","background-size":"auto","background-attachment":"scroll","background-type":"","background-media":"","overlay-type":"","overlay-color":"","overlay-opacity":"","overlay-gradient":""}},"ast-content-background-meta":{"desktop":{"background-color":"var(--ast-global-color-5)","background-image":"","background-repeat":"repeat","background-position":"center center","background-size":"auto","background-attachment":"scroll","background-type":"","background-media":"","overlay-type":"","overlay-color":"","overlay-opacity":"","overlay-gradient":""},"tablet":{"background-color":"var(--ast-global-color-5)","background-image":"","background-repeat":"repeat","background-position":"center center","background-size":"auto","background-attachment":"scroll","background-type":"","background-media":"","overlay-type":"","overlay-color":"","overlay-opacity":"","overlay-gradient":""},"mobile":{"background-color":"var(--ast-global-color-5)","background-image":"","background-repeat":"repeat","background-position":"center center","background-size":"auto","background-attachment":"scroll","background-type":"","background-media":"","overlay-type":"","overlay-color":"","overlay-opacity":"","overlay-gradient":""}},"footnotes":""},"categories":[328,393,29,348],"tags":[356,423],"class_list":["post-6327","post","type-post","status-publish","format-standard","has-post-thumbnail","hentry","category-comunitat-educativa-sants-montjuic","category-pfz","category-portada","category-transversals","tag-art","tag-educacio-artistica"],"post_mailing_queue_ids":[],"_links":{"self":[{"href":"https:\/\/serveiseducatius.xtec.cat\/sants-montjuic\/wp-json\/wp\/v2\/posts\/6327","targetHints":{"allow":["GET"]}}],"collection":[{"href":"https:\/\/serveiseducatius.xtec.cat\/sants-montjuic\/wp-json\/wp\/v2\/posts"}],"about":[{"href":"https:\/\/serveiseducatius.xtec.cat\/sants-montjuic\/wp-json\/wp\/v2\/types\/post"}],"author":[{"embeddable":true,"href":"https:\/\/serveiseducatius.xtec.cat\/sants-montjuic\/wp-json\/wp\/v2\/users\/1"}],"replies":[{"embeddable":true,"href":"https:\/\/serveiseducatius.xtec.cat\/sants-montjuic\/wp-json\/wp\/v2\/comments?post=6327"}],"version-history":[{"count":3,"href":"https:\/\/serveiseducatius.xtec.cat\/sants-montjuic\/wp-json\/wp\/v2\/posts\/6327\/revisions"}],"predecessor-version":[{"id":6332,"href":"https:\/\/serveiseducatius.xtec.cat\/sants-montjuic\/wp-json\/wp\/v2\/posts\/6327\/revisions\/6332"}],"wp:featuredmedia":[{"embeddable":true,"href":"https:\/\/serveiseducatius.xtec.cat\/sants-montjuic\/wp-json\/wp\/v2\/media\/6329"}],"wp:attachment":[{"href":"https:\/\/serveiseducatius.xtec.cat\/sants-montjuic\/wp-json\/wp\/v2\/media?parent=6327"}],"wp:term":[{"taxonomy":"category","embeddable":true,"href":"https:\/\/serveiseducatius.xtec.cat\/sants-montjuic\/wp-json\/wp\/v2\/categories?post=6327"},{"taxonomy":"post_tag","embeddable":true,"href":"https:\/\/serveiseducatius.xtec.cat\/sants-montjuic\/wp-json\/wp\/v2\/tags?post=6327"}],"curies":[{"name":"wp","href":"https:\/\/api.w.org\/{rel}","templated":true}]}}