{"id":6231,"date":"2022-11-19T14:13:40","date_gmt":"2022-11-19T13:13:40","guid":{"rendered":"https:\/\/serveiseducatius.xtec.cat\/sants-montjuic\/?p=6231"},"modified":"2026-02-19T12:42:45","modified_gmt":"2026-02-19T11:42:45","slug":"mobilitza-la-llengua-al-centre","status":"publish","type":"post","link":"https:\/\/serveiseducatius.xtec.cat\/sants-montjuic\/portada\/mobilitza-la-llengua-al-centre\/","title":{"rendered":"Mobilitza la llengua al centre!"},"content":{"rendered":"<p style=\"font-weight: 400;\">Per tal de mobilitzar l&#8217;\u00fas de la llengua catalana als centres educatius com una de les principals pol\u00edtiques educatives de pa\u00eds, Plataforma per la Llengua ofereix tallers per a escoles i instituts per tal de mostrar un vessant l\u00fadic de la llengua catalana i fomentar-ne l&#8217;\u00fas. Tots estan plantejats amb una durada de 2 hores i per grups de 30 alumnes. En podreu trobar de\u00a0<a href=\"https:\/\/youtu.be\/PB2zUDQgMKU\" data-saferedirecturl=\"https:\/\/www.google.com\/url?q=https:\/\/youtu.be\/PB2zUDQgMKU&amp;source=gmail&amp;ust=1668948737508000&amp;usg=AOvVaw35WNU-dFwaYP0yg7bnGgjg\">rap<\/a>\u00a0(diferents modalitats), de\u00a0<a href=\"https:\/\/youtu.be\/99NDrUKeypA\" data-saferedirecturl=\"https:\/\/www.google.com\/url?q=https:\/\/youtu.be\/99NDrUKeypA&amp;source=gmail&amp;ust=1668948737508000&amp;usg=AOvVaw2F4QnmDPTZGW_A_-WFLeM9\">teatre<\/a>, de\u00a0<a href=\"https:\/\/youtu.be\/llkDbkg6JYM\" data-saferedirecturl=\"https:\/\/www.google.com\/url?q=https:\/\/youtu.be\/llkDbkg6JYM&amp;source=gmail&amp;ust=1668948737508000&amp;usg=AOvVaw21S93_DGdfuZ-zEKaoMqnw\">glosa<\/a>\u00a0(amb possibilitat d\u2019afegir-hi tamb\u00e9, la rumba), de\u00a0<a href=\"https:\/\/youtu.be\/Ti4xJ6B4OsA\" data-saferedirecturl=\"https:\/\/www.google.com\/url?q=https:\/\/youtu.be\/Ti4xJ6B4OsA&amp;source=gmail&amp;ust=1668948737508000&amp;usg=AOvVaw1RNN0PaY0zSl4RwSN8Hu30\">xarxes socials<\/a>\u00a0(amb influenciadors reconeguts), de\u00a0<a href=\"https:\/\/youtu.be\/7l4ZC3g-hEA\" data-saferedirecturl=\"https:\/\/www.google.com\/url?q=https:\/\/youtu.be\/7l4ZC3g-hEA&amp;source=gmail&amp;ust=1668948737508000&amp;usg=AOvVaw3DKb26l_4dT514Mn5ZWz60\">creaci\u00f3 de mems<\/a>, de\u00a0<a href=\"https:\/\/youtu.be\/t_S8ZjlrJkc\" data-saferedirecturl=\"https:\/\/www.google.com\/url?q=https:\/\/youtu.be\/t_S8ZjlrJkc&amp;source=gmail&amp;ust=1668948737508000&amp;usg=AOvVaw1SxgJf2Y2VxUGA3wtoplA_\">diversitat ling\u00fc\u00edstica<\/a>\u00a0(que es pot complementar amb una\u00a0<a href=\"https:\/\/www.plataforma-llengua.cat\/proposta-didactica-diversitat-linguistica\/\" data-saferedirecturl=\"https:\/\/www.google.com\/url?q=https:\/\/www.plataforma-llengua.cat\/proposta-didactica-diversitat-linguistica\/&amp;source=gmail&amp;ust=1668948737508000&amp;usg=AOvVaw29J3BzOPdt0V0ppqkFiIkI\">proposta did\u00e0ctica<\/a>\u00a0per treballar a l&#8217;aula), i alguns m\u00e9s. El cat\u00e0leg est\u00e0 en constant renovaci\u00f3, podeu consultar-lo\u00a0<a href=\"https:\/\/plataforma-llengua.cat\/media\/upload\/arxius\/ambits-treball\/Arrelament\/Cat%C3%A0leg%20tallers%20per%20a%20joves%20-%20Plataforma%20per%20la%20Llengua.pdf\" data-saferedirecturl=\"https:\/\/www.google.com\/url?q=https:\/\/plataforma-llengua.cat\/media\/upload\/arxius\/ambits-treball\/Arrelament\/Cat%25C3%25A0leg%2520tallers%2520per%2520a%2520joves%2520-%2520Plataforma%2520per%2520la%2520Llengua.pdf&amp;source=gmail&amp;ust=1668948737508000&amp;usg=AOvVaw1g1M6e6RWbG5QLstxoxeyd\">aqu\u00ed<\/a>.<\/p>\n<p style=\"font-weight: 400;\">Per resoldre dubtes o contractar-ne algun podeu escriure a\u00a0<a href=\"mailto:tallers@plataforma-llengua.cat\">tallers@plataforma-llengua.cat<\/a><\/p>\n<p style=\"font-weight: 400;\">Aquest curs se celebra la vuitena edici\u00f3 del\u00a0<a href=\"https:\/\/secure-web.cisco.com\/1uvtg8lE0wCpUIlv0HJFaKLMEEtPYm7Q8TMLifcPdfY15EOX0NTBl8yHdFgoL17N321etgaZb1St9dTbv6ZRy1SU7RbUkh8rtk5qH0tK31gK9yF0xb94zLIt6Bpc5z8S8fAGppeb3hoijWcM1jW3zF7JTplG7VULLd4nPyhMTxRNi4H29E6gLwMV7F2F0m3bL5i4Nc4OoOGR7NqZWr_SKk0DCvDTNl6cOBQ8t9qb26Z3g_eoiBmgpS7TRPcWmLy1FqYPRNGh2_VNqhao7NNPQRatBX8d7UwnRipJcVSAEMxtcWEwGTJNJdCcO97StxOQZ_pyt9JrBPFSoeASTpu30-I8AWC43ZcSWZYIlQy0Lybh5jqNzEE2YqJR7VDhdifBhnMIkSQCy4gxSrMGN7_njf5rwR16ZHNfqJuLrrqH4e5pTGEqtCKPDEiI6WjMBkuYHiIEU98PdDNtcvmobN-TmgtJm26Od4Mjpfp3uuMR82OIlJJsE17qJSEYrS3IEYA2A\/https%3A%2F%2Fjocsijoguines.cat%2Fconcurs-tisner%2F\" data-saferedirecturl=\"https:\/\/www.google.com\/url?q=https:\/\/secure-web.cisco.com\/1uvtg8lE0wCpUIlv0HJFaKLMEEtPYm7Q8TMLifcPdfY15EOX0NTBl8yHdFgoL17N321etgaZb1St9dTbv6ZRy1SU7RbUkh8rtk5qH0tK31gK9yF0xb94zLIt6Bpc5z8S8fAGppeb3hoijWcM1jW3zF7JTplG7VULLd4nPyhMTxRNi4H29E6gLwMV7F2F0m3bL5i4Nc4OoOGR7NqZWr_SKk0DCvDTNl6cOBQ8t9qb26Z3g_eoiBmgpS7TRPcWmLy1FqYPRNGh2_VNqhao7NNPQRatBX8d7UwnRipJcVSAEMxtcWEwGTJNJdCcO97StxOQZ_pyt9JrBPFSoeASTpu30-I8AWC43ZcSWZYIlQy0Lybh5jqNzEE2YqJR7VDhdifBhnMIkSQCy4gxSrMGN7_njf5rwR16ZHNfqJuLrrqH4e5pTGEqtCKPDEiI6WjMBkuYHiIEU98PdDNtcvmobN-TmgtJm26Od4Mjpfp3uuMR82OIlJJsE17qJSEYrS3IEYA2A\/https%253A%252F%252Fjocsijoguines.cat%252Fconcurs-tisner%252F&amp;source=gmail&amp;ust=1668948737508000&amp;usg=AOvVaw1nY-YSdtGcP7m6mu362dwZ\">Concurs T\u00edsner de Creaci\u00f3 de Jocs de Catal\u00e0<\/a>, adre\u00e7at als alumnes de 5\u00e8 i 6\u00e8 de prim\u00e0ria de totes les escoles dels territoris de parla catalana. L\u2019objectiu del certamen \u00e9s que alumnes, mestres i escoles descobreixin la faceta l\u00fadica i creativa de la llengua catalana creant el seu propi joc. Durant el primer trimestre del curs est\u00e0 obert el\u00a0<a href=\"https:\/\/secure-web.cisco.com\/1D3fvkBkBuk_KjP0OvCOQm_sSNv7CTRnFO73W-LOK5igD3NRPMzBQjwV5mtf0CGKBDDqidvgJ_ZeYGURNBDguA3F0VyOfDi2FWdyOzwWTohQpQbNM4xDNFbf6pdqanAnwz-pUzsC7wU_U8DITvpTz5gYEdeZrIDH-NqksjLxYX2YSRnRdPB-Ajd4MSKRkMcfgQOy96WhC_gY18Zjwke0z5b4mWfYsorvZkWdTebaW6QyYE4rWPLU4olLdOF0mngD1gD58LSYccL1CKypaANKkh_8ktKEkmCLPVmGOVICC4x0tq_yZtK9EuZAMclDNlkK-JO2xiIWJlGv5L0gInFoUeVAtNEk5PIK1TyMl2qLMy7KQpeqrKZ3l1SH-3TEdiMH8C4mGjazxF5xnoZONgVgcwuQlu7vhySbj-HHrDuencZWhFyS8uAbRccwnD1mQd_9F7rJaMIS5aoAiVJfoEGhearFdw-hUQYxvBEnu6OgTIW60t4HAs94xHWj_2MOzliDo\/https%3A%2F%2Fjocsijoguines.cat%2Fconcurs-tisner%2F10%2F8e-concurs-tisner-2022-2023%2Finscripcio%2F\" data-saferedirecturl=\"https:\/\/www.google.com\/url?q=https:\/\/secure-web.cisco.com\/1D3fvkBkBuk_KjP0OvCOQm_sSNv7CTRnFO73W-LOK5igD3NRPMzBQjwV5mtf0CGKBDDqidvgJ_ZeYGURNBDguA3F0VyOfDi2FWdyOzwWTohQpQbNM4xDNFbf6pdqanAnwz-pUzsC7wU_U8DITvpTz5gYEdeZrIDH-NqksjLxYX2YSRnRdPB-Ajd4MSKRkMcfgQOy96WhC_gY18Zjwke0z5b4mWfYsorvZkWdTebaW6QyYE4rWPLU4olLdOF0mngD1gD58LSYccL1CKypaANKkh_8ktKEkmCLPVmGOVICC4x0tq_yZtK9EuZAMclDNlkK-JO2xiIWJlGv5L0gInFoUeVAtNEk5PIK1TyMl2qLMy7KQpeqrKZ3l1SH-3TEdiMH8C4mGjazxF5xnoZONgVgcwuQlu7vhySbj-HHrDuencZWhFyS8uAbRccwnD1mQd_9F7rJaMIS5aoAiVJfoEGhearFdw-hUQYxvBEnu6OgTIW60t4HAs94xHWj_2MOzliDo\/https%253A%252F%252Fjocsijoguines.cat%252Fconcurs-tisner%252F10%252F8e-concurs-tisner-2022-2023%252Finscripcio%252F&amp;source=gmail&amp;ust=1668948737508000&amp;usg=AOvVaw2OftCQj3AEcT9MW-ge_Tig\">formulari d\u2019inscripci\u00f3<\/a>, que tancar\u00e0 ara al\u00a0<strong>desembre<\/strong>. Alumnes i mestres tindreu temps fins a l\u2019<strong>abril\u00a0<\/strong>per presentar els vostres projectes i el\u00a0<strong>27 de maig<\/strong>\u00a0se celebrar\u00e0 l&#8217;acte de lliurament de premis. Per saber com va anar el lliurament de premis de l\u2019edici\u00f3 passada podeu veure\u00a0<a href=\"https:\/\/youtu.be\/UbtMg_9IBzI\" data-saferedirecturl=\"https:\/\/www.google.com\/url?q=https:\/\/youtu.be\/UbtMg_9IBzI&amp;source=gmail&amp;ust=1668948737508000&amp;usg=AOvVaw3lvPjKTaZTlHlKuwZ_5NnL\">aquest v\u00eddeo<\/a>. Les bases del concurs s\u00f3n\u00a0<a href=\"https:\/\/secure-web.cisco.com\/1zKlBBR5667CQauVcgTcLoaeynKVqWvrZ5EvtigUpcy5c4VpFq7iQo89pgbkIJJAbUvYzZmYSEnuPp6yXlkx07HDbbz7w7NCDuZ2PZb378L_yVHD3DNgTG0r8UGfFOa0YWAVg75kqrrt5Yg8ZAKBwjKOT5dqlgmvIE4D5RtmoNYdtQ0iB8iig5q03e1quLXadL6p02x8kfrvMqf1mrYdU-YkJpXaKh0pElnTGeQ6CB6TuMFqhoYiAWmLfQhChd6d6qMMnvFm1MPLqta_7_QJnhfZxSFfI3ERr4wXAxeBMiE47bQ2Ulrr028rl1vRjrXr6V_MnWBlz-ZkfN-7zCqxBV-kM2vDo2GiS4B0O0yRB5691r13MaWuL56c-fcuSDGEtfw5Uf1EAMEznFhmg3zYp914-iCtbCLOmNJQSOe4N0yLSqPu9oN1qY0d52P1Q1qNM9utMXmpgoRF63b5wABgag15e-XiVkRD8ebbVzIERde_QAEnQ3LBR-BjG0sjCl3Sb\/https%3A%2F%2Fwww.campaign-index.com%2Fview.php%3FJ%3DndApT61UmZ8cB3AdChE3mpDEVKFC763ezioyadnT2lKWA%26C%3Dcs3suJ7636KX6TIU4zjgeTSg\" data-saferedirecturl=\"https:\/\/www.google.com\/url?q=https:\/\/secure-web.cisco.com\/1zKlBBR5667CQauVcgTcLoaeynKVqWvrZ5EvtigUpcy5c4VpFq7iQo89pgbkIJJAbUvYzZmYSEnuPp6yXlkx07HDbbz7w7NCDuZ2PZb378L_yVHD3DNgTG0r8UGfFOa0YWAVg75kqrrt5Yg8ZAKBwjKOT5dqlgmvIE4D5RtmoNYdtQ0iB8iig5q03e1quLXadL6p02x8kfrvMqf1mrYdU-YkJpXaKh0pElnTGeQ6CB6TuMFqhoYiAWmLfQhChd6d6qMMnvFm1MPLqta_7_QJnhfZxSFfI3ERr4wXAxeBMiE47bQ2Ulrr028rl1vRjrXr6V_MnWBlz-ZkfN-7zCqxBV-kM2vDo2GiS4B0O0yRB5691r13MaWuL56c-fcuSDGEtfw5Uf1EAMEznFhmg3zYp914-iCtbCLOmNJQSOe4N0yLSqPu9oN1qY0d52P1Q1qNM9utMXmpgoRF63b5wABgag15e-XiVkRD8ebbVzIERde_QAEnQ3LBR-BjG0sjCl3Sb\/https%253A%252F%252Fwww.campaign-index.com%252Fview.php%253FJ%253DndApT61UmZ8cB3AdChE3mpDEVKFC763ezioyadnT2lKWA%2526C%253Dcs3suJ7636KX6TIU4zjgeTSg&amp;source=gmail&amp;ust=1668948737508000&amp;usg=AOvVaw17ZMwDarou5y5pf79BddgA\">aqu\u00ed<\/a>.<\/p>\n<p style=\"font-weight: 400;\">Per a qualsevol dubte sobre el concurs podeu enviar un correu a\u00a0<a href=\"mailto:concursdejocs@plataforma-llengua.cat\">concursdejocs@plataforma-llengua.cat<\/a>.<\/p>\n<p style=\"font-weight: 400;\">D&#8217;altra banda, Plataforma per la Llengua, junt amb els sindicats USTEC-STEs, Intersindical-CSC i SEPC, van engegar la campanya\u00a0<em>No t\u2019excusis<\/em>, per conscienciar la comunitat educativa (docents, monitors de lleure, de menjador, esportius, PAS&#8230;) de la import\u00e0ncia d&#8217;exercir de referents ling\u00fc\u00edstics. A la\u00a0<a href=\"https:\/\/secure-web.cisco.com\/1MwHxIKx60lLB9kQAaKcq2nAj389dZQcJxDPoewSzPVyTwWhDvGA3AZG_p-F-lZkuSexI5ZeG3qfhOu3WnLl9nofa3yon5Kz85x7oRy4qJa89NOjFa2t-hASXdz1zGO4DIM1jeZGztwt5mE8ij8buBOtCVrC3WCDuzyzCUtii4zCO1_iWZO-SLJ-cUO-XNUprg1rAqwtAKRMYBLIv9pWem9FKbU9dj7L5QbG8ywBrx1P0ypuY4YNTP7agjIHTrJ3HNU9tWiG-8iZC2eWL-a8nxh1l408RZGl1QKqUnTaECZrOVxEzrYEG9c7pHOjnoLLWnIgkM-kjzvqxv--MD2Vl1ksWGTc55NPlfcjo4ypv9mgducjx6OEV5loPu5zhY42RFD6NG4dMEmuEJCHb4b-gRMDNvPeZArCByz5rZ44phxAPorIMApFkB2D-Jrfl6mtDfdtKCfZzgLY17z6A6JujrmVJxRXiNIoLS_RfEWRdW0Cc5ed98P6wZ51RO2KkFb6r\/https%3A%2F%2Fwww.notexcusis.cat%2F\" data-saferedirecturl=\"https:\/\/www.google.com\/url?q=https:\/\/secure-web.cisco.com\/1MwHxIKx60lLB9kQAaKcq2nAj389dZQcJxDPoewSzPVyTwWhDvGA3AZG_p-F-lZkuSexI5ZeG3qfhOu3WnLl9nofa3yon5Kz85x7oRy4qJa89NOjFa2t-hASXdz1zGO4DIM1jeZGztwt5mE8ij8buBOtCVrC3WCDuzyzCUtii4zCO1_iWZO-SLJ-cUO-XNUprg1rAqwtAKRMYBLIv9pWem9FKbU9dj7L5QbG8ywBrx1P0ypuY4YNTP7agjIHTrJ3HNU9tWiG-8iZC2eWL-a8nxh1l408RZGl1QKqUnTaECZrOVxEzrYEG9c7pHOjnoLLWnIgkM-kjzvqxv--MD2Vl1ksWGTc55NPlfcjo4ypv9mgducjx6OEV5loPu5zhY42RFD6NG4dMEmuEJCHb4b-gRMDNvPeZArCByz5rZ44phxAPorIMApFkB2D-Jrfl6mtDfdtKCfZzgLY17z6A6JujrmVJxRXiNIoLS_RfEWRdW0Cc5ed98P6wZ51RO2KkFb6r\/https%253A%252F%252Fwww.notexcusis.cat%252F&amp;source=gmail&amp;ust=1668948737508000&amp;usg=AOvVaw3sNLXFjfqnbEJky7kZi7Eo\">web<\/a>\u00a0hi podreu trobar una s\u00e8rie de recursos per reflexionar sobre la q\u00fcesti\u00f3 i podeu signar la campanya personalment o com a centres!<\/p>\n","protected":false},"excerpt":{"rendered":"<p>Per tal de mobilitzar l&#8217;\u00fas de la llengua catalana als centres educatius com una de les principals pol\u00edtiques educatives de pa\u00eds, Plataforma per la Llengua ofereix tallers per tal de mostrar un vessant l\u00fadic de la llengua i fomentar-ne l&#8217;\u00fas. <\/p>\n","protected":false},"author":1,"featured_media":6236,"comment_status":"open","ping_status":"closed","sticky":false,"template":"","format":"standard","meta":{"_bbp_topic_count":0,"_bbp_reply_count":0,"_bbp_total_topic_count":0,"_bbp_total_reply_count":0,"_bbp_voice_count":0,"_bbp_anonymous_reply_count":0,"_bbp_topic_count_hidden":0,"_bbp_reply_count_hidden":0,"_bbp_forum_subforum_count":0,"site-sidebar-layout":"default","site-content-layout":"","ast-site-content-layout":"","site-content-style":"default","site-sidebar-style":"default","ast-global-header-display":"","ast-banner-title-visibility":"","ast-main-header-display":"","ast-hfb-above-header-display":"","ast-hfb-below-header-display":"","ast-hfb-mobile-header-display":"","site-post-title":"","ast-breadcrumbs-content":"","ast-featured-img":"","footer-sml-layout":"","theme-transparent-header-meta":"","adv-header-id-meta":"","stick-header-meta":"","header-above-stick-meta":"","header-main-stick-meta":"","header-below-stick-meta":"","astra-migrate-meta-layouts":"default","ast-page-background-enabled":"default","ast-page-background-meta":{"desktop":{"background-color":"var(--ast-global-color-4)","background-image":"","background-repeat":"repeat","background-position":"center center","background-size":"auto","background-attachment":"scroll","background-type":"","background-media":"","overlay-type":"","overlay-color":"","overlay-opacity":"","overlay-gradient":""},"tablet":{"background-color":"","background-image":"","background-repeat":"repeat","background-position":"center center","background-size":"auto","background-attachment":"scroll","background-type":"","background-media":"","overlay-type":"","overlay-color":"","overlay-opacity":"","overlay-gradient":""},"mobile":{"background-color":"","background-image":"","background-repeat":"repeat","background-position":"center center","background-size":"auto","background-attachment":"scroll","background-type":"","background-media":"","overlay-type":"","overlay-color":"","overlay-opacity":"","overlay-gradient":""}},"ast-content-background-meta":{"desktop":{"background-color":"var(--ast-global-color-5)","background-image":"","background-repeat":"repeat","background-position":"center center","background-size":"auto","background-attachment":"scroll","background-type":"","background-media":"","overlay-type":"","overlay-color":"","overlay-opacity":"","overlay-gradient":""},"tablet":{"background-color":"var(--ast-global-color-5)","background-image":"","background-repeat":"repeat","background-position":"center center","background-size":"auto","background-attachment":"scroll","background-type":"","background-media":"","overlay-type":"","overlay-color":"","overlay-opacity":"","overlay-gradient":""},"mobile":{"background-color":"var(--ast-global-color-5)","background-image":"","background-repeat":"repeat","background-position":"center center","background-size":"auto","background-attachment":"scroll","background-type":"","background-media":"","overlay-type":"","overlay-color":"","overlay-opacity":"","overlay-gradient":""}},"footnotes":""},"categories":[347,29],"tags":[406,346],"class_list":["post-6231","post","type-post","status-publish","format-standard","has-post-thumbnail","hentry","category-ambit-linguistic","category-portada","tag-llengua-catalana","tag-recursos"],"post_mailing_queue_ids":[],"_links":{"self":[{"href":"https:\/\/serveiseducatius.xtec.cat\/sants-montjuic\/wp-json\/wp\/v2\/posts\/6231","targetHints":{"allow":["GET"]}}],"collection":[{"href":"https:\/\/serveiseducatius.xtec.cat\/sants-montjuic\/wp-json\/wp\/v2\/posts"}],"about":[{"href":"https:\/\/serveiseducatius.xtec.cat\/sants-montjuic\/wp-json\/wp\/v2\/types\/post"}],"author":[{"embeddable":true,"href":"https:\/\/serveiseducatius.xtec.cat\/sants-montjuic\/wp-json\/wp\/v2\/users\/1"}],"replies":[{"embeddable":true,"href":"https:\/\/serveiseducatius.xtec.cat\/sants-montjuic\/wp-json\/wp\/v2\/comments?post=6231"}],"version-history":[{"count":3,"href":"https:\/\/serveiseducatius.xtec.cat\/sants-montjuic\/wp-json\/wp\/v2\/posts\/6231\/revisions"}],"predecessor-version":[{"id":6245,"href":"https:\/\/serveiseducatius.xtec.cat\/sants-montjuic\/wp-json\/wp\/v2\/posts\/6231\/revisions\/6245"}],"wp:featuredmedia":[{"embeddable":true,"href":"https:\/\/serveiseducatius.xtec.cat\/sants-montjuic\/wp-json\/wp\/v2\/media\/6236"}],"wp:attachment":[{"href":"https:\/\/serveiseducatius.xtec.cat\/sants-montjuic\/wp-json\/wp\/v2\/media?parent=6231"}],"wp:term":[{"taxonomy":"category","embeddable":true,"href":"https:\/\/serveiseducatius.xtec.cat\/sants-montjuic\/wp-json\/wp\/v2\/categories?post=6231"},{"taxonomy":"post_tag","embeddable":true,"href":"https:\/\/serveiseducatius.xtec.cat\/sants-montjuic\/wp-json\/wp\/v2\/tags?post=6231"}],"curies":[{"name":"wp","href":"https:\/\/api.w.org\/{rel}","templated":true}]}}