{"id":6225,"date":"2022-11-19T14:02:17","date_gmt":"2022-11-19T13:02:17","guid":{"rendered":"https:\/\/serveiseducatius.xtec.cat\/sants-montjuic\/?p=6225"},"modified":"2022-11-19T14:02:49","modified_gmt":"2022-11-19T13:02:49","slug":"guardo-premi-europa-jove","status":"publish","type":"post","link":"https:\/\/serveiseducatius.xtec.cat\/sants-montjuic\/general\/guardo-premi-europa-jove\/","title":{"rendered":"&#8220;Premi Europa Jove&#8221;"},"content":{"rendered":"<p style=\"font-weight: 400;\">La Representaci\u00f3 de la Comissi\u00f3 Europea a Barcelona i la Fundaci\u00f3 Catalunya Europa convoquen la segona edici\u00f3 del\u00a0<strong><a href=\"https:\/\/www.catalunyaeuropa.net\/ca\/activitats\/256\/convocat-el-premi-europa-jove-2023-per-a-treballs-de-recerca-de-batxillerat.html\" data-saferedirecturl=\"https:\/\/www.google.com\/url?q=https:\/\/www.catalunyaeuropa.net\/ca\/activitats\/256\/convocat-el-premi-europa-jove-2023-per-a-treballs-de-recerca-de-batxillerat.html&amp;source=gmail&amp;ust=1668948752406000&amp;usg=AOvVaw1CNnQB03uZu6HNyFCgUbYi\">\u2018Premi Europa Jove<\/a>\u2019<\/strong>\u00a0de treballs de recerca de batxillerat amb l\u2019objectiu de promoure el coneixement, l\u2019estudi i l\u2019inter\u00e8s dels joves per la Uni\u00f3 Europea.\u00a0<strong>Es tracta de l\u2019\u00fanic guard\u00f3 que distingeix treballs de recerca de batxillerat de tem\u00e0tica europea<\/strong>.<\/p>\n<p style=\"font-weight: 400;\">El premi est\u00e0 obert a tot l\u2019alumnat de batxillerat de centres de Catalunya que hagi o estigui portant a terme un treball de recerca sobre algun dels temes marcats a l\u2019agenda estrat\u00e8gica de la Uni\u00f3 Europea (el Pacte Verd Europeu, la transici\u00f3 digital, la recuperaci\u00f3 econ\u00f2mica, el paper d\u2019Europa al m\u00f3n, la promoci\u00f3 de l\u2019estil de vida europeu i l\u2019impuls a la democr\u00e0cia europea).<\/p>\n<p style=\"font-weight: 400;\">El \u2018Premi Europa Jove\u2019 t\u00e9 una\u00a0<strong>dotaci\u00f3 de 700\u20ac<\/strong>\u00a0que es concedir\u00e0 a un \u00fanic treball guanyador. Tot i aix\u00f2, el jurat podr\u00e0 fer mencions especials als treballs que consideri oportuns. El premi tamb\u00e9 inclou una visita de formaci\u00f3 a les institucions europees a Brussel\u00b7les<\/p>\n<p>&nbsp;<\/p>\n<p style=\"font-weight: 400;\"><strong>El termini de presentaci\u00f3 de treballs finalitza el 16 d\u2019abril de 2023<\/strong>.<\/p>\n<p style=\"font-weight: 400;\">Adjunt trobareu les bases amb tota la informaci\u00f3 i el formulari de sol\u00b7licitud i annexos.<\/p>\n<p style=\"font-weight: 400;\">Podeu fer arribar els vostres dubtes i consultes a\u00a0<a href=\"mailto:info@catalunyaeuropa.net\">info@catalunyaeuropa.net<\/a><\/p>\n<p>&nbsp;<\/p>\n<p><img loading=\"lazy\" decoding=\"async\" class=\"aligncenter size-full wp-image-6226\" src=\"https:\/\/serveiseducatius.xtec.cat\/sants-montjuic\/wp-content\/uploads\/usu496\/2022\/11\/image002.jpg\" alt=\"\" width=\"1024\" height=\"512\" srcset=\"https:\/\/serveiseducatius.xtec.cat\/sants-montjuic\/wp-content\/uploads\/usu496\/2022\/11\/image002.jpg 1024w, https:\/\/serveiseducatius.xtec.cat\/sants-montjuic\/wp-content\/uploads\/usu496\/2022\/11\/image002-300x150.jpg 300w, https:\/\/serveiseducatius.xtec.cat\/sants-montjuic\/wp-content\/uploads\/usu496\/2022\/11\/image002-768x384.jpg 768w\" sizes=\"auto, (max-width: 1024px) 100vw, 1024px\" \/><\/p>\n","protected":false},"excerpt":{"rendered":"<p>El premi est\u00e0 obert a tot l\u2019alumnat de batxillerat de centres de Catalunya que hagi o estigui portant a terme un treball de recerca sobre algun dels temes marcats a l\u2019agenda estrat\u00e8gica de la Uni\u00f3 Europea.<\/p>\n","protected":false},"author":1,"featured_media":6227,"comment_status":"open","ping_status":"closed","sticky":false,"template":"","format":"standard","meta":{"_bbp_topic_count":0,"_bbp_reply_count":0,"_bbp_total_topic_count":0,"_bbp_total_reply_count":0,"_bbp_voice_count":0,"_bbp_anonymous_reply_count":0,"_bbp_topic_count_hidden":0,"_bbp_reply_count_hidden":0,"_bbp_forum_subforum_count":0,"site-sidebar-layout":"default","site-content-layout":"","ast-site-content-layout":"","site-content-style":"default","site-sidebar-style":"default","ast-global-header-display":"","ast-banner-title-visibility":"","ast-main-header-display":"","ast-hfb-above-header-display":"","ast-hfb-below-header-display":"","ast-hfb-mobile-header-display":"","site-post-title":"","ast-breadcrumbs-content":"","ast-featured-img":"","footer-sml-layout":"","theme-transparent-header-meta":"","adv-header-id-meta":"","stick-header-meta":"","header-above-stick-meta":"","header-main-stick-meta":"","header-below-stick-meta":"","astra-migrate-meta-layouts":"default","ast-page-background-enabled":"default","ast-page-background-meta":{"desktop":{"background-color":"var(--ast-global-color-4)","background-image":"","background-repeat":"repeat","background-position":"center center","background-size":"auto","background-attachment":"scroll","background-type":"","background-media":"","overlay-type":"","overlay-color":"","overlay-opacity":"","overlay-gradient":""},"tablet":{"background-color":"","background-image":"","background-repeat":"repeat","background-position":"center center","background-size":"auto","background-attachment":"scroll","background-type":"","background-media":"","overlay-type":"","overlay-color":"","overlay-opacity":"","overlay-gradient":""},"mobile":{"background-color":"","background-image":"","background-repeat":"repeat","background-position":"center center","background-size":"auto","background-attachment":"scroll","background-type":"","background-media":"","overlay-type":"","overlay-color":"","overlay-opacity":"","overlay-gradient":""}},"ast-content-background-meta":{"desktop":{"background-color":"var(--ast-global-color-5)","background-image":"","background-repeat":"repeat","background-position":"center center","background-size":"auto","background-attachment":"scroll","background-type":"","background-media":"","overlay-type":"","overlay-color":"","overlay-opacity":"","overlay-gradient":""},"tablet":{"background-color":"var(--ast-global-color-5)","background-image":"","background-repeat":"repeat","background-position":"center center","background-size":"auto","background-attachment":"scroll","background-type":"","background-media":"","overlay-type":"","overlay-color":"","overlay-opacity":"","overlay-gradient":""},"mobile":{"background-color":"var(--ast-global-color-5)","background-image":"","background-repeat":"repeat","background-position":"center center","background-size":"auto","background-attachment":"scroll","background-type":"","background-media":"","overlay-type":"","overlay-color":"","overlay-opacity":"","overlay-gradient":""}},"footnotes":""},"categories":[1,29],"tags":[],"class_list":["post-6225","post","type-post","status-publish","format-standard","has-post-thumbnail","hentry","category-general","category-portada"],"post_mailing_queue_ids":[],"_links":{"self":[{"href":"https:\/\/serveiseducatius.xtec.cat\/sants-montjuic\/wp-json\/wp\/v2\/posts\/6225","targetHints":{"allow":["GET"]}}],"collection":[{"href":"https:\/\/serveiseducatius.xtec.cat\/sants-montjuic\/wp-json\/wp\/v2\/posts"}],"about":[{"href":"https:\/\/serveiseducatius.xtec.cat\/sants-montjuic\/wp-json\/wp\/v2\/types\/post"}],"author":[{"embeddable":true,"href":"https:\/\/serveiseducatius.xtec.cat\/sants-montjuic\/wp-json\/wp\/v2\/users\/1"}],"replies":[{"embeddable":true,"href":"https:\/\/serveiseducatius.xtec.cat\/sants-montjuic\/wp-json\/wp\/v2\/comments?post=6225"}],"version-history":[{"count":3,"href":"https:\/\/serveiseducatius.xtec.cat\/sants-montjuic\/wp-json\/wp\/v2\/posts\/6225\/revisions"}],"predecessor-version":[{"id":6230,"href":"https:\/\/serveiseducatius.xtec.cat\/sants-montjuic\/wp-json\/wp\/v2\/posts\/6225\/revisions\/6230"}],"wp:featuredmedia":[{"embeddable":true,"href":"https:\/\/serveiseducatius.xtec.cat\/sants-montjuic\/wp-json\/wp\/v2\/media\/6227"}],"wp:attachment":[{"href":"https:\/\/serveiseducatius.xtec.cat\/sants-montjuic\/wp-json\/wp\/v2\/media?parent=6225"}],"wp:term":[{"taxonomy":"category","embeddable":true,"href":"https:\/\/serveiseducatius.xtec.cat\/sants-montjuic\/wp-json\/wp\/v2\/categories?post=6225"},{"taxonomy":"post_tag","embeddable":true,"href":"https:\/\/serveiseducatius.xtec.cat\/sants-montjuic\/wp-json\/wp\/v2\/tags?post=6225"}],"curies":[{"name":"wp","href":"https:\/\/api.w.org\/{rel}","templated":true}]}}