{"id":6167,"date":"2022-10-24T13:35:30","date_gmt":"2022-10-24T11:35:30","guid":{"rendered":"https:\/\/serveiseducatius.xtec.cat\/sants-montjuic\/?p=6167"},"modified":"2026-02-19T12:42:46","modified_gmt":"2026-02-19T11:42:46","slug":"arrenca-la-campanya-parlans","status":"publish","type":"post","link":"https:\/\/serveiseducatius.xtec.cat\/sants-montjuic\/portada\/arrenca-la-campanya-parlans\/","title":{"rendered":"Campanya Parla&#8217;ns"},"content":{"rendered":"<p style=\"text-align: justify;\">En aquest context actual de revisi\u00f3 i de refor\u00e7ament dels usos ling\u00fc\u00edstics en l\u2019\u00e0mbit<br \/>\neducatiu, per tal de garantir una compet\u00e8ncia pluriling\u00fce efectiva per a tot l\u2019alumnat,<br \/>\ndes de l\u2019Equip LIC treballem colze a colze amb els centres educatius del districte a l\u2019hora\u00a0de dissenyar estrat\u00e8gies de promoci\u00f3 de la llengua que pateix regressi\u00f3 ling\u00fc\u00edstica.<\/p>\n<p><a href=\"https:\/\/serveiseducatius.xtec.cat\/sants-montjuic\/wp-content\/uploads\/usu496\/2022\/10\/parla1-scaled.jpg\"><img loading=\"lazy\" decoding=\"async\" class=\"alignnone wp-image-6169\" src=\"https:\/\/serveiseducatius.xtec.cat\/sants-montjuic\/wp-content\/uploads\/usu496\/2022\/10\/parla1-576x1024.jpg\" alt=\"\" width=\"329\" height=\"585\" srcset=\"https:\/\/serveiseducatius.xtec.cat\/sants-montjuic\/wp-content\/uploads\/usu496\/2022\/10\/parla1-576x1024.jpg 576w, https:\/\/serveiseducatius.xtec.cat\/sants-montjuic\/wp-content\/uploads\/usu496\/2022\/10\/parla1-169x300.jpg 169w, https:\/\/serveiseducatius.xtec.cat\/sants-montjuic\/wp-content\/uploads\/usu496\/2022\/10\/parla1-768x1365.jpg 768w, https:\/\/serveiseducatius.xtec.cat\/sants-montjuic\/wp-content\/uploads\/usu496\/2022\/10\/parla1-864x1536.jpg 864w, https:\/\/serveiseducatius.xtec.cat\/sants-montjuic\/wp-content\/uploads\/usu496\/2022\/10\/parla1-1152x2048.jpg 1152w, https:\/\/serveiseducatius.xtec.cat\/sants-montjuic\/wp-content\/uploads\/usu496\/2022\/10\/parla1-scaled.jpg 1440w\" sizes=\"auto, (max-width: 329px) 100vw, 329px\" \/><\/a><a href=\"https:\/\/serveiseducatius.xtec.cat\/sants-montjuic\/wp-content\/uploads\/usu496\/2022\/10\/parla4-scaled.jpg\"><img loading=\"lazy\" decoding=\"async\" class=\"wp-image-6172 alignleft\" src=\"https:\/\/serveiseducatius.xtec.cat\/sants-montjuic\/wp-content\/uploads\/usu496\/2022\/10\/parla4-1024x768.jpg\" alt=\"\" width=\"608\" height=\"456\" srcset=\"https:\/\/serveiseducatius.xtec.cat\/sants-montjuic\/wp-content\/uploads\/usu496\/2022\/10\/parla4-1024x768.jpg 1024w, https:\/\/serveiseducatius.xtec.cat\/sants-montjuic\/wp-content\/uploads\/usu496\/2022\/10\/parla4-300x225.jpg 300w, https:\/\/serveiseducatius.xtec.cat\/sants-montjuic\/wp-content\/uploads\/usu496\/2022\/10\/parla4-768x576.jpg 768w, https:\/\/serveiseducatius.xtec.cat\/sants-montjuic\/wp-content\/uploads\/usu496\/2022\/10\/parla4-1536x1152.jpg 1536w, https:\/\/serveiseducatius.xtec.cat\/sants-montjuic\/wp-content\/uploads\/usu496\/2022\/10\/parla4-2048x1536.jpg 2048w, https:\/\/serveiseducatius.xtec.cat\/sants-montjuic\/wp-content\/uploads\/usu496\/2022\/10\/parla4-200x150.jpg 200w\" sizes=\"auto, (max-width: 608px) 100vw, 608px\" \/><\/a><\/p>\n<p>Per tal d\u2019escometre aquest objectiu essencial, del tot peremptori en un marc de<br \/>\npluriling\u00fcisme i d\u2019igualtat d\u2019oportunitats, hem endegat la campanya <em>\u201c<a href=\"https:\/\/drive.google.com\/file\/d\/1YAFfMRsRGvTr3VbPPtsTI2c48ufTX4up\/view?usp=sharing\">Parla\u2019ns<\/a> en<\/em><br \/>\n<em>catal\u00e0, en volem aprendre, practiquem-lo!\u201d<\/em>, progressivament visible a les escoles i<br \/>\ninstituts. <em><strong>Parla\u2019ns<\/strong><\/em> apel\u00b7la a la corresponsabilitat ling\u00fc\u00edstica del conjunt de la comunitat<br \/>\neducativa dels centres educatius, amb el desig d\u2019esperonar i de protegir l\u2019\u00fas del catal\u00e0,<br \/>\nbo i considerant que es troba en una situaci\u00f3 com m\u00e9s va, m\u00e9s minoritzada.<\/p>\n<p><a href=\"https:\/\/serveiseducatius.xtec.cat\/sants-montjuic\/wp-content\/uploads\/usu496\/2022\/10\/parla2-scaled.jpg\"><img loading=\"lazy\" decoding=\"async\" class=\"alignnone wp-image-6170\" src=\"https:\/\/serveiseducatius.xtec.cat\/sants-montjuic\/wp-content\/uploads\/usu496\/2022\/10\/parla2-768x1024.jpg\" alt=\"\" width=\"559\" height=\"746\" srcset=\"https:\/\/serveiseducatius.xtec.cat\/sants-montjuic\/wp-content\/uploads\/usu496\/2022\/10\/parla2-768x1024.jpg 768w, https:\/\/serveiseducatius.xtec.cat\/sants-montjuic\/wp-content\/uploads\/usu496\/2022\/10\/parla2-225x300.jpg 225w, https:\/\/serveiseducatius.xtec.cat\/sants-montjuic\/wp-content\/uploads\/usu496\/2022\/10\/parla2-1152x1536.jpg 1152w, https:\/\/serveiseducatius.xtec.cat\/sants-montjuic\/wp-content\/uploads\/usu496\/2022\/10\/parla2-1536x2048.jpg 1536w, https:\/\/serveiseducatius.xtec.cat\/sants-montjuic\/wp-content\/uploads\/usu496\/2022\/10\/parla2-scaled.jpg 1920w\" sizes=\"auto, (max-width: 559px) 100vw, 559px\" \/><\/a><\/p>\n<p>Comptat i debatut, es tracta d\u2019una campanya en positiu, per animar a fer servir, amb<br \/>\nm\u00e9s naturalitat, la llengua que menys usem; si contribu\u00efm a incrementar l\u2019\u00fas i la<br \/>\ncol\u00b7loquialitat del catal\u00e0, enfortim la pota m\u00e9s feble de la compet\u00e8ncia comunicativa<br \/>\npluriling\u00fce dels nostres infants i joves, tamb\u00e9 en benefici de la cohesi\u00f3 social. Practiquem-lo!<\/p>\n<p>&nbsp;<\/p>\n<p>&nbsp;<\/p>\n<p>&nbsp;<\/p>\n<p>&nbsp;<\/p>\n","protected":false},"excerpt":{"rendered":"<p>Diversos centres educatius del districte comencen a desplegar la campanya Parla&#8217;ns, per refor\u00e7ar la compet\u00e8ncia pluriling\u00fce i la cohesi\u00f3 social.<\/p>\n","protected":false},"author":3,"featured_media":6185,"comment_status":"closed","ping_status":"closed","sticky":false,"template":"","format":"standard","meta":{"_bbp_topic_count":0,"_bbp_reply_count":0,"_bbp_total_topic_count":0,"_bbp_total_reply_count":0,"_bbp_voice_count":0,"_bbp_anonymous_reply_count":0,"_bbp_topic_count_hidden":0,"_bbp_reply_count_hidden":0,"_bbp_forum_subforum_count":0,"site-sidebar-layout":"default","site-content-layout":"","ast-site-content-layout":"","site-content-style":"default","site-sidebar-style":"default","ast-global-header-display":"","ast-banner-title-visibility":"","ast-main-header-display":"","ast-hfb-above-header-display":"","ast-hfb-below-header-display":"","ast-hfb-mobile-header-display":"","site-post-title":"","ast-breadcrumbs-content":"","ast-featured-img":"","footer-sml-layout":"","theme-transparent-header-meta":"","adv-header-id-meta":"","stick-header-meta":"","header-above-stick-meta":"","header-main-stick-meta":"","header-below-stick-meta":"","astra-migrate-meta-layouts":"default","ast-page-background-enabled":"default","ast-page-background-meta":{"desktop":{"background-color":"var(--ast-global-color-4)","background-image":"","background-repeat":"repeat","background-position":"center center","background-size":"auto","background-attachment":"scroll","background-type":"","background-media":"","overlay-type":"","overlay-color":"","overlay-opacity":"","overlay-gradient":""},"tablet":{"background-color":"","background-image":"","background-repeat":"repeat","background-position":"center center","background-size":"auto","background-attachment":"scroll","background-type":"","background-media":"","overlay-type":"","overlay-color":"","overlay-opacity":"","overlay-gradient":""},"mobile":{"background-color":"","background-image":"","background-repeat":"repeat","background-position":"center center","background-size":"auto","background-attachment":"scroll","background-type":"","background-media":"","overlay-type":"","overlay-color":"","overlay-opacity":"","overlay-gradient":""}},"ast-content-background-meta":{"desktop":{"background-color":"var(--ast-global-color-5)","background-image":"","background-repeat":"repeat","background-position":"center center","background-size":"auto","background-attachment":"scroll","background-type":"","background-media":"","overlay-type":"","overlay-color":"","overlay-opacity":"","overlay-gradient":""},"tablet":{"background-color":"var(--ast-global-color-5)","background-image":"","background-repeat":"repeat","background-position":"center center","background-size":"auto","background-attachment":"scroll","background-type":"","background-media":"","overlay-type":"","overlay-color":"","overlay-opacity":"","overlay-gradient":""},"mobile":{"background-color":"var(--ast-global-color-5)","background-image":"","background-repeat":"repeat","background-position":"center center","background-size":"auto","background-attachment":"scroll","background-type":"","background-media":"","overlay-type":"","overlay-color":"","overlay-opacity":"","overlay-gradient":""}},"footnotes":""},"categories":[347,29,76],"tags":[408,255,409,406,407,405],"class_list":["post-6167","post","type-post","status-publish","format-standard","has-post-thumbnail","hentry","category-ambit-linguistic","category-portada","category-recursos","tag-cohesio-social","tag-elic","tag-elicceb","tag-llengua-catalana","tag-plurilinguisme","tag-usos-linguistics"],"post_mailing_queue_ids":[],"_links":{"self":[{"href":"https:\/\/serveiseducatius.xtec.cat\/sants-montjuic\/wp-json\/wp\/v2\/posts\/6167","targetHints":{"allow":["GET"]}}],"collection":[{"href":"https:\/\/serveiseducatius.xtec.cat\/sants-montjuic\/wp-json\/wp\/v2\/posts"}],"about":[{"href":"https:\/\/serveiseducatius.xtec.cat\/sants-montjuic\/wp-json\/wp\/v2\/types\/post"}],"author":[{"embeddable":true,"href":"https:\/\/serveiseducatius.xtec.cat\/sants-montjuic\/wp-json\/wp\/v2\/users\/3"}],"replies":[{"embeddable":true,"href":"https:\/\/serveiseducatius.xtec.cat\/sants-montjuic\/wp-json\/wp\/v2\/comments?post=6167"}],"version-history":[{"count":4,"href":"https:\/\/serveiseducatius.xtec.cat\/sants-montjuic\/wp-json\/wp\/v2\/posts\/6167\/revisions"}],"predecessor-version":[{"id":6192,"href":"https:\/\/serveiseducatius.xtec.cat\/sants-montjuic\/wp-json\/wp\/v2\/posts\/6167\/revisions\/6192"}],"wp:featuredmedia":[{"embeddable":true,"href":"https:\/\/serveiseducatius.xtec.cat\/sants-montjuic\/wp-json\/wp\/v2\/media\/6185"}],"wp:attachment":[{"href":"https:\/\/serveiseducatius.xtec.cat\/sants-montjuic\/wp-json\/wp\/v2\/media?parent=6167"}],"wp:term":[{"taxonomy":"category","embeddable":true,"href":"https:\/\/serveiseducatius.xtec.cat\/sants-montjuic\/wp-json\/wp\/v2\/categories?post=6167"},{"taxonomy":"post_tag","embeddable":true,"href":"https:\/\/serveiseducatius.xtec.cat\/sants-montjuic\/wp-json\/wp\/v2\/tags?post=6167"}],"curies":[{"name":"wp","href":"https:\/\/api.w.org\/{rel}","templated":true}]}}