{"id":4863,"date":"2021-03-17T14:15:11","date_gmt":"2021-03-17T13:15:11","guid":{"rendered":"http:\/\/serveiseducatius.xtec.cat\/sants-montjuic\/?p=4863"},"modified":"2021-03-17T14:17:05","modified_gmt":"2021-03-17T13:17:05","slug":"convocatoria-publica-per-a-la-participacio-dels-centres-en-programes-dinnovacio-pedagogica","status":"publish","type":"post","link":"https:\/\/serveiseducatius.xtec.cat\/sants-montjuic\/portada\/convocatoria-publica-per-a-la-participacio-dels-centres-en-programes-dinnovacio-pedagogica\/","title":{"rendered":"Convocat\u00f2ria p\u00fablica per a la participaci\u00f3 dels centres en programes d\u2019Innovaci\u00f3 Pedag\u00f2gica"},"content":{"rendered":"<p><img loading=\"lazy\" decoding=\"async\" class=\"wp-image-4864 aligncenter\" src=\"https:\/\/serveiseducatius.xtec.cat\/sants-montjuic\/wp-content\/uploads\/usu496\/2021\/03\/cup.jpg\" alt=\"\" width=\"294\" height=\"420\" \/><\/p>\n<p>&nbsp;<\/p>\n<p><b>El dia 15 de mar\u00e7 s&#8217;obria la convocat\u00f2ria p\u00fablica per a la participaci\u00f3 dels centres en programes d&#8217;Innovaci\u00f3 Pedag\u00f2gica. <\/b>El Departament d&#8217;Educaci\u00f3 ha unificat l&#8217;oferta de tots els programes d&#8217;innovaci\u00f3\u00a0pedag\u00f2gica amb l&#8217;objectiu de facilitar als centres l&#8217;acc\u00e9s a la informaci\u00f3 i simplificaci\u00f3 dels processos de participaci\u00f3.<\/p>\n<p>Per con\u00e8ixer l&#8217;oferta de programes accediu a l&#8217;apartat de <b>l\u2019XTEC\u00a0<\/b>d<b>&#8216;<\/b><a href=\"http:\/\/xtec.gencat.cat\/ca\/innovacio\/programes_innovacio\/\" target=\"_blank\" rel=\"noopener noreferrer\" data-saferedirecturl=\"https:\/\/www.google.com\/url?q=http:\/\/xtec.gencat.cat\/ca\/innovacio\/programes_innovacio\/&amp;source=gmail&amp;ust=1616072075448000&amp;usg=AFQjCNE-FyJptVmJpfd4Jam4P_aZGynYOQ\"><b>Innovaci\u00f3\u00a0<wbr \/>Pedag\u00f2gica<\/b><\/a><b>\u00a0o al\u00a0<\/b><a href=\"https:\/\/espai.educacio.gencat.cat\/Centres\/Innovacio-pedagogica\/Programes\/Pagines\/default.aspx\" target=\"_blank\" rel=\"noopener noreferrer\" data-saferedirecturl=\"https:\/\/www.google.com\/url?q=https:\/\/espai.educacio.gencat.cat\/Centres\/Innovacio-pedagogica\/Programes\/Pagines\/default.aspx&amp;source=gmail&amp;ust=1616072075448000&amp;usg=AFQjCNE0YhTpZTDFR1XHK1z4h6tMHxPLtw\"><b>Portal de centres<\/b><\/a>\u00a0i s<span style=\"color: #000000;\">ol\u00b7licitar la participaci\u00f3 en el programa d&#8217;innovaci\u00f3 de manera que s&#8217;adapti a les necessitats del Projecte Educatiu. Podeu c<\/span><span style=\"color: #000000;\">onsultar la resoluci\u00f3 corresponent de cada programa d&#8217;innovaci\u00f3 per comprovar l\u2019acceptaci\u00f3 o no de la participaci\u00f3 en el programa.<u><\/u><u><\/u><\/span><\/p>\n<p><span style=\"color: #000000; font-family: arial, sans-serif;\">El\u00a0<b>termini general d\u2019inscripci\u00f3\u00a0<\/b>per participar finalitzar\u00e0\u00a0<b>despr\u00e9s de 40 dies h\u00e0bils des de l&#8217;endem\u00e0 de la publicaci\u00f3 de la llista de programes que obren proc\u00e9s<\/b> de participaci\u00f3 (termini fins al 12 de maig).\u00a0\u00a0<\/span><\/p>\n<p><span style=\"color: #000000;\">Per a m\u00e9s informaci\u00f3 us compartim un v\u00eddeo divulgatiu:<\/span>\u00a0<a href=\"https:\/\/youtu.be\/BfPxnl_0l2I\" target=\"_blank\" rel=\"noopener noreferrer\" data-saferedirecturl=\"https:\/\/www.google.com\/url?q=https:\/\/youtu.be\/BfPxnl_0l2I&amp;source=gmail&amp;ust=1616072075449000&amp;usg=AFQjCNFWaBhPPSKPfVgQql-8d0VBBfuUbg\">Participaci\u00f3 en programes d&#8217;innovaci\u00f3\u00a0pedag\u00f2gica<\/a><\/p>\n<p>&nbsp;<\/p>\n","protected":false},"excerpt":{"rendered":"<p>El dia 15 de mar\u00e7 s&#8217;obria la convocat\u00f2ria p\u00fablica per a la participaci\u00f3 dels centres en programes d&#8217;Innovaci\u00f3 Pedag\u00f2gica. El Departament d&#8217;Educaci\u00f3 ha unificat l&#8217;oferta de tots els programes d&#8217;innovaci\u00f3 pedag\u00f2gica amb l&#8217;objectiu de facilitar als centres l&#8217;acc\u00e9s a la informaci\u00f3 i simplificaci\u00f3 dels processos de participaci\u00f3.<\/p>\n","protected":false},"author":1,"featured_media":4864,"comment_status":"open","ping_status":"closed","sticky":false,"template":"","format":"standard","meta":{"_bbp_topic_count":0,"_bbp_reply_count":0,"_bbp_total_topic_count":0,"_bbp_total_reply_count":0,"_bbp_voice_count":0,"_bbp_anonymous_reply_count":0,"_bbp_topic_count_hidden":0,"_bbp_reply_count_hidden":0,"_bbp_forum_subforum_count":0,"site-sidebar-layout":"default","site-content-layout":"","ast-site-content-layout":"","site-content-style":"default","site-sidebar-style":"default","ast-global-header-display":"","ast-banner-title-visibility":"","ast-main-header-display":"","ast-hfb-above-header-display":"","ast-hfb-below-header-display":"","ast-hfb-mobile-header-display":"","site-post-title":"","ast-breadcrumbs-content":"","ast-featured-img":"","footer-sml-layout":"","theme-transparent-header-meta":"","adv-header-id-meta":"","stick-header-meta":"","header-above-stick-meta":"","header-main-stick-meta":"","header-below-stick-meta":"","astra-migrate-meta-layouts":"default","ast-page-background-enabled":"default","ast-page-background-meta":{"desktop":{"background-color":"var(--ast-global-color-4)","background-image":"","background-repeat":"repeat","background-position":"center center","background-size":"auto","background-attachment":"scroll","background-type":"","background-media":"","overlay-type":"","overlay-color":"","overlay-opacity":"","overlay-gradient":""},"tablet":{"background-color":"","background-image":"","background-repeat":"repeat","background-position":"center center","background-size":"auto","background-attachment":"scroll","background-type":"","background-media":"","overlay-type":"","overlay-color":"","overlay-opacity":"","overlay-gradient":""},"mobile":{"background-color":"","background-image":"","background-repeat":"repeat","background-position":"center center","background-size":"auto","background-attachment":"scroll","background-type":"","background-media":"","overlay-type":"","overlay-color":"","overlay-opacity":"","overlay-gradient":""}},"ast-content-background-meta":{"desktop":{"background-color":"var(--ast-global-color-5)","background-image":"","background-repeat":"repeat","background-position":"center center","background-size":"auto","background-attachment":"scroll","background-type":"","background-media":"","overlay-type":"","overlay-color":"","overlay-opacity":"","overlay-gradient":""},"tablet":{"background-color":"var(--ast-global-color-5)","background-image":"","background-repeat":"repeat","background-position":"center center","background-size":"auto","background-attachment":"scroll","background-type":"","background-media":"","overlay-type":"","overlay-color":"","overlay-opacity":"","overlay-gradient":""},"mobile":{"background-color":"var(--ast-global-color-5)","background-image":"","background-repeat":"repeat","background-position":"center center","background-size":"auto","background-attachment":"scroll","background-type":"","background-media":"","overlay-type":"","overlay-color":"","overlay-opacity":"","overlay-gradient":""}},"footnotes":""},"categories":[29],"tags":[],"class_list":["post-4863","post","type-post","status-publish","format-standard","has-post-thumbnail","hentry","category-portada"],"post_mailing_queue_ids":[],"_links":{"self":[{"href":"https:\/\/serveiseducatius.xtec.cat\/sants-montjuic\/wp-json\/wp\/v2\/posts\/4863","targetHints":{"allow":["GET"]}}],"collection":[{"href":"https:\/\/serveiseducatius.xtec.cat\/sants-montjuic\/wp-json\/wp\/v2\/posts"}],"about":[{"href":"https:\/\/serveiseducatius.xtec.cat\/sants-montjuic\/wp-json\/wp\/v2\/types\/post"}],"author":[{"embeddable":true,"href":"https:\/\/serveiseducatius.xtec.cat\/sants-montjuic\/wp-json\/wp\/v2\/users\/1"}],"replies":[{"embeddable":true,"href":"https:\/\/serveiseducatius.xtec.cat\/sants-montjuic\/wp-json\/wp\/v2\/comments?post=4863"}],"version-history":[{"count":2,"href":"https:\/\/serveiseducatius.xtec.cat\/sants-montjuic\/wp-json\/wp\/v2\/posts\/4863\/revisions"}],"predecessor-version":[{"id":4866,"href":"https:\/\/serveiseducatius.xtec.cat\/sants-montjuic\/wp-json\/wp\/v2\/posts\/4863\/revisions\/4866"}],"wp:featuredmedia":[{"embeddable":true,"href":"https:\/\/serveiseducatius.xtec.cat\/sants-montjuic\/wp-json\/wp\/v2\/media\/4864"}],"wp:attachment":[{"href":"https:\/\/serveiseducatius.xtec.cat\/sants-montjuic\/wp-json\/wp\/v2\/media?parent=4863"}],"wp:term":[{"taxonomy":"category","embeddable":true,"href":"https:\/\/serveiseducatius.xtec.cat\/sants-montjuic\/wp-json\/wp\/v2\/categories?post=4863"},{"taxonomy":"post_tag","embeddable":true,"href":"https:\/\/serveiseducatius.xtec.cat\/sants-montjuic\/wp-json\/wp\/v2\/tags?post=4863"}],"curies":[{"name":"wp","href":"https:\/\/api.w.org\/{rel}","templated":true}]}}