{"id":4657,"date":"2020-03-30T15:20:02","date_gmt":"2020-03-30T13:20:02","guid":{"rendered":"http:\/\/serveiseducatius.xtec.cat\/sants-montjuic\/?p=4657"},"modified":"2020-05-18T15:44:59","modified_gmt":"2020-05-18T13:44:59","slug":"informacio-i-propostes-departament-educacio-covid-19","status":"publish","type":"post","link":"https:\/\/serveiseducatius.xtec.cat\/sants-montjuic\/general\/informacio-i-propostes-departament-educacio-covid-19\/","title":{"rendered":"Informaci\u00f3, propostes i recursos Departament Educaci\u00f3 Covid-19"},"content":{"rendered":"<p>Trobareu tota la informaci\u00f3 actualitzada sobre el qu\u00e8 cal saber aquests dies a la portada del web del <a href=\"http:\/\/xtec.gencat.cat\/ca\/inici\">Departament d\u2019Educaci\u00f3<\/a><\/p>\n<p><img loading=\"lazy\" decoding=\"async\" class=\"alignnone wp-image-4663\" src=\"https:\/\/serveiseducatius.xtec.cat\/sants-montjuic\/wp-content\/uploads\/usu496\/2020\/03\/de_covid19-300x147.gif\" alt=\"\" width=\"424\" height=\"208\" \/><\/p>\n<p><strong>\u00c9s molt important que tingueu aquest lloc com a refer\u00e8ncia:<\/strong>\u00a0tota la informaci\u00f3 que s\u2019hi dona \u00e9s oficial i us pot estalviar malentesos i aclarir dubtes:<\/p>\n<p><a href=\"https:\/\/drive.google.com\/drive\/folders\/1BGUrFlUUfA2XGi8zHOu0D37-Jy9acTCO\">Recursos oferts per l&#8217;equip LIC del nostre Servei Educatiu<\/a><\/p>\n<p><a href=\"https:\/\/www.youtube.com\/playlist?list=PLojIWF2RflCrzOmB69fdkj0o6SWNopon2\">Videotutorials EIX-Moodle (canal Youtube)<\/a><\/p>\n<p><a href=\"https:\/\/agora.xtec.cat\/moodle\/moodle\/mod\/forum\/view.php?id=2281\">Per resoldre qualsevol dubte o problema relacionat amb Moodle-EIX <\/a><\/p>\n<p><a href=\"http:\/\/ateneu.xtec.cat\/wikiform\/wikiexport\/cmd\/tac\/moodle2\/index\">Materials sobre la plataforma Moodle.<\/a><a href=\"https:\/\/agora.xtec.cat\/moodle\/moodle\/mod\/forum\/view.php?id=2281\">\u00a0<\/a><\/p>\n<p><a href=\"https:\/\/agora.xtec.cat\/nodes\/\">Com gestionar i administrar\u00a0<strong>NODES<\/strong>, web de centre?<\/a><\/p>\n<p><a href=\"https:\/\/www.youtube.com\/watch?v=LRSSetFa0Hk\">Videotutorial per a organitzar una videoconfer\u00e8ncia amb Google<\/a><\/p>\n<p><a href=\"https:\/\/serveiseducatius.xtec.cat\/vallesoriental4\/portada\/consells-per-dinamitzar-video-conferencies\/\">Consells per dinamitzar una videoconfer\u00e8ncia<\/a><\/p>\n<div id=\"primary\" class=\"style-scope ytd-watch-flexy\">\n<div id=\"primary-inner\" class=\"style-scope ytd-watch-flexy\">\n<div id=\"player\" class=\"style-scope ytd-watch-flexy\">\n<div id=\"player-container-outer\" class=\"style-scope ytd-watch-flexy\">\n<div id=\"player-container-inner\" class=\"style-scope ytd-watch-flexy\">\n<div id=\"player-container\" class=\"style-scope ytd-watch-flexy\" role=\"complementary\">\n<div id=\"container\" class=\"style-scope ytd-player\">\n<div id=\"movie_player\" class=\"html5-video-player ytp-transparent ytp-hide-info-bar ytp-large-width-mode paused-mode\" tabindex=\"-1\" aria-label=\"Reproductor de v\u00eddeo de YouTube\" data-version=\"\/yts\/jsbin\/player_ias-vfl_CsZz6\/ca_ES\/base.js\">\n<div class=\"ytp-gradient-bottom\" data-layer=\"8\"><a style=\"box-sizing: border-box; color: #087eb6; background: transparent; text-decoration: none; line-height: inherit; font-family: 'Open Sans', sans-serif; font-weight: 400;\" href=\"http:\/\/ensenyament.gencat.cat\/ca\/actualitat\/coronavirus\/\">Comunicats del Departament d\u2019Educaci\u00f3 i informaci\u00f3 del Departament de Salut<\/a><\/div>\n<div data-layer=\"8\"><\/div>\n<\/div>\n<\/div>\n<\/div>\n<\/div>\n<\/div>\n<\/div>\n<\/div>\n<\/div>\n<p><a style=\"box-sizing: border-box; color: #087eb6; background: transparent; text-decoration: none; line-height: inherit; font-family: 'Open Sans', sans-serif; font-weight: 400;\" href=\"http:\/\/xtec.gencat.cat\/ca\/formacio\/formacio-extraordinaria-oberta\/\">Formaci\u00f3 extra\u00f2rdin\u00e0ria oberta\u00a0<\/a><\/p>\n<p><a style=\"box-sizing: border-box; color: #087eb6; background: transparent; text-decoration: none; line-height: inherit; font-family: 'Open Sans', sans-serif; font-weight: 400;\" href=\"https:\/\/twitter.com\/xtec\">Darreres not\u00edcies a twitter XTEC<\/a><\/p>\n<p><a style=\"box-sizing: border-box; color: #087eb6; background: transparent; text-decoration: none; line-height: inherit; font-family: 'Open Sans', sans-serif; font-weight: 400;\" href=\"http:\/\/xtec.gencat.cat\/ca\/recursos\/actuacio-extraordinaria-activitats-autoaprenentatge\/\">Recursos per al professorat i activitats d\u2019autoaprenentatge<\/a><\/p>\n<p><a style=\"box-sizing: border-box; color: #087eb6; background: transparent; text-decoration: none; line-height: inherit; font-family: 'Open Sans', sans-serif; font-weight: 400;\" href=\"http:\/\/xtec.gencat.cat\/web\/.content\/centres\/Pla-centres-educatius-en-linia.pdf\">Pla d\u2019acci\u00f3: centres educatius en l\u00ednia<\/a><\/p>\n<p><a href=\"https:\/\/serveiseducatius.xtec.cat\/sants-montjuic\/general\/jocs-florals-2020\/\">Suspensi\u00f3 Jocs Florals 2020<\/a><\/p>\n<p><strong>Recull de recursos i activitats did\u00e0ctiques en l\u00ednia:<\/strong><\/p>\n<p>Jo em quedo a casa:\u00a0\u00a0<a style=\"box-sizing: border-box; color: #087eb6; background: transparent; text-decoration: none; line-height: inherit; font-family: 'Open Sans', sans-serif; font-weight: 400;\" href=\"https:\/\/projectes.xtec.cat\/joemquedoacasa\/\">https:\/\/projectes.xtec.cat\/joemquedoacasa\/<\/a><\/p>\n<p>Tamb\u00e9 us pot resultar \u00fatil, de cara a les vostres fam\u00edlies, aquest\u00a0<a style=\"box-sizing: border-box; color: #087eb6; background: transparent; text-decoration: none; line-height: inherit; font-family: 'Open Sans', sans-serif; font-weight: 400;\" href=\"http:\/\/canalsalut.gencat.cat\/ca\/salut-a-z\/c\/coronavirus-2019-ncov\/material-divulgatiu\/#bloc16\">enlla\u00e7 a documentaci\u00f3 elaborada pel Departament de Salut sobre el Covid 19 en diferents lleng\u00fces<\/a><\/p>\n","protected":false},"excerpt":{"rendered":"<p>Trobareu tota la informaci\u00f3 actualitzada sobre el qu\u00e8 cal saber aquests dies a la portada del web del Departament d\u2019Educaci\u00f3 \u00c9s molt important que tingueu aquest lloc com a refer\u00e8ncia:\u00a0tota la informaci\u00f3 que s\u2019hi dona \u00e9s oficial i us pot estalviar malentesos i aclarir dubtes: Recursos oferts per l&#8217;equip LIC del nostre Servei Educatiu Videotutorials [&hellip;]<\/p>\n","protected":false},"author":1,"featured_media":4663,"comment_status":"open","ping_status":"closed","sticky":false,"template":"","format":"standard","meta":{"_bbp_topic_count":0,"_bbp_reply_count":0,"_bbp_total_topic_count":0,"_bbp_total_reply_count":0,"_bbp_voice_count":0,"_bbp_anonymous_reply_count":0,"_bbp_topic_count_hidden":0,"_bbp_reply_count_hidden":0,"_bbp_forum_subforum_count":0,"site-sidebar-layout":"default","site-content-layout":"","ast-site-content-layout":"","site-content-style":"default","site-sidebar-style":"default","ast-global-header-display":"","ast-banner-title-visibility":"","ast-main-header-display":"","ast-hfb-above-header-display":"","ast-hfb-below-header-display":"","ast-hfb-mobile-header-display":"","site-post-title":"","ast-breadcrumbs-content":"","ast-featured-img":"","footer-sml-layout":"","theme-transparent-header-meta":"","adv-header-id-meta":"","stick-header-meta":"","header-above-stick-meta":"","header-main-stick-meta":"","header-below-stick-meta":"","astra-migrate-meta-layouts":"default","ast-page-background-enabled":"default","ast-page-background-meta":{"desktop":{"background-color":"var(--ast-global-color-4)","background-image":"","background-repeat":"repeat","background-position":"center center","background-size":"auto","background-attachment":"scroll","background-type":"","background-media":"","overlay-type":"","overlay-color":"","overlay-opacity":"","overlay-gradient":""},"tablet":{"background-color":"","background-image":"","background-repeat":"repeat","background-position":"center center","background-size":"auto","background-attachment":"scroll","background-type":"","background-media":"","overlay-type":"","overlay-color":"","overlay-opacity":"","overlay-gradient":""},"mobile":{"background-color":"","background-image":"","background-repeat":"repeat","background-position":"center center","background-size":"auto","background-attachment":"scroll","background-type":"","background-media":"","overlay-type":"","overlay-color":"","overlay-opacity":"","overlay-gradient":""}},"ast-content-background-meta":{"desktop":{"background-color":"var(--ast-global-color-5)","background-image":"","background-repeat":"repeat","background-position":"center center","background-size":"auto","background-attachment":"scroll","background-type":"","background-media":"","overlay-type":"","overlay-color":"","overlay-opacity":"","overlay-gradient":""},"tablet":{"background-color":"var(--ast-global-color-5)","background-image":"","background-repeat":"repeat","background-position":"center center","background-size":"auto","background-attachment":"scroll","background-type":"","background-media":"","overlay-type":"","overlay-color":"","overlay-opacity":"","overlay-gradient":""},"mobile":{"background-color":"var(--ast-global-color-5)","background-image":"","background-repeat":"repeat","background-position":"center center","background-size":"auto","background-attachment":"scroll","background-type":"","background-media":"","overlay-type":"","overlay-color":"","overlay-opacity":"","overlay-gradient":""}},"footnotes":""},"categories":[1,29],"tags":[],"class_list":["post-4657","post","type-post","status-publish","format-standard","has-post-thumbnail","hentry","category-general","category-portada"],"post_mailing_queue_ids":[],"_links":{"self":[{"href":"https:\/\/serveiseducatius.xtec.cat\/sants-montjuic\/wp-json\/wp\/v2\/posts\/4657","targetHints":{"allow":["GET"]}}],"collection":[{"href":"https:\/\/serveiseducatius.xtec.cat\/sants-montjuic\/wp-json\/wp\/v2\/posts"}],"about":[{"href":"https:\/\/serveiseducatius.xtec.cat\/sants-montjuic\/wp-json\/wp\/v2\/types\/post"}],"author":[{"embeddable":true,"href":"https:\/\/serveiseducatius.xtec.cat\/sants-montjuic\/wp-json\/wp\/v2\/users\/1"}],"replies":[{"embeddable":true,"href":"https:\/\/serveiseducatius.xtec.cat\/sants-montjuic\/wp-json\/wp\/v2\/comments?post=4657"}],"version-history":[{"count":3,"href":"https:\/\/serveiseducatius.xtec.cat\/sants-montjuic\/wp-json\/wp\/v2\/posts\/4657\/revisions"}],"predecessor-version":[{"id":4685,"href":"https:\/\/serveiseducatius.xtec.cat\/sants-montjuic\/wp-json\/wp\/v2\/posts\/4657\/revisions\/4685"}],"wp:featuredmedia":[{"embeddable":true,"href":"https:\/\/serveiseducatius.xtec.cat\/sants-montjuic\/wp-json\/wp\/v2\/media\/4663"}],"wp:attachment":[{"href":"https:\/\/serveiseducatius.xtec.cat\/sants-montjuic\/wp-json\/wp\/v2\/media?parent=4657"}],"wp:term":[{"taxonomy":"category","embeddable":true,"href":"https:\/\/serveiseducatius.xtec.cat\/sants-montjuic\/wp-json\/wp\/v2\/categories?post=4657"},{"taxonomy":"post_tag","embeddable":true,"href":"https:\/\/serveiseducatius.xtec.cat\/sants-montjuic\/wp-json\/wp\/v2\/tags?post=4657"}],"curies":[{"name":"wp","href":"https:\/\/api.w.org\/{rel}","templated":true}]}}