{"id":4426,"date":"2019-04-01T16:02:06","date_gmt":"2019-04-01T14:02:06","guid":{"rendered":"http:\/\/serveiseducatius.xtec.cat\/sants-montjuic\/?p=4426"},"modified":"2019-04-01T16:15:05","modified_gmt":"2019-04-01T14:15:05","slug":"els-ii-premis-barcelona-innovacio-educativa-reconeixen-2-projectes-de-centres-del-districte-de-sants-montjuic","status":"publish","type":"post","link":"https:\/\/serveiseducatius.xtec.cat\/sants-montjuic\/portada\/els-ii-premis-barcelona-innovacio-educativa-reconeixen-2-projectes-de-centres-del-districte-de-sants-montjuic\/","title":{"rendered":"Els II Premis Barcelona Innovaci\u00f3 Educativa reconeixen 2 projectes de centres del Districte de Sants-Montju\u00efc"},"content":{"rendered":"<p><img loading=\"lazy\" decoding=\"async\" class=\"size-medium wp-image-4427 aligncenter\" src=\"https:\/\/serveiseducatius.xtec.cat\/sants-montjuic\/wp-content\/uploads\/usu496\/2019\/04\/IMG-20190401-WA0001-300x225.jpg\" alt=\"\" width=\"300\" height=\"225\" srcset=\"https:\/\/serveiseducatius.xtec.cat\/sants-montjuic\/wp-content\/uploads\/usu496\/2019\/04\/IMG-20190401-WA0001-300x225.jpg 300w, https:\/\/serveiseducatius.xtec.cat\/sants-montjuic\/wp-content\/uploads\/usu496\/2019\/04\/IMG-20190401-WA0001-768x576.jpg 768w, https:\/\/serveiseducatius.xtec.cat\/sants-montjuic\/wp-content\/uploads\/usu496\/2019\/04\/IMG-20190401-WA0001-1024x768.jpg 1024w, https:\/\/serveiseducatius.xtec.cat\/sants-montjuic\/wp-content\/uploads\/usu496\/2019\/04\/IMG-20190401-WA0001-200x150.jpg 200w, https:\/\/serveiseducatius.xtec.cat\/sants-montjuic\/wp-content\/uploads\/usu496\/2019\/04\/IMG-20190401-WA0001.jpg 1600w\" sizes=\"auto, (max-width: 300px) 100vw, 300px\" \/><\/p>\n<div><span style=\"font-size: large;\">El premi d&#8217;\u00e0mbit de ciutat ha guardonat a l&#8217;Escola Francesc Maci\u00e0\u00a0amb el Projecte Vincular X Educar. Projecte comunitari que pret\u00e9n millorar la vinculaci\u00f3 fam\u00edlies, escola i entitats de lleure al barri.\u00a0<\/span><\/div>\n<div><\/div>\n<div><span style=\"font-size: large;\">I el premi d&#8217;\u00e0mbit de Districte ha significat a l&#8217;Institut Montju\u00efc<span style=\"color: #333333; font-family: 'Source Sans Pro', 'Helvetica Neue', Helvetica, Arial, sans-serif;\">\u00a0per la proposta transformadora d&#8217;optatives\u00a0art\u00edstiques en col\u00b7laboraci\u00f3\u00a0amb equipaments culturals del barri i amb la participaci\u00f3 de l&#8217;alumnat i professorat en el seu disseny.\u00a0<\/span><\/span><\/div>\n<div><b><span style=\"font-size: large;\">\u00a0<\/span><\/b><\/div>\n<div><b><span style=\"font-size: large;\">L&#8217;enhorabona als centres i l&#8217;encoratjament a tothom per seguir mantenint l&#8217;Educaci\u00f3 com a prioritat.<\/span><\/b><\/div>\n","protected":false},"excerpt":{"rendered":"<p>El premi d&#8217;\u00e0mbit de ciutat ha guardonat a l&#8217;Escola Francesc Maci\u00e0\u00a0amb el Projecte Vincular X Educar. Projecte comunitari que pret\u00e9n millorar la vinculaci\u00f3 fam\u00edlies, escola i entitats de lleure al barri.\u00a0 I el premi d&#8217;\u00e0mbit de Districte ha significat a l&#8217;Institut Montju\u00efc\u00a0per la proposta transformadora d&#8217;optatives\u00a0art\u00edstiques en col\u00b7laboraci\u00f3\u00a0amb equipaments culturals del barri i amb la [&hellip;]<\/p>\n","protected":false},"author":1,"featured_media":0,"comment_status":"open","ping_status":"closed","sticky":false,"template":"","format":"standard","meta":{"_bbp_topic_count":0,"_bbp_reply_count":0,"_bbp_total_topic_count":0,"_bbp_total_reply_count":0,"_bbp_voice_count":0,"_bbp_anonymous_reply_count":0,"_bbp_topic_count_hidden":0,"_bbp_reply_count_hidden":0,"_bbp_forum_subforum_count":0,"site-sidebar-layout":"default","site-content-layout":"","ast-site-content-layout":"","site-content-style":"default","site-sidebar-style":"default","ast-global-header-display":"","ast-banner-title-visibility":"","ast-main-header-display":"","ast-hfb-above-header-display":"","ast-hfb-below-header-display":"","ast-hfb-mobile-header-display":"","site-post-title":"","ast-breadcrumbs-content":"","ast-featured-img":"","footer-sml-layout":"","theme-transparent-header-meta":"","adv-header-id-meta":"","stick-header-meta":"","header-above-stick-meta":"","header-main-stick-meta":"","header-below-stick-meta":"","astra-migrate-meta-layouts":"default","ast-page-background-enabled":"default","ast-page-background-meta":{"desktop":{"background-color":"var(--ast-global-color-4)","background-image":"","background-repeat":"repeat","background-position":"center center","background-size":"auto","background-attachment":"scroll","background-type":"","background-media":"","overlay-type":"","overlay-color":"","overlay-opacity":"","overlay-gradient":""},"tablet":{"background-color":"","background-image":"","background-repeat":"repeat","background-position":"center center","background-size":"auto","background-attachment":"scroll","background-type":"","background-media":"","overlay-type":"","overlay-color":"","overlay-opacity":"","overlay-gradient":""},"mobile":{"background-color":"","background-image":"","background-repeat":"repeat","background-position":"center center","background-size":"auto","background-attachment":"scroll","background-type":"","background-media":"","overlay-type":"","overlay-color":"","overlay-opacity":"","overlay-gradient":""}},"ast-content-background-meta":{"desktop":{"background-color":"var(--ast-global-color-5)","background-image":"","background-repeat":"repeat","background-position":"center center","background-size":"auto","background-attachment":"scroll","background-type":"","background-media":"","overlay-type":"","overlay-color":"","overlay-opacity":"","overlay-gradient":""},"tablet":{"background-color":"var(--ast-global-color-5)","background-image":"","background-repeat":"repeat","background-position":"center center","background-size":"auto","background-attachment":"scroll","background-type":"","background-media":"","overlay-type":"","overlay-color":"","overlay-opacity":"","overlay-gradient":""},"mobile":{"background-color":"var(--ast-global-color-5)","background-image":"","background-repeat":"repeat","background-position":"center center","background-size":"auto","background-attachment":"scroll","background-type":"","background-media":"","overlay-type":"","overlay-color":"","overlay-opacity":"","overlay-gradient":""}},"footnotes":""},"categories":[29],"tags":[],"class_list":["post-4426","post","type-post","status-publish","format-standard","hentry","category-portada"],"post_mailing_queue_ids":[],"_links":{"self":[{"href":"https:\/\/serveiseducatius.xtec.cat\/sants-montjuic\/wp-json\/wp\/v2\/posts\/4426","targetHints":{"allow":["GET"]}}],"collection":[{"href":"https:\/\/serveiseducatius.xtec.cat\/sants-montjuic\/wp-json\/wp\/v2\/posts"}],"about":[{"href":"https:\/\/serveiseducatius.xtec.cat\/sants-montjuic\/wp-json\/wp\/v2\/types\/post"}],"author":[{"embeddable":true,"href":"https:\/\/serveiseducatius.xtec.cat\/sants-montjuic\/wp-json\/wp\/v2\/users\/1"}],"replies":[{"embeddable":true,"href":"https:\/\/serveiseducatius.xtec.cat\/sants-montjuic\/wp-json\/wp\/v2\/comments?post=4426"}],"version-history":[{"count":2,"href":"https:\/\/serveiseducatius.xtec.cat\/sants-montjuic\/wp-json\/wp\/v2\/posts\/4426\/revisions"}],"predecessor-version":[{"id":4429,"href":"https:\/\/serveiseducatius.xtec.cat\/sants-montjuic\/wp-json\/wp\/v2\/posts\/4426\/revisions\/4429"}],"wp:attachment":[{"href":"https:\/\/serveiseducatius.xtec.cat\/sants-montjuic\/wp-json\/wp\/v2\/media?parent=4426"}],"wp:term":[{"taxonomy":"category","embeddable":true,"href":"https:\/\/serveiseducatius.xtec.cat\/sants-montjuic\/wp-json\/wp\/v2\/categories?post=4426"},{"taxonomy":"post_tag","embeddable":true,"href":"https:\/\/serveiseducatius.xtec.cat\/sants-montjuic\/wp-json\/wp\/v2\/tags?post=4426"}],"curies":[{"name":"wp","href":"https:\/\/api.w.org\/{rel}","templated":true}]}}