{"id":4400,"date":"2019-02-27T13:03:45","date_gmt":"2019-02-27T12:03:45","guid":{"rendered":"http:\/\/serveiseducatius.xtec.cat\/sants-montjuic\/?p=4400"},"modified":"2019-02-27T13:29:27","modified_gmt":"2019-02-27T12:29:27","slug":"el-seminari-0-6-anem-a-lespai-familiar-la-casa-dels-colors","status":"publish","type":"post","link":"https:\/\/serveiseducatius.xtec.cat\/sants-montjuic\/portada\/el-seminari-0-6-anem-a-lespai-familiar-la-casa-dels-colors\/","title":{"rendered":"EL SEMINARI 0-6 ANEM A L\u2019ESPAI FAMILIAR LA CASA DELS COLORS"},"content":{"rendered":"<p><em>\u00a0<\/em><strong><img loading=\"lazy\" decoding=\"async\" class=\"size-medium wp-image-4403 aligncenter\" src=\"https:\/\/serveiseducatius.xtec.cat\/sants-montjuic\/wp-content\/uploads\/usu496\/2019\/02\/IMG20190215110856_opt-225x300.jpg\" alt=\"\" width=\"225\" height=\"300\" srcset=\"https:\/\/serveiseducatius.xtec.cat\/sants-montjuic\/wp-content\/uploads\/usu496\/2019\/02\/IMG20190215110856_opt-225x300.jpg 225w, https:\/\/serveiseducatius.xtec.cat\/sants-montjuic\/wp-content\/uploads\/usu496\/2019\/02\/IMG20190215110856_opt.jpg 400w\" sizes=\"auto, (max-width: 225px) 100vw, 225px\" \/><\/strong><\/p>\n<p><strong>Vull comen\u00e7ar aquesta acta agraint a la Paquita i la N\u00faria la seva acollida, la seva generositat al compartir amb nosaltres els seus coneixements i totes les seves atencions.<\/strong><\/p>\n<p><u>Filosofia i caracter\u00edstiques dels Espais Familiars<\/u><\/p>\n<p>Els Espais Familiars s\u00f3n un servei de l\u2019IMEB.<\/p>\n<p>Neixen com a serveis educatius que pretenen\u00a0 donar resposta a diferents necessitats familiars relacionades amb la crian\u00e7a i l\u2019educaci\u00f3 dels seus fills i de les seves filles.<\/p>\n<p>Un dels seus objectius principals \u00e9s afavorir i potenciar el sentiment de seguretat i confian\u00e7a de les mares i dels pares en les seves compet\u00e8ncies i habilitats parentals.<\/p>\n<p>A l\u2019Espai Familiar es parteix del reconeixement de les fam\u00edlies com a primers referents afectius i educatius dels seus fills i de les seves filles. El model de crian\u00e7a \u00e9s el de la fam\u00edlia. A l\u2019Espai, \u00e9s ella qui s\u2019ocupa de la criatura. Les treballadores poden donar models, per\u00f2 la idea \u00e9s apoderar les fam\u00edlies, aconseguir que siguin elles les protagonistes. M\u00e9s aviat s\u2019afavoreix que les intervencions siguin entre les mateixes fam\u00edlies. Un reconeixement, el de la compet\u00e8ncia de les fam\u00edlies, que comporta l\u2019acceptaci\u00f3 de que no hi ha un \u00fanic model de crian\u00e7a.<\/p>\n<p>Els Espais Familiars municipals acullen grups de 0-3 anys, preferentment no escolaritzats, acompanyats d\u2019algun familiar (mare, pare, \u00e0via, avi&#8230;). Els grups poden se de mat\u00ed o de tarda.\u00a0 Les criatures hi romanen fins que entren a Parvulari, malgrat alguna va a Bressol al mat\u00ed i a l\u2019Espai Familiar a la tarda.<\/p>\n<p>A l\u2019Espai Familiar no hi ha per\u00edode de preinscripci\u00f3. Les fam\u00edlies interessades en assistir-hi han d\u2019apuntar-se en una llista i entren seguint l\u2019ordre en qu\u00e8 s\u2019han apuntat.\u00a0 Respecte a les condicions per entrar, una \u00e9s que vinguin derivades del CAP o d\u2019altres serveis. Les qui venen del CEDIAP tenen prefer\u00e8ncia. Una altra condici\u00f3 \u00e9s que les criatures no estiguin escolaritzades. Tenen prefer\u00e8ncia les fam\u00edlies del districte on est\u00e0 ubicat l\u2019Espai Familiar.<\/p>\n<p>Tres professionals s\u2019encarreguen de l\u2019organitzaci\u00f3 de cada Espai i de l\u2019acompanyament dels infants i les seves fam\u00edlies. Per accedir-hi com a professional, has de ser treballadora de bressol<\/p>\n<p>-IMEB-, has de presentar un projecte i tenen en compte els m\u00e8rits.<\/p>\n<p>Quatre s\u00f3n les caracter\u00edstiques principals dels Espais Familiars<\/p>\n<p>&#8211; S\u00f3n grups estables.<\/p>\n<p>&#8211; Acullen infants d\u2019edats barrejades, de 1 a 3 anys.<\/p>\n<p>&#8211; \u00c9s un espai organitzat en diferents ambients de joc.<\/p>\n<p>&#8211; No s\u2019hi organitzen activitats, ni amb els infants ni amb les fam\u00edlies.<\/p>\n<p>&nbsp;<\/p>\n<p>LA CASA DELS COLORS<\/p>\n<p>Actualment, a <em>La Casa dels Colors <\/em>es donen \u00a02 tipus de servei:<\/p>\n<p>&#8211; <em>Espais Familiars<\/em><\/p>\n<p>Hi ha 3 grups, amb 14 places. Cada fam\u00edlia hi va 2 cops\/setmana.<\/p>\n<p>&#8211; Dilluns i Dimecres, de 10-12,30h.<\/p>\n<p>&#8211; Dilluns i Dimecres, de 16-18,30h.<\/p>\n<p>&#8211; Dimarts i Dijous, de 10-12,30h.<\/p>\n<p>&#8211; <em>Nadons en Fam\u00edlia<\/em><\/p>\n<p>Hi ha 1 grup. Hi va 1 cop\/setmana, els Dimarts, de 16-18h.<\/p>\n<p>Les criatures estan en aquest espai fins que es desplacen. Quan succeeix aix\u00f2, i si hi ha\u00a0\u00a0\u00a0\u00a0\u00a0 places a l\u2019Espai Familiar, se\u2019ls hi passa.<\/p>\n<p>Quan una fam\u00edlia s\u2019inscriu, va a un grup fixe. Cosa la qual afavoreix la cohesi\u00f3 del grup.<\/p>\n<p><u>Organitzaci\u00f3 de les sessions<\/u><\/p>\n<p>L\u2019organitzaci\u00f3 de les sessions segueix el seg\u00fcent esquema:<\/p>\n<p>1r) Preparaci\u00f3 pr\u00e8via de l\u2019espai i recordatori de la sessi\u00f3 anterior.<\/p>\n<p>2n) Acollida a cada infant i acompanyament.<\/p>\n<p>Afavoreix converses amb la persona adulta que no es donarien en el grup.<\/p>\n<p>3r) Estona de joc conjunt infants-persones adultes.<\/p>\n<p>4t) Trobada de les persones adultes sota la forma de tert\u00falia.<\/p>\n<p>De les 2 sessions a que assisteix cada fam\u00edlia, nom\u00e9s en una estan presents les professionals. En la segona nom\u00e9s hi ha fam\u00edlies.\u00a0 Els temes de tert\u00falia els proposen les fam\u00edlies. Les fam\u00edlies, entre elles comparteixen moltes experi\u00e8ncies, es donen consells.<\/p>\n<p>5\u00e8) Comiat.<\/p>\n<p>&nbsp;<\/p>\n<p><strong>\u00a0<\/strong><\/p>\n<p>&nbsp;<\/p>\n","protected":false},"excerpt":{"rendered":"<p>En el Seminari 0-6 tenim obertes tres l\u00ednies de treball. Estem en proc\u00e9s d\u2019elaboraci\u00f3 d\u2019un curr\u00edculum continu, compartim coneixements i experteses entre els diferents centres, i teixim\u00a0 xarxes amb altres entitats del districte que treballin amb la inf\u00e0ncia de 0 a 6 anys.<\/p>\n<p>I \u00e9s en relaci\u00f3 amb la 3a l\u00ednia de treball que vam visitar l\u2019Espai Familiar La Casa dels Colors. Un Espai, aquest, que amb la Paquita i la N\u00faria com amfitriones, ha acollit\u00a0 la 4a sessi\u00f3 del Seminari. Durant 1 hora i mitja les amfitriones ens van explicar amb tanta claredat i passi\u00f3 els objectius dels Espais Familiars, que vam acabar desitjant que a cada escola Bressol hi hagu\u00e9s un Espai Familiar.\u00a0 \u00a0<\/p>\n<p>A continuaci\u00f3 pots trobar l&#8217;acta de la sessi\u00f3<\/p>\n","protected":false},"author":1,"featured_media":4404,"comment_status":"open","ping_status":"closed","sticky":false,"template":"","format":"standard","meta":{"_bbp_topic_count":0,"_bbp_reply_count":0,"_bbp_total_topic_count":0,"_bbp_total_reply_count":0,"_bbp_voice_count":0,"_bbp_anonymous_reply_count":0,"_bbp_topic_count_hidden":0,"_bbp_reply_count_hidden":0,"_bbp_forum_subforum_count":0,"site-sidebar-layout":"default","site-content-layout":"","ast-site-content-layout":"","site-content-style":"default","site-sidebar-style":"default","ast-global-header-display":"","ast-banner-title-visibility":"","ast-main-header-display":"","ast-hfb-above-header-display":"","ast-hfb-below-header-display":"","ast-hfb-mobile-header-display":"","site-post-title":"","ast-breadcrumbs-content":"","ast-featured-img":"","footer-sml-layout":"","theme-transparent-header-meta":"","adv-header-id-meta":"","stick-header-meta":"","header-above-stick-meta":"","header-main-stick-meta":"","header-below-stick-meta":"","astra-migrate-meta-layouts":"default","ast-page-background-enabled":"default","ast-page-background-meta":{"desktop":{"background-color":"var(--ast-global-color-4)","background-image":"","background-repeat":"repeat","background-position":"center center","background-size":"auto","background-attachment":"scroll","background-type":"","background-media":"","overlay-type":"","overlay-color":"","overlay-opacity":"","overlay-gradient":""},"tablet":{"background-color":"","background-image":"","background-repeat":"repeat","background-position":"center center","background-size":"auto","background-attachment":"scroll","background-type":"","background-media":"","overlay-type":"","overlay-color":"","overlay-opacity":"","overlay-gradient":""},"mobile":{"background-color":"","background-image":"","background-repeat":"repeat","background-position":"center center","background-size":"auto","background-attachment":"scroll","background-type":"","background-media":"","overlay-type":"","overlay-color":"","overlay-opacity":"","overlay-gradient":""}},"ast-content-background-meta":{"desktop":{"background-color":"var(--ast-global-color-5)","background-image":"","background-repeat":"repeat","background-position":"center center","background-size":"auto","background-attachment":"scroll","background-type":"","background-media":"","overlay-type":"","overlay-color":"","overlay-opacity":"","overlay-gradient":""},"tablet":{"background-color":"var(--ast-global-color-5)","background-image":"","background-repeat":"repeat","background-position":"center center","background-size":"auto","background-attachment":"scroll","background-type":"","background-media":"","overlay-type":"","overlay-color":"","overlay-opacity":"","overlay-gradient":""},"mobile":{"background-color":"var(--ast-global-color-5)","background-image":"","background-repeat":"repeat","background-position":"center center","background-size":"auto","background-attachment":"scroll","background-type":"","background-media":"","overlay-type":"","overlay-color":"","overlay-opacity":"","overlay-gradient":""}},"footnotes":""},"categories":[29],"tags":[],"class_list":["post-4400","post","type-post","status-publish","format-standard","has-post-thumbnail","hentry","category-portada"],"post_mailing_queue_ids":[],"_links":{"self":[{"href":"https:\/\/serveiseducatius.xtec.cat\/sants-montjuic\/wp-json\/wp\/v2\/posts\/4400","targetHints":{"allow":["GET"]}}],"collection":[{"href":"https:\/\/serveiseducatius.xtec.cat\/sants-montjuic\/wp-json\/wp\/v2\/posts"}],"about":[{"href":"https:\/\/serveiseducatius.xtec.cat\/sants-montjuic\/wp-json\/wp\/v2\/types\/post"}],"author":[{"embeddable":true,"href":"https:\/\/serveiseducatius.xtec.cat\/sants-montjuic\/wp-json\/wp\/v2\/users\/1"}],"replies":[{"embeddable":true,"href":"https:\/\/serveiseducatius.xtec.cat\/sants-montjuic\/wp-json\/wp\/v2\/comments?post=4400"}],"version-history":[{"count":3,"href":"https:\/\/serveiseducatius.xtec.cat\/sants-montjuic\/wp-json\/wp\/v2\/posts\/4400\/revisions"}],"predecessor-version":[{"id":4406,"href":"https:\/\/serveiseducatius.xtec.cat\/sants-montjuic\/wp-json\/wp\/v2\/posts\/4400\/revisions\/4406"}],"wp:featuredmedia":[{"embeddable":true,"href":"https:\/\/serveiseducatius.xtec.cat\/sants-montjuic\/wp-json\/wp\/v2\/media\/4404"}],"wp:attachment":[{"href":"https:\/\/serveiseducatius.xtec.cat\/sants-montjuic\/wp-json\/wp\/v2\/media?parent=4400"}],"wp:term":[{"taxonomy":"category","embeddable":true,"href":"https:\/\/serveiseducatius.xtec.cat\/sants-montjuic\/wp-json\/wp\/v2\/categories?post=4400"},{"taxonomy":"post_tag","embeddable":true,"href":"https:\/\/serveiseducatius.xtec.cat\/sants-montjuic\/wp-json\/wp\/v2\/tags?post=4400"}],"curies":[{"name":"wp","href":"https:\/\/api.w.org\/{rel}","templated":true}]}}