{"id":4189,"date":"2018-04-05T09:31:08","date_gmt":"2018-04-05T07:31:08","guid":{"rendered":"http:\/\/serveiseducatius.xtec.cat\/sants-montjuic\/?p=4189"},"modified":"2018-04-05T09:31:08","modified_gmt":"2018-04-05T07:31:08","slug":"el-csic-convoca-la-vuitena-edicio-del-certamen-inspiraciencia","status":"publish","type":"post","link":"https:\/\/serveiseducatius.xtec.cat\/sants-montjuic\/portada\/el-csic-convoca-la-vuitena-edicio-del-certamen-inspiraciencia\/","title":{"rendered":"El CSIC convoca la vuitena edici\u00f3 del certamen Inspiraci\u00e8ncia"},"content":{"rendered":"<p><a href=\"http:\/\/serveiseducatius.xtec.cat\/sants-montjuic\/wp-content\/uploads\/usu496\/2018\/04\/inspiraci\u00e8ncia.jpg\" target=\"_blank\" rel=\"http:\/\/inspiraciencia.es\/es\/concurso\/que-es-inspiraciencia noopener noreferrer\"><img loading=\"lazy\" decoding=\"async\" class=\"alignleft wp-image-4188 size-full\" src=\"http:\/\/serveiseducatius.xtec.cat\/sants-montjuic\/wp-content\/uploads\/usu496\/2018\/04\/inspiraci\u00e8ncia.jpg\" alt=\"\" width=\"291\" height=\"411\" srcset=\"https:\/\/serveiseducatius.xtec.cat\/sants-montjuic\/wp-content\/uploads\/usu496\/2018\/04\/inspiraci\u00e8ncia.jpg 291w, https:\/\/serveiseducatius.xtec.cat\/sants-montjuic\/wp-content\/uploads\/usu496\/2018\/04\/inspiraci\u00e8ncia-212x300.jpg 212w\" sizes=\"auto, (max-width: 291px) 100vw, 291px\" \/><\/a>S&#8217;obre la vuitena edici\u00f3 d\u2019<a href=\"http:\/\/inspiraciencia.es\/es\/concurso\/que-es-inspiraciencia\" target=\"_blank\" rel=\"noopener noreferrer\"><strong>Inspiraci\u00e8ncia<\/strong><\/a>, el <strong>concurs de relats<\/strong> d\u2019inspiraci\u00f3 cient\u00edfica que organitza el Consell Superior d\u2019Investigacions Cient\u00edfiques amb el finan\u00e7ament de la Fundaci\u00f3n Espa\u00f1ola para la Ciencia y la Tecnolog\u00eda. El termini de presentaci\u00f3 de relats s\u2019acaba el 17 de maig.<br \/>\nFer de la ci\u00e8ncia, ficci\u00f3. Inspiraci\u00e8ncia \u00e9s una invitaci\u00f3 a tothom, i especialment als joves, a pensar i imaginar la ci\u00e8ncia des de la creaci\u00f3 liter\u00e0ria. L\u2019objectiu \u00e9s fomentar l\u2019apropament al pensament cient\u00edfic i a diferents facetes de la ci\u00e8ncia, a trav\u00e9s de l\u2019escriptura. \u00c9s una activitat que travessa disciplines i afavoreix la formaci\u00f3 integral de l\u2019alumnat independentment de si cursen el curr\u00edculum de ci\u00e8ncies i tecnologia, human\u00edstic i social o art\u00edstic. I per aix\u00f2 us animem a animar el vostre alumnat a presentar-hi relats originals i frescos.<br \/>\nEls participants poden presentar relats de com a m\u00e0xim 800 paraules, en castell\u00e0, catal\u00e0, gallec o eusquera, en una de les dues categories: jove (de 12 a 17 anys) o adult (a partir de 18 anys).<br \/>\nInscripcions obertes! A m\u00e9s, el concurs s\u2019acompanya d\u2019una <strong>exposici\u00f3 i taller<\/strong>, a c\u00e0rrec del col\u00b7lectiu d\u2019artistes 4-Elements, que exploren les relacions entre llibres, ci\u00e8ncia i art, i que s\u2019organizaran en el marc de Sant Jordi. Afavoreix l\u2019encontre dist\u00e8s amb persones de diverses disciplines que vulguin explorar altres formes de pensar i d\u2019exercitar habilitats diferents a les que estem habituades. \u00c9s una activitat de creaci\u00f3 individual i col\u00b7lectiva. Tindr\u00e0 lloc el 20 i el 27 d\u2019abril, de 16 a 19h, a la Resid\u00e8ncia d\u2019Investigadors de Barcelona. <a href=\"https:\/\/drive.google.com\/file\/d\/0BwmgeB6IgfmIbTM5d3JGNHRkeVdOaHgxWmFCVXFHMlZPWV9n\/view?usp=sharing\" target=\"_blank\" rel=\"noopener noreferrer\"><strong>Veure adjunt<\/strong><\/a><\/p>\n","protected":false},"excerpt":{"rendered":"<p>S&#8217;obre la vuitena edici\u00f3 d\u2019Inspiraci\u00e8ncia, el concurs de relats d\u2019inspiraci\u00f3 cient\u00edfica que organitza el Consell Superior d\u2019Investigacions Cient\u00edfiques amb el finan\u00e7ament de la Fundaci\u00f3n Espa\u00f1ola para la Ciencia y la Tecnolog\u00eda. El termini de presentaci\u00f3 de relats s\u2019acaba el 17 de maig. Fer de la ci\u00e8ncia, ficci\u00f3. Inspiraci\u00e8ncia \u00e9s una invitaci\u00f3 a tothom, i especialment [&hellip;]<\/p>\n","protected":false},"author":1,"featured_media":0,"comment_status":"open","ping_status":"closed","sticky":false,"template":"","format":"standard","meta":{"_bbp_topic_count":0,"_bbp_reply_count":0,"_bbp_total_topic_count":0,"_bbp_total_reply_count":0,"_bbp_voice_count":0,"_bbp_anonymous_reply_count":0,"_bbp_topic_count_hidden":0,"_bbp_reply_count_hidden":0,"_bbp_forum_subforum_count":0,"site-sidebar-layout":"default","site-content-layout":"","ast-site-content-layout":"","site-content-style":"default","site-sidebar-style":"default","ast-global-header-display":"","ast-banner-title-visibility":"","ast-main-header-display":"","ast-hfb-above-header-display":"","ast-hfb-below-header-display":"","ast-hfb-mobile-header-display":"","site-post-title":"","ast-breadcrumbs-content":"","ast-featured-img":"","footer-sml-layout":"","theme-transparent-header-meta":"","adv-header-id-meta":"","stick-header-meta":"","header-above-stick-meta":"","header-main-stick-meta":"","header-below-stick-meta":"","astra-migrate-meta-layouts":"default","ast-page-background-enabled":"default","ast-page-background-meta":{"desktop":{"background-color":"var(--ast-global-color-4)","background-image":"","background-repeat":"repeat","background-position":"center center","background-size":"auto","background-attachment":"scroll","background-type":"","background-media":"","overlay-type":"","overlay-color":"","overlay-opacity":"","overlay-gradient":""},"tablet":{"background-color":"","background-image":"","background-repeat":"repeat","background-position":"center center","background-size":"auto","background-attachment":"scroll","background-type":"","background-media":"","overlay-type":"","overlay-color":"","overlay-opacity":"","overlay-gradient":""},"mobile":{"background-color":"","background-image":"","background-repeat":"repeat","background-position":"center center","background-size":"auto","background-attachment":"scroll","background-type":"","background-media":"","overlay-type":"","overlay-color":"","overlay-opacity":"","overlay-gradient":""}},"ast-content-background-meta":{"desktop":{"background-color":"var(--ast-global-color-5)","background-image":"","background-repeat":"repeat","background-position":"center center","background-size":"auto","background-attachment":"scroll","background-type":"","background-media":"","overlay-type":"","overlay-color":"","overlay-opacity":"","overlay-gradient":""},"tablet":{"background-color":"var(--ast-global-color-5)","background-image":"","background-repeat":"repeat","background-position":"center center","background-size":"auto","background-attachment":"scroll","background-type":"","background-media":"","overlay-type":"","overlay-color":"","overlay-opacity":"","overlay-gradient":""},"mobile":{"background-color":"var(--ast-global-color-5)","background-image":"","background-repeat":"repeat","background-position":"center center","background-size":"auto","background-attachment":"scroll","background-type":"","background-media":"","overlay-type":"","overlay-color":"","overlay-opacity":"","overlay-gradient":""}},"footnotes":""},"categories":[29],"tags":[],"class_list":["post-4189","post","type-post","status-publish","format-standard","hentry","category-portada"],"post_mailing_queue_ids":[],"_links":{"self":[{"href":"https:\/\/serveiseducatius.xtec.cat\/sants-montjuic\/wp-json\/wp\/v2\/posts\/4189","targetHints":{"allow":["GET"]}}],"collection":[{"href":"https:\/\/serveiseducatius.xtec.cat\/sants-montjuic\/wp-json\/wp\/v2\/posts"}],"about":[{"href":"https:\/\/serveiseducatius.xtec.cat\/sants-montjuic\/wp-json\/wp\/v2\/types\/post"}],"author":[{"embeddable":true,"href":"https:\/\/serveiseducatius.xtec.cat\/sants-montjuic\/wp-json\/wp\/v2\/users\/1"}],"replies":[{"embeddable":true,"href":"https:\/\/serveiseducatius.xtec.cat\/sants-montjuic\/wp-json\/wp\/v2\/comments?post=4189"}],"version-history":[{"count":1,"href":"https:\/\/serveiseducatius.xtec.cat\/sants-montjuic\/wp-json\/wp\/v2\/posts\/4189\/revisions"}],"predecessor-version":[{"id":4190,"href":"https:\/\/serveiseducatius.xtec.cat\/sants-montjuic\/wp-json\/wp\/v2\/posts\/4189\/revisions\/4190"}],"wp:attachment":[{"href":"https:\/\/serveiseducatius.xtec.cat\/sants-montjuic\/wp-json\/wp\/v2\/media?parent=4189"}],"wp:term":[{"taxonomy":"category","embeddable":true,"href":"https:\/\/serveiseducatius.xtec.cat\/sants-montjuic\/wp-json\/wp\/v2\/categories?post=4189"},{"taxonomy":"post_tag","embeddable":true,"href":"https:\/\/serveiseducatius.xtec.cat\/sants-montjuic\/wp-json\/wp\/v2\/tags?post=4189"}],"curies":[{"name":"wp","href":"https:\/\/api.w.org\/{rel}","templated":true}]}}