{"id":4172,"date":"2018-03-21T10:48:35","date_gmt":"2018-03-21T09:48:35","guid":{"rendered":"http:\/\/serveiseducatius.xtec.cat\/sants-montjuic\/?p=4172"},"modified":"2018-03-21T10:48:35","modified_gmt":"2018-03-21T09:48:35","slug":"setmana-de-la-natura-2018","status":"publish","type":"post","link":"https:\/\/serveiseducatius.xtec.cat\/sants-montjuic\/portada\/setmana-de-la-natura-2018\/","title":{"rendered":"Setmana de la Natura &#8211; 2018"},"content":{"rendered":"<p><a href=\"http:\/\/serveiseducatius.xtec.cat\/sants-montjuic\/wp-content\/uploads\/usu496\/2018\/03\/Setmana_Natura_2018.png\"><img loading=\"lazy\" decoding=\"async\" class=\"size-full wp-image-4171 alignright\" src=\"http:\/\/serveiseducatius.xtec.cat\/sants-montjuic\/wp-content\/uploads\/usu496\/2018\/03\/Setmana_Natura_2018.png\" alt=\"\" width=\"369\" height=\"171\" srcset=\"https:\/\/serveiseducatius.xtec.cat\/sants-montjuic\/wp-content\/uploads\/usu496\/2018\/03\/Setmana_Natura_2018.png 369w, https:\/\/serveiseducatius.xtec.cat\/sants-montjuic\/wp-content\/uploads\/usu496\/2018\/03\/Setmana_Natura_2018-300x139.png 300w\" sizes=\"auto, (max-width: 369px) 100vw, 369px\" \/><\/a><\/p>\n<p>La <strong>Setmana de la Natura<\/strong> \u00e9s una campanya dirigida a promoure activitats a tot Catalunya per conscienciar sobre la import\u00e0ncia de tenir cura de la nostra natura i el nostre territori.<br \/>\nTindr\u00e0 lloc entre el <strong>26 de maig i el 5 de juny de 2018<\/strong> i promour\u00e0 l\u2019organitzaci\u00f3 d\u2019activitats arreu de Catalunya per viure la Terra i conscienciar la societat de la necessitat de conservar la natura i el territori.<br \/>\nL&#8217;objectiu de la campanya \u00e9s conscienciar sobre la necessitat de conservar la natura i el medi ambient i alhora donar visibilitat a totes les entitats ambientals, organitzacions, ajuntaments, escoles, parcs naturals, empreses, etc. que treballeu durant tot l&#8217;any per la preservaci\u00f3 de la natura!<\/p>\n<p><strong><a href=\"http:\/\/setmananatura.cat\/2018\/que-es\/\" target=\"_blank\" rel=\"noopener noreferrer\">M\u00e9s informaci\u00f3<\/a><\/strong><\/p>\n","protected":false},"excerpt":{"rendered":"<p>La Setmana de la Natura \u00e9s una campanya dirigida a promoure activitats a tot Catalunya per conscienciar sobre la import\u00e0ncia de tenir cura de la nostra natura i el nostre territori. Tindr\u00e0 lloc entre el 26 de maig i el 5 de juny de 2018 i promour\u00e0 l\u2019organitzaci\u00f3 d\u2019activitats arreu de Catalunya per viure la [&hellip;]<\/p>\n","protected":false},"author":1,"featured_media":4171,"comment_status":"open","ping_status":"closed","sticky":false,"template":"","format":"standard","meta":{"_bbp_topic_count":0,"_bbp_reply_count":0,"_bbp_total_topic_count":0,"_bbp_total_reply_count":0,"_bbp_voice_count":0,"_bbp_anonymous_reply_count":0,"_bbp_topic_count_hidden":0,"_bbp_reply_count_hidden":0,"_bbp_forum_subforum_count":0,"site-sidebar-layout":"default","site-content-layout":"","ast-site-content-layout":"","site-content-style":"default","site-sidebar-style":"default","ast-global-header-display":"","ast-banner-title-visibility":"","ast-main-header-display":"","ast-hfb-above-header-display":"","ast-hfb-below-header-display":"","ast-hfb-mobile-header-display":"","site-post-title":"","ast-breadcrumbs-content":"","ast-featured-img":"","footer-sml-layout":"","theme-transparent-header-meta":"","adv-header-id-meta":"","stick-header-meta":"","header-above-stick-meta":"","header-main-stick-meta":"","header-below-stick-meta":"","astra-migrate-meta-layouts":"default","ast-page-background-enabled":"default","ast-page-background-meta":{"desktop":{"background-color":"var(--ast-global-color-4)","background-image":"","background-repeat":"repeat","background-position":"center center","background-size":"auto","background-attachment":"scroll","background-type":"","background-media":"","overlay-type":"","overlay-color":"","overlay-opacity":"","overlay-gradient":""},"tablet":{"background-color":"","background-image":"","background-repeat":"repeat","background-position":"center center","background-size":"auto","background-attachment":"scroll","background-type":"","background-media":"","overlay-type":"","overlay-color":"","overlay-opacity":"","overlay-gradient":""},"mobile":{"background-color":"","background-image":"","background-repeat":"repeat","background-position":"center center","background-size":"auto","background-attachment":"scroll","background-type":"","background-media":"","overlay-type":"","overlay-color":"","overlay-opacity":"","overlay-gradient":""}},"ast-content-background-meta":{"desktop":{"background-color":"var(--ast-global-color-5)","background-image":"","background-repeat":"repeat","background-position":"center center","background-size":"auto","background-attachment":"scroll","background-type":"","background-media":"","overlay-type":"","overlay-color":"","overlay-opacity":"","overlay-gradient":""},"tablet":{"background-color":"var(--ast-global-color-5)","background-image":"","background-repeat":"repeat","background-position":"center center","background-size":"auto","background-attachment":"scroll","background-type":"","background-media":"","overlay-type":"","overlay-color":"","overlay-opacity":"","overlay-gradient":""},"mobile":{"background-color":"var(--ast-global-color-5)","background-image":"","background-repeat":"repeat","background-position":"center center","background-size":"auto","background-attachment":"scroll","background-type":"","background-media":"","overlay-type":"","overlay-color":"","overlay-opacity":"","overlay-gradient":""}},"footnotes":""},"categories":[29],"tags":[],"class_list":["post-4172","post","type-post","status-publish","format-standard","has-post-thumbnail","hentry","category-portada"],"post_mailing_queue_ids":[],"_links":{"self":[{"href":"https:\/\/serveiseducatius.xtec.cat\/sants-montjuic\/wp-json\/wp\/v2\/posts\/4172","targetHints":{"allow":["GET"]}}],"collection":[{"href":"https:\/\/serveiseducatius.xtec.cat\/sants-montjuic\/wp-json\/wp\/v2\/posts"}],"about":[{"href":"https:\/\/serveiseducatius.xtec.cat\/sants-montjuic\/wp-json\/wp\/v2\/types\/post"}],"author":[{"embeddable":true,"href":"https:\/\/serveiseducatius.xtec.cat\/sants-montjuic\/wp-json\/wp\/v2\/users\/1"}],"replies":[{"embeddable":true,"href":"https:\/\/serveiseducatius.xtec.cat\/sants-montjuic\/wp-json\/wp\/v2\/comments?post=4172"}],"version-history":[{"count":1,"href":"https:\/\/serveiseducatius.xtec.cat\/sants-montjuic\/wp-json\/wp\/v2\/posts\/4172\/revisions"}],"predecessor-version":[{"id":4173,"href":"https:\/\/serveiseducatius.xtec.cat\/sants-montjuic\/wp-json\/wp\/v2\/posts\/4172\/revisions\/4173"}],"wp:featuredmedia":[{"embeddable":true,"href":"https:\/\/serveiseducatius.xtec.cat\/sants-montjuic\/wp-json\/wp\/v2\/media\/4171"}],"wp:attachment":[{"href":"https:\/\/serveiseducatius.xtec.cat\/sants-montjuic\/wp-json\/wp\/v2\/media?parent=4172"}],"wp:term":[{"taxonomy":"category","embeddable":true,"href":"https:\/\/serveiseducatius.xtec.cat\/sants-montjuic\/wp-json\/wp\/v2\/categories?post=4172"},{"taxonomy":"post_tag","embeddable":true,"href":"https:\/\/serveiseducatius.xtec.cat\/sants-montjuic\/wp-json\/wp\/v2\/tags?post=4172"}],"curies":[{"name":"wp","href":"https:\/\/api.w.org\/{rel}","templated":true}]}}