{"id":3741,"date":"2017-03-20T14:00:50","date_gmt":"2017-03-20T13:00:50","guid":{"rendered":"http:\/\/serveiseducatius.xtec.cat\/sants-montjuic\/?p=3741"},"modified":"2017-03-20T18:54:13","modified_gmt":"2017-03-20T17:54:13","slug":"un-alumne-de-linstitut-montjuic-guanya-la-iv-olimpiada-de-filosofia-de-catalunya","status":"publish","type":"post","link":"https:\/\/serveiseducatius.xtec.cat\/sants-montjuic\/general\/un-alumne-de-linstitut-montjuic-guanya-la-iv-olimpiada-de-filosofia-de-catalunya\/","title":{"rendered":"Un alumne de l&#8217;institut Montju\u00efc guanya la IV Olimp\u00edada de Filosofia de Catalunya"},"content":{"rendered":"<p>A comen\u00e7ament de mar\u00e7 va tenir lloc a la facultat de Filosofia de Barcelona i al CCCB la <a href=\"http:\/\/blocs.xtec.cat\/filomontjuic\/2017\/03\/08\/un-alumne-del-nostre-institut-guanya-la-iv-olimpiada-de-filosofia-de-catalunya\/\" target=\"_blank\"><strong>IV Olimp\u00edada de Filosofia de Catalunya<\/strong><\/a>.<br \/>\nAquest any s\u2019estrenava a l\u2019Olimp\u00edada una nova modalitat adre\u00e7ada a l\u2019alumnat de 4t d\u2019ESO consistent en resoldre un dilema moral.<br \/>\nL\u2019alumne <strong>Pablo Rubio<\/strong> de l\u2019<a href=\"https:\/\/institutmontjuic.cat\/index.php?command=show_news&amp;news_id=368\" target=\"_blank\"><strong>institut Montju\u00efc<\/strong><\/a> ha estat el guanyador d\u2019aquesta modalitat.<br \/>\nL\u2019exercici consistia en identificar les opcions possibles del dilema que es plantejava als pares, argumentar en favor de cada opci\u00f3, analitzar els valors impl\u00edcits en cadascuna, aix\u00ed com les seves conseq\u00fc\u00e8ncies i defensar una soluci\u00f3.<br \/>\nEl premi consisteix en participar, amb totes les despeses pagades, en la final de l\u2019Olimp\u00edada de Filosofia d\u2019Espanya, que se celebrar\u00e0 els dies 5 i 6 de maig a M\u00farcia.<\/p>\n<p><iframe loading=\"lazy\" src=\"https:\/\/www.youtube.com\/embed\/zA8ZUZI40OQ?rel=0\" width=\"560\" height=\"315\" frameborder=\"0\" allowfullscreen=\"allowfullscreen\"><\/iframe><\/p>\n","protected":false},"excerpt":{"rendered":"<p>A comen\u00e7ament de mar\u00e7 va tenir lloc a la facultat de Filosofia de Barcelona i al CCCB la IV Olimp\u00edada de Filosofia de Catalunya. Aquest any s\u2019estrenava a l\u2019Olimp\u00edada una nova modalitat adre\u00e7ada a l\u2019alumnat de 4t d\u2019ESO consistent en resoldre un dilema moral. L\u2019alumne Pablo Rubio de l\u2019institut Montju\u00efc ha estat el guanyador d\u2019aquesta [&hellip;]<\/p>\n","protected":false},"author":1,"featured_media":3742,"comment_status":"open","ping_status":"open","sticky":false,"template":"","format":"standard","meta":{"_bbp_topic_count":0,"_bbp_reply_count":0,"_bbp_total_topic_count":0,"_bbp_total_reply_count":0,"_bbp_voice_count":0,"_bbp_anonymous_reply_count":0,"_bbp_topic_count_hidden":0,"_bbp_reply_count_hidden":0,"_bbp_forum_subforum_count":0,"site-sidebar-layout":"default","site-content-layout":"","ast-site-content-layout":"","site-content-style":"default","site-sidebar-style":"default","ast-global-header-display":"","ast-banner-title-visibility":"","ast-main-header-display":"","ast-hfb-above-header-display":"","ast-hfb-below-header-display":"","ast-hfb-mobile-header-display":"","site-post-title":"","ast-breadcrumbs-content":"","ast-featured-img":"","footer-sml-layout":"","theme-transparent-header-meta":"","adv-header-id-meta":"","stick-header-meta":"","header-above-stick-meta":"","header-main-stick-meta":"","header-below-stick-meta":"","astra-migrate-meta-layouts":"default","ast-page-background-enabled":"default","ast-page-background-meta":{"desktop":{"background-color":"var(--ast-global-color-4)","background-image":"","background-repeat":"repeat","background-position":"center center","background-size":"auto","background-attachment":"scroll","background-type":"","background-media":"","overlay-type":"","overlay-color":"","overlay-opacity":"","overlay-gradient":""},"tablet":{"background-color":"","background-image":"","background-repeat":"repeat","background-position":"center center","background-size":"auto","background-attachment":"scroll","background-type":"","background-media":"","overlay-type":"","overlay-color":"","overlay-opacity":"","overlay-gradient":""},"mobile":{"background-color":"","background-image":"","background-repeat":"repeat","background-position":"center center","background-size":"auto","background-attachment":"scroll","background-type":"","background-media":"","overlay-type":"","overlay-color":"","overlay-opacity":"","overlay-gradient":""}},"ast-content-background-meta":{"desktop":{"background-color":"var(--ast-global-color-5)","background-image":"","background-repeat":"repeat","background-position":"center center","background-size":"auto","background-attachment":"scroll","background-type":"","background-media":"","overlay-type":"","overlay-color":"","overlay-opacity":"","overlay-gradient":""},"tablet":{"background-color":"var(--ast-global-color-5)","background-image":"","background-repeat":"repeat","background-position":"center center","background-size":"auto","background-attachment":"scroll","background-type":"","background-media":"","overlay-type":"","overlay-color":"","overlay-opacity":"","overlay-gradient":""},"mobile":{"background-color":"var(--ast-global-color-5)","background-image":"","background-repeat":"repeat","background-position":"center center","background-size":"auto","background-attachment":"scroll","background-type":"","background-media":"","overlay-type":"","overlay-color":"","overlay-opacity":"","overlay-gradient":""}},"footnotes":""},"categories":[1,29],"tags":[],"class_list":["post-3741","post","type-post","status-publish","format-standard","has-post-thumbnail","hentry","category-general","category-portada"],"post_mailing_queue_ids":[],"_links":{"self":[{"href":"https:\/\/serveiseducatius.xtec.cat\/sants-montjuic\/wp-json\/wp\/v2\/posts\/3741","targetHints":{"allow":["GET"]}}],"collection":[{"href":"https:\/\/serveiseducatius.xtec.cat\/sants-montjuic\/wp-json\/wp\/v2\/posts"}],"about":[{"href":"https:\/\/serveiseducatius.xtec.cat\/sants-montjuic\/wp-json\/wp\/v2\/types\/post"}],"author":[{"embeddable":true,"href":"https:\/\/serveiseducatius.xtec.cat\/sants-montjuic\/wp-json\/wp\/v2\/users\/1"}],"replies":[{"embeddable":true,"href":"https:\/\/serveiseducatius.xtec.cat\/sants-montjuic\/wp-json\/wp\/v2\/comments?post=3741"}],"version-history":[{"count":1,"href":"https:\/\/serveiseducatius.xtec.cat\/sants-montjuic\/wp-json\/wp\/v2\/posts\/3741\/revisions"}],"predecessor-version":[{"id":3743,"href":"https:\/\/serveiseducatius.xtec.cat\/sants-montjuic\/wp-json\/wp\/v2\/posts\/3741\/revisions\/3743"}],"wp:featuredmedia":[{"embeddable":true,"href":"https:\/\/serveiseducatius.xtec.cat\/sants-montjuic\/wp-json\/wp\/v2\/media\/3742"}],"wp:attachment":[{"href":"https:\/\/serveiseducatius.xtec.cat\/sants-montjuic\/wp-json\/wp\/v2\/media?parent=3741"}],"wp:term":[{"taxonomy":"category","embeddable":true,"href":"https:\/\/serveiseducatius.xtec.cat\/sants-montjuic\/wp-json\/wp\/v2\/categories?post=3741"},{"taxonomy":"post_tag","embeddable":true,"href":"https:\/\/serveiseducatius.xtec.cat\/sants-montjuic\/wp-json\/wp\/v2\/tags?post=3741"}],"curies":[{"name":"wp","href":"https:\/\/api.w.org\/{rel}","templated":true}]}}