{"id":3619,"date":"2016-11-07T08:47:05","date_gmt":"2016-11-07T07:47:05","guid":{"rendered":"http:\/\/serveiseducatius.xtec.cat\/sants-montjuic\/?p=3619"},"modified":"2016-11-07T08:51:51","modified_gmt":"2016-11-07T07:51:51","slug":"iv-tardor-tic-bcn","status":"publish","type":"post","link":"https:\/\/serveiseducatius.xtec.cat\/sants-montjuic\/portada\/iv-tardor-tic-bcn\/","title":{"rendered":"IV Tardor TIC &#8211; BCN"},"content":{"rendered":"<p style=\"text-align: center;\"><a href=\"http:\/\/serveiseducatius.xtec.cat\/sants-montjuic\/wp-content\/uploads\/usu496\/2016\/11\/banner_tardor_tic_2016.jpg\"><img loading=\"lazy\" decoding=\"async\" class=\"alignnone wp-image-3620\" src=\"http:\/\/serveiseducatius.xtec.cat\/sants-montjuic\/wp-content\/uploads\/usu496\/2016\/11\/banner_tardor_tic_2016.jpg\" alt=\"banner_tardor_tic_2016\" width=\"322\" height=\"107\" srcset=\"https:\/\/serveiseducatius.xtec.cat\/sants-montjuic\/wp-content\/uploads\/usu496\/2016\/11\/banner_tardor_tic_2016.jpg 556w, https:\/\/serveiseducatius.xtec.cat\/sants-montjuic\/wp-content\/uploads\/usu496\/2016\/11\/banner_tardor_tic_2016-300x100.jpg 300w\" sizes=\"auto, (max-width: 322px) 100vw, 322px\" \/><\/a><\/p>\n<p dir=\"ltr\">Els dies 23 i 24 de novembre podeu assistir a les seg\u00fcents activitats:<\/p>\n<ul>\n<li>Presentaci\u00f3 de les experi\u00e8ncies guardonades en el VI Concurs de Bones Pr\u00e0ctiques (dia 23\/11 a la tarda).<\/li>\n<li>Confer\u00e8ncia i Taula rodona adre\u00e7ada a Equips Directius de centre (dia 24\/11 al mat\u00ed)<\/li>\n<li>Tallers monogr\u00e0fic d\u2019eines digitals (dia 24\/11 a la tarda).<\/li>\n<\/ul>\n<p dir=\"ltr\">Les tres activitats s\u00f3n independents l\u2019una de l\u2019altra i cal fer-ne la inscripci\u00f3 per separat i tamb\u00e9 es fan en ubicacions diferents.<\/p>\n<p dir=\"ltr\">Teniu a la vostra disposici\u00f3 tota la informaci\u00f3 detallada, l&#8217;acc\u00e9s a la inscripci\u00f3, horaris i llocs de realitzaci\u00f3 a l&#8217;adre\u00e7a web TAC del Consorci d&#8217;Educaci\u00f3 de Barcelona en aquest <strong><a href=\"http:\/\/www.edubcn.cat\/tecnologiaeducativa\/dinamitzacio_formacio\/tardor_tic_bcn\" target=\"_blank\" data-saferedirecturl=\"https:\/\/www.google.com\/url?hl=ca&amp;q=http:\/\/www.edubcn.cat\/tecnologiaeducativa\/dinamitzacio_formacio\/tardor_tic_bcn&amp;source=gmail&amp;ust=1478589660477000&amp;usg=AFQjCNGwYM_k1mTCSIfjVLBQK7GaKtEI0g\">enlla\u00e7<\/a><\/strong>.<\/p>\n","protected":false},"excerpt":{"rendered":"<p>Els dies 23 i 24 de novembre podeu assistir a les seg\u00fcents activitats: Presentaci\u00f3 de les experi\u00e8ncies guardonades en el VI Concurs de Bones Pr\u00e0ctiques (dia 23\/11 a la tarda). Confer\u00e8ncia i Taula rodona adre\u00e7ada a Equips Directius de centre (dia 24\/11 al mat\u00ed) Tallers monogr\u00e0fic d\u2019eines digitals (dia 24\/11 a la tarda). Les tres [&hellip;]<\/p>\n","protected":false},"author":1,"featured_media":3620,"comment_status":"open","ping_status":"open","sticky":false,"template":"","format":"standard","meta":{"_bbp_topic_count":0,"_bbp_reply_count":0,"_bbp_total_topic_count":0,"_bbp_total_reply_count":0,"_bbp_voice_count":0,"_bbp_anonymous_reply_count":0,"_bbp_topic_count_hidden":0,"_bbp_reply_count_hidden":0,"_bbp_forum_subforum_count":0,"site-sidebar-layout":"default","site-content-layout":"","ast-site-content-layout":"","site-content-style":"default","site-sidebar-style":"default","ast-global-header-display":"","ast-banner-title-visibility":"","ast-main-header-display":"","ast-hfb-above-header-display":"","ast-hfb-below-header-display":"","ast-hfb-mobile-header-display":"","site-post-title":"","ast-breadcrumbs-content":"","ast-featured-img":"","footer-sml-layout":"","theme-transparent-header-meta":"","adv-header-id-meta":"","stick-header-meta":"","header-above-stick-meta":"","header-main-stick-meta":"","header-below-stick-meta":"","astra-migrate-meta-layouts":"default","ast-page-background-enabled":"default","ast-page-background-meta":{"desktop":{"background-color":"var(--ast-global-color-4)","background-image":"","background-repeat":"repeat","background-position":"center center","background-size":"auto","background-attachment":"scroll","background-type":"","background-media":"","overlay-type":"","overlay-color":"","overlay-opacity":"","overlay-gradient":""},"tablet":{"background-color":"","background-image":"","background-repeat":"repeat","background-position":"center center","background-size":"auto","background-attachment":"scroll","background-type":"","background-media":"","overlay-type":"","overlay-color":"","overlay-opacity":"","overlay-gradient":""},"mobile":{"background-color":"","background-image":"","background-repeat":"repeat","background-position":"center center","background-size":"auto","background-attachment":"scroll","background-type":"","background-media":"","overlay-type":"","overlay-color":"","overlay-opacity":"","overlay-gradient":""}},"ast-content-background-meta":{"desktop":{"background-color":"var(--ast-global-color-5)","background-image":"","background-repeat":"repeat","background-position":"center center","background-size":"auto","background-attachment":"scroll","background-type":"","background-media":"","overlay-type":"","overlay-color":"","overlay-opacity":"","overlay-gradient":""},"tablet":{"background-color":"var(--ast-global-color-5)","background-image":"","background-repeat":"repeat","background-position":"center center","background-size":"auto","background-attachment":"scroll","background-type":"","background-media":"","overlay-type":"","overlay-color":"","overlay-opacity":"","overlay-gradient":""},"mobile":{"background-color":"var(--ast-global-color-5)","background-image":"","background-repeat":"repeat","background-position":"center center","background-size":"auto","background-attachment":"scroll","background-type":"","background-media":"","overlay-type":"","overlay-color":"","overlay-opacity":"","overlay-gradient":""}},"footnotes":""},"categories":[29],"tags":[],"class_list":["post-3619","post","type-post","status-publish","format-standard","has-post-thumbnail","hentry","category-portada"],"post_mailing_queue_ids":[],"_links":{"self":[{"href":"https:\/\/serveiseducatius.xtec.cat\/sants-montjuic\/wp-json\/wp\/v2\/posts\/3619","targetHints":{"allow":["GET"]}}],"collection":[{"href":"https:\/\/serveiseducatius.xtec.cat\/sants-montjuic\/wp-json\/wp\/v2\/posts"}],"about":[{"href":"https:\/\/serveiseducatius.xtec.cat\/sants-montjuic\/wp-json\/wp\/v2\/types\/post"}],"author":[{"embeddable":true,"href":"https:\/\/serveiseducatius.xtec.cat\/sants-montjuic\/wp-json\/wp\/v2\/users\/1"}],"replies":[{"embeddable":true,"href":"https:\/\/serveiseducatius.xtec.cat\/sants-montjuic\/wp-json\/wp\/v2\/comments?post=3619"}],"version-history":[{"count":3,"href":"https:\/\/serveiseducatius.xtec.cat\/sants-montjuic\/wp-json\/wp\/v2\/posts\/3619\/revisions"}],"predecessor-version":[{"id":3623,"href":"https:\/\/serveiseducatius.xtec.cat\/sants-montjuic\/wp-json\/wp\/v2\/posts\/3619\/revisions\/3623"}],"wp:featuredmedia":[{"embeddable":true,"href":"https:\/\/serveiseducatius.xtec.cat\/sants-montjuic\/wp-json\/wp\/v2\/media\/3620"}],"wp:attachment":[{"href":"https:\/\/serveiseducatius.xtec.cat\/sants-montjuic\/wp-json\/wp\/v2\/media?parent=3619"}],"wp:term":[{"taxonomy":"category","embeddable":true,"href":"https:\/\/serveiseducatius.xtec.cat\/sants-montjuic\/wp-json\/wp\/v2\/categories?post=3619"},{"taxonomy":"post_tag","embeddable":true,"href":"https:\/\/serveiseducatius.xtec.cat\/sants-montjuic\/wp-json\/wp\/v2\/tags?post=3619"}],"curies":[{"name":"wp","href":"https:\/\/api.w.org\/{rel}","templated":true}]}}