{"id":3591,"date":"2016-11-03T12:48:26","date_gmt":"2016-11-03T11:48:26","guid":{"rendered":"http:\/\/serveiseducatius.xtec.cat\/sants-montjuic\/?p=3591"},"modified":"2016-11-03T12:48:26","modified_gmt":"2016-11-03T11:48:26","slug":"institut-consell-de-cent-premi-projecte-tic-amb-dispositius-mobils","status":"publish","type":"post","link":"https:\/\/serveiseducatius.xtec.cat\/sants-montjuic\/portada\/institut-consell-de-cent-premi-projecte-tic-amb-dispositius-mobils\/","title":{"rendered":"Institut Consell de Cent &#8211; Premi projecte TIC amb dispositius m\u00f2bils"},"content":{"rendered":"<p>En la quarta edici\u00f3 dels premis SIMO Educaci\u00f3n que organitza el <em>Sal\u00f3n de Tecnolog\u00eda para la Ense\u00f1anza<\/em> en col\u00b7laboraci\u00f3 amb <em>Educaci\u00f3n 3.0 <\/em>(Madrid 2016), ha estat premiat el projecte <strong><a href=\"https:\/\/artgraffitidigital.wordpress.com\/\" target=\"_blank\">GRAFFITI DIGITAL<\/a>,<\/strong> \u00a0presentat pel \u00a0professor del departament de Visual i Pl\u00e0stica <strong>Francesc Casabella, <\/strong>de<strong> l&#8217;<a href=\"http:\/\/agora.xtec.cat\/iesconselldecent\/general\/millor-experiencia-tic-2016-amb-dispositius-mobils\/\" target=\"_blank\">institut Consell de Cent<\/a>. <\/strong>El projecte s\u2019inscriu en la modalitat &#8220;Mejores experiencias TIC\u201d, en la categoria \u201cMejor Proyecto TIC con Dispositivos M\u00f3viles<strong>&#8220;. <a href=\"https:\/\/drive.google.com\/file\/d\/0B8Ct9ULbz_gEQ2JOM2Nxc2V5blE\/view\" target=\"_blank\">Enlla\u00e7 al projecte<\/a><br \/>\n<\/strong><\/p>\n<p>Els premis SIMO Educaci\u00f3n reconeixen el treball de les i dels professionals, de les companyies i de les institucions que afavoreixen el desenvolupament i la implementaci\u00f3 de solucions innovadores TIC en el sector educatiu.<\/p>\n<p>Des de la molta il\u00b7lusi\u00f3 que la not\u00edcia ens ha provocat, felicitem amb molta intensitat el <strong>Francesc Casabella i l\u2019Institut Consell de Cent, <\/strong>desitjant que segueixin apostant per la innovaci\u00f3 i la creaci\u00f3 en tots els \u00e0mbits educatius en els que estan implicats.<\/p>\n<p><a href=\"https:\/\/www.youtube.com\/watch?v=NEOUWuSy1d8\">https:\/\/www.youtube.com\/watch?v=NEOUWuSy1d8<\/a><\/p>\n","protected":false},"excerpt":{"rendered":"<p>En la quarta edici\u00f3 dels premis SIMO Educaci\u00f3n que organitza el Sal\u00f3n de Tecnolog\u00eda para la Ense\u00f1anza en col\u00b7laboraci\u00f3 amb Educaci\u00f3n 3.0 (Madrid 2016), ha estat premiat el projecte GRAFFITI DIGITAL, \u00a0presentat pel \u00a0professor del departament de Visual i Pl\u00e0stica Francesc Casabella, de l&#8217;institut Consell de Cent. El projecte s\u2019inscriu en la modalitat &#8220;Mejores experiencias [&hellip;]<\/p>\n","protected":false},"author":1,"featured_media":3592,"comment_status":"open","ping_status":"open","sticky":false,"template":"","format":"standard","meta":{"_bbp_topic_count":0,"_bbp_reply_count":0,"_bbp_total_topic_count":0,"_bbp_total_reply_count":0,"_bbp_voice_count":0,"_bbp_anonymous_reply_count":0,"_bbp_topic_count_hidden":0,"_bbp_reply_count_hidden":0,"_bbp_forum_subforum_count":0,"site-sidebar-layout":"default","site-content-layout":"","ast-site-content-layout":"","site-content-style":"default","site-sidebar-style":"default","ast-global-header-display":"","ast-banner-title-visibility":"","ast-main-header-display":"","ast-hfb-above-header-display":"","ast-hfb-below-header-display":"","ast-hfb-mobile-header-display":"","site-post-title":"","ast-breadcrumbs-content":"","ast-featured-img":"","footer-sml-layout":"","theme-transparent-header-meta":"","adv-header-id-meta":"","stick-header-meta":"","header-above-stick-meta":"","header-main-stick-meta":"","header-below-stick-meta":"","astra-migrate-meta-layouts":"default","ast-page-background-enabled":"default","ast-page-background-meta":{"desktop":{"background-color":"var(--ast-global-color-4)","background-image":"","background-repeat":"repeat","background-position":"center center","background-size":"auto","background-attachment":"scroll","background-type":"","background-media":"","overlay-type":"","overlay-color":"","overlay-opacity":"","overlay-gradient":""},"tablet":{"background-color":"","background-image":"","background-repeat":"repeat","background-position":"center center","background-size":"auto","background-attachment":"scroll","background-type":"","background-media":"","overlay-type":"","overlay-color":"","overlay-opacity":"","overlay-gradient":""},"mobile":{"background-color":"","background-image":"","background-repeat":"repeat","background-position":"center center","background-size":"auto","background-attachment":"scroll","background-type":"","background-media":"","overlay-type":"","overlay-color":"","overlay-opacity":"","overlay-gradient":""}},"ast-content-background-meta":{"desktop":{"background-color":"var(--ast-global-color-5)","background-image":"","background-repeat":"repeat","background-position":"center center","background-size":"auto","background-attachment":"scroll","background-type":"","background-media":"","overlay-type":"","overlay-color":"","overlay-opacity":"","overlay-gradient":""},"tablet":{"background-color":"var(--ast-global-color-5)","background-image":"","background-repeat":"repeat","background-position":"center center","background-size":"auto","background-attachment":"scroll","background-type":"","background-media":"","overlay-type":"","overlay-color":"","overlay-opacity":"","overlay-gradient":""},"mobile":{"background-color":"var(--ast-global-color-5)","background-image":"","background-repeat":"repeat","background-position":"center center","background-size":"auto","background-attachment":"scroll","background-type":"","background-media":"","overlay-type":"","overlay-color":"","overlay-opacity":"","overlay-gradient":""}},"footnotes":""},"categories":[29],"tags":[],"class_list":["post-3591","post","type-post","status-publish","format-standard","has-post-thumbnail","hentry","category-portada"],"post_mailing_queue_ids":[],"_links":{"self":[{"href":"https:\/\/serveiseducatius.xtec.cat\/sants-montjuic\/wp-json\/wp\/v2\/posts\/3591","targetHints":{"allow":["GET"]}}],"collection":[{"href":"https:\/\/serveiseducatius.xtec.cat\/sants-montjuic\/wp-json\/wp\/v2\/posts"}],"about":[{"href":"https:\/\/serveiseducatius.xtec.cat\/sants-montjuic\/wp-json\/wp\/v2\/types\/post"}],"author":[{"embeddable":true,"href":"https:\/\/serveiseducatius.xtec.cat\/sants-montjuic\/wp-json\/wp\/v2\/users\/1"}],"replies":[{"embeddable":true,"href":"https:\/\/serveiseducatius.xtec.cat\/sants-montjuic\/wp-json\/wp\/v2\/comments?post=3591"}],"version-history":[{"count":1,"href":"https:\/\/serveiseducatius.xtec.cat\/sants-montjuic\/wp-json\/wp\/v2\/posts\/3591\/revisions"}],"predecessor-version":[{"id":3593,"href":"https:\/\/serveiseducatius.xtec.cat\/sants-montjuic\/wp-json\/wp\/v2\/posts\/3591\/revisions\/3593"}],"wp:featuredmedia":[{"embeddable":true,"href":"https:\/\/serveiseducatius.xtec.cat\/sants-montjuic\/wp-json\/wp\/v2\/media\/3592"}],"wp:attachment":[{"href":"https:\/\/serveiseducatius.xtec.cat\/sants-montjuic\/wp-json\/wp\/v2\/media?parent=3591"}],"wp:term":[{"taxonomy":"category","embeddable":true,"href":"https:\/\/serveiseducatius.xtec.cat\/sants-montjuic\/wp-json\/wp\/v2\/categories?post=3591"},{"taxonomy":"post_tag","embeddable":true,"href":"https:\/\/serveiseducatius.xtec.cat\/sants-montjuic\/wp-json\/wp\/v2\/tags?post=3591"}],"curies":[{"name":"wp","href":"https:\/\/api.w.org\/{rel}","templated":true}]}}