{"id":2881,"date":"2016-01-25T20:10:22","date_gmt":"2016-01-25T19:10:22","guid":{"rendered":"http:\/\/serveiseducatius.xtec.cat\/sants-montjuic\/general\/aprendre-historia-fent-teatre\/"},"modified":"2016-01-25T20:10:22","modified_gmt":"2016-01-25T19:10:22","slug":"aprendre-historia-fent-teatre","status":"publish","type":"post","link":"https:\/\/serveiseducatius.xtec.cat\/sants-montjuic\/general\/aprendre-historia-fent-teatre\/","title":{"rendered":"Aprendre hist\u00f2ria fent teatre"},"content":{"rendered":"<p><span style=\"color: rgb(34, 34, 34); font-family: arial, sans-serif; font-size: 12.8px; font-style: normal; font-variant: normal; font-weight: normal; letter-spacing: normal; line-height: normal; orphans: auto; text-align: start; text-indent: 0px; text-transform: none; white-space: normal; widows: 1; word-spacing: 0px; -webkit-text-stroke-width: 0px; display: inline !important; float: none; background-color: rgb(255, 255, 255);\"><a target=\"_blank\" href=\"https:\/\/drive.google.com\/file\/d\/0BwmgeB6IgfmIbTFIMHJpTC1wT2M\/view?usp=sharing\"><img loading=\"lazy\" decoding=\"async\" src=\"https:\/\/lh3.googleusercontent.com\/-A7U1TKxJbw4\/Vq-u_ztMLzI\/AAAAAAAAFLQ\/8ZugpOovPG0\/s512-Ic42\/aprendre_hist%25C3%25B2ria.jpg\" align=\"left\" height=\"215\" hspace=\"5\" vspace=\"5\" width=\"145\" \/><\/a>Els dies<span class=\"Apple-converted-space\">&nbsp;<\/span><\/span><strong style=\"color: rgb(34, 34, 34); font-family: arial, sans-serif; font-size: 12.8px; font-style: normal; font-variant: normal; letter-spacing: normal; line-height: normal; orphans: auto; text-align: start; text-indent: 0px; text-transform: none; white-space: normal; widows: 1; word-spacing: 0px; -webkit-text-stroke-width: 0px; background-color: rgb(255, 255, 255);\">28 de gener<span class=\"Apple-converted-space\">&nbsp;<\/span><\/strong><span style=\"color: rgb(34, 34, 34); font-family: arial, sans-serif; font-size: 12.8px; font-style: normal; font-variant: normal; font-weight: normal; letter-spacing: normal; line-height: normal; orphans: auto; text-align: start; text-indent: 0px; text-transform: none; white-space: normal; widows: 1; word-spacing: 0px; -webkit-text-stroke-width: 0px; display: inline !important; float: none; background-color: rgb(255, 255, 255);\">i<\/span><strong style=\"color: rgb(34, 34, 34); font-family: arial, sans-serif; font-size: 12.8px; font-style: normal; font-variant: normal; letter-spacing: normal; line-height: normal; orphans: auto; text-align: start; text-indent: 0px; text-transform: none; white-space: normal; widows: 1; word-spacing: 0px; -webkit-text-stroke-width: 0px; background-color: rgb(255, 255, 255);\"><span class=\"Apple-converted-space\">&nbsp;<\/span>4 de febrer<span class=\"Apple-converted-space\">&nbsp;<\/span><\/strong><span style=\"color: rgb(34, 34, 34); font-family: arial, sans-serif; font-size: 12.8px; font-style: normal; font-variant: normal; font-weight: normal; letter-spacing: normal; line-height: normal; orphans: auto; text-align: start; text-indent: 0px; text-transform: none; white-space: normal; widows: 1; word-spacing: 0px; -webkit-text-stroke-width: 0px; display: inline !important; float: none; background-color: rgb(255, 255, 255);\">a les<span class=\"Apple-converted-space\">&nbsp;<\/span><\/span><strong style=\"color: rgb(34, 34, 34); font-family: arial, sans-serif; font-size: 12.8px; font-style: normal; font-variant: normal; letter-spacing: normal; line-height: normal; orphans: auto; text-align: start; text-indent: 0px; text-transform: none; white-space: normal; widows: 1; word-spacing: 0px; -webkit-text-stroke-width: 0px; background-color: rgb(255, 255, 255);\">18 hores<\/strong><span style=\"color: rgb(34, 34, 34); font-family: arial, sans-serif; font-size: 12.8px; font-style: normal; font-variant: normal; font-weight: normal; letter-spacing: normal; line-height: normal; orphans: auto; text-align: start; text-indent: 0px; text-transform: none; white-space: normal; widows: 1; word-spacing: 0px; -webkit-text-stroke-width: 0px; display: inline !important; float: none; background-color: rgb(255, 255, 255);\"><span class=\"Apple-converted-space\">&nbsp;<\/span>tindr\u00e0 lloc al<\/span><strong style=\"color: rgb(34, 34, 34); font-family: arial, sans-serif; font-size: 12.8px; font-style: normal; font-variant: normal; letter-spacing: normal; line-height: normal; orphans: auto; text-align: start; text-indent: 0px; text-transform: none; white-space: normal; widows: 1; word-spacing: 0px; -webkit-text-stroke-width: 0px; background-color: rgb(255, 255, 255);\"><span class=\"Apple-converted-space\">&nbsp;<\/span>CRP de Sants \u2013 Montju\u00efc<\/strong><span style=\"color: rgb(34, 34, 34); font-family: arial, sans-serif; font-size: 12.8px; font-style: normal; font-variant: normal; font-weight: normal; letter-spacing: normal; line-height: normal; orphans: auto; text-align: start; text-indent: 0px; text-transform: none; white-space: normal; widows: 1; word-spacing: 0px; -webkit-text-stroke-width: 0px; display: inline !important; float: none; background-color: rgb(255, 255, 255);\"><span class=\"Apple-converted-space\">&nbsp;<\/span>(carrer Olzinelles, 73, 2a planta), l\u2019activitat de dinamitzaci\u00f3:<span class=\"Apple-converted-space\">&nbsp;<\/span><\/span><strong style=\"color: rgb(34, 34, 34); font-family: arial, sans-serif; font-size: 12.8px; font-style: normal; font-variant: normal; letter-spacing: normal; line-height: normal; orphans: auto; text-align: start; text-indent: 0px; text-transform: none; white-space: normal; widows: 1; word-spacing: 0px; -webkit-text-stroke-width: 0px; background-color: rgb(255, 255, 255);\">Aprendre hist\u00f2ria fent teatre<\/strong><span style=\"color: rgb(34, 34, 34); font-family: arial, sans-serif; font-size: 12.8px; font-style: normal; font-variant: normal; font-weight: normal; letter-spacing: normal; line-height: normal; orphans: auto; text-align: start; text-indent: 0px; text-transform: none; white-space: normal; widows: 1; word-spacing: 0px; -webkit-text-stroke-width: 0px; display: inline !important; float: none; background-color: rgb(255, 255, 255);\">, a c\u00e0rrec de l\u2019<\/span><strong style=\"color: rgb(34, 34, 34); font-family: arial, sans-serif; font-size: 12.8px; font-style: normal; font-variant: normal; letter-spacing: normal; line-height: normal; orphans: auto; text-align: start; text-indent: 0px; text-transform: none; white-space: normal; widows: 1; word-spacing: 0px; -webkit-text-stroke-width: 0px; background-color: rgb(255, 255, 255);\">Elisenda Carta\u00f1\u00e0, Rafel Baldov\u00ed<span class=\"Apple-converted-space\">&nbsp;<\/span><\/strong><span style=\"color: rgb(34, 34, 34); font-family: arial, sans-serif; font-size: 12.8px; font-style: normal; font-variant: normal; font-weight: normal; letter-spacing: normal; line-height: normal; orphans: auto; text-align: start; text-indent: 0px; text-transform: none; white-space: normal; widows: 1; word-spacing: 0px; -webkit-text-stroke-width: 0px; display: inline !important; float: none; background-color: rgb(255, 255, 255);\">i<\/span><strong style=\"color: rgb(34, 34, 34); font-family: arial, sans-serif; font-size: 12.8px; font-style: normal; font-variant: normal; letter-spacing: normal; line-height: normal; orphans: auto; text-align: start; text-indent: 0px; text-transform: none; white-space: normal; widows: 1; word-spacing: 0px; -webkit-text-stroke-width: 0px; background-color: rgb(255, 255, 255);\"><span class=\"Apple-converted-space\">&nbsp;<\/span>Merc\u00e8 Manso<\/strong><span style=\"color: rgb(34, 34, 34); font-family: arial, sans-serif; font-size: 12.8px; font-style: normal; font-variant: normal; font-weight: normal; letter-spacing: normal; line-height: normal; orphans: auto; text-align: start; text-indent: 0px; text-transform: none; white-space: normal; widows: 1; word-spacing: 0px; -webkit-text-stroke-width: 0px; display: inline !important; float: none; background-color: rgb(255, 255, 255);\">.<\/span><br \/>\n  <br style=\"color: rgb(34, 34, 34); font-family: arial, sans-serif; font-size: 12.8px; font-style: normal; font-variant: normal; font-weight: normal; letter-spacing: normal; line-height: normal; orphans: auto; text-align: start; text-indent: 0px; text-transform: none; white-space: normal; widows: 1; word-spacing: 0px; -webkit-text-stroke-width: 0px; background-color: rgb(255, 255, 255);\" \/><span style=\"color: rgb(34, 34, 34); font-family: arial, sans-serif; font-size: 12.8px; font-style: normal; font-variant: normal; font-weight: normal; letter-spacing: normal; line-height: normal; orphans: auto; text-align: start; text-indent: 0px; text-transform: none; white-space: normal; widows: 1; word-spacing: 0px; -webkit-text-stroke-width: 0px; display: inline !important; float: none; background-color: rgb(255, 255, 255);\">Aquesta activitat consta de dues sessions:<\/span><br \/>\n  <br style=\"color: rgb(34, 34, 34); font-family: arial, sans-serif; font-size: 12.8px; font-style: normal; font-variant: normal; font-weight: normal; letter-spacing: normal; line-height: normal; orphans: auto; text-align: start; text-indent: 0px; text-transform: none; white-space: normal; widows: 1; word-spacing: 0px; -webkit-text-stroke-width: 0px; background-color: rgb(255, 255, 255);\" \/>\n<\/p>\n<ul style=\"color: rgb(34, 34, 34); font-family: arial, sans-serif; font-size: 12.8px; font-style: normal; font-variant: normal; font-weight: normal; letter-spacing: normal; line-height: normal; orphans: auto; text-align: start; text-indent: 0px; text-transform: none; white-space: normal; widows: 1; word-spacing: 0px; -webkit-text-stroke-width: 0px; background-color: rgb(255, 255, 255);\">\n<li style=\"margin-left: 15px;\">A la primera s\u2019explicar\u00e0 la metodologia din\u00e0mica del treball per recuperar la mem\u00f2ria hist\u00f2rica i com plasmar-la en una obra teatral.<\/li>\n<li style=\"margin-left: 15px;\">A la segona sessi\u00f3 s\u2019explicar\u00e0 l\u2019experi\u00e8ncia del projecte d\u2019Aprenentatge Servei:<span class=\"Apple-converted-space\">&nbsp;<\/span><strong>\u201cDonar veu a la mem\u00f2ria\u201d<\/strong><span class=\"Apple-converted-space\">&nbsp;<\/span>de l\u2019<strong>institut Llu\u00eds Vives<\/strong>. L\u2019alumnat de l\u2019institut representar\u00e0 l\u2019obra de teatre<span class=\"Apple-converted-space\">&nbsp;<\/span><strong>\u201cCamins de nit. Infants perduts dels exilis\u201d<\/strong><span class=\"Apple-converted-space\">&nbsp;<\/span>sobre l\u2019exili de la Guerra Civil Espanyola.<\/li>\n<\/ul>\n","protected":false},"excerpt":{"rendered":"<p>Els dies&nbsp;28 de gener&nbsp;i&nbsp;4 de febrer&nbsp;a les&nbsp;18 hores&nbsp;tindr\u00e0 lloc al&nbsp;CRP de Sants \u2013 Montju\u00efc&nbsp;(carrer Olzinelles, 73, 2a planta), l\u2019activitat de dinamitzaci\u00f3:&nbsp;Aprendre hist\u00f2ria fent teatre, a c\u00e0rrec de l\u2019Elisenda Carta\u00f1\u00e0, Rafel Baldov\u00ed&nbsp;i&nbsp;Merc\u00e8 Manso. Aquesta activitat consta de dues sessions: A la primera s\u2019explicar\u00e0 la metodologia din\u00e0mica del treball per recuperar la mem\u00f2ria hist\u00f2rica i com plasmar-la [&hellip;]<\/p>\n","protected":false},"author":1,"featured_media":0,"comment_status":"open","ping_status":"open","sticky":false,"template":"","format":"standard","meta":{"_bbp_topic_count":0,"_bbp_reply_count":0,"_bbp_total_topic_count":0,"_bbp_total_reply_count":0,"_bbp_voice_count":0,"_bbp_anonymous_reply_count":0,"_bbp_topic_count_hidden":0,"_bbp_reply_count_hidden":0,"_bbp_forum_subforum_count":0,"site-sidebar-layout":"default","site-content-layout":"","ast-site-content-layout":"","site-content-style":"default","site-sidebar-style":"default","ast-global-header-display":"","ast-banner-title-visibility":"","ast-main-header-display":"","ast-hfb-above-header-display":"","ast-hfb-below-header-display":"","ast-hfb-mobile-header-display":"","site-post-title":"","ast-breadcrumbs-content":"","ast-featured-img":"","footer-sml-layout":"","theme-transparent-header-meta":"","adv-header-id-meta":"","stick-header-meta":"","header-above-stick-meta":"","header-main-stick-meta":"","header-below-stick-meta":"","astra-migrate-meta-layouts":"default","ast-page-background-enabled":"default","ast-page-background-meta":{"desktop":{"background-color":"var(--ast-global-color-4)","background-image":"","background-repeat":"repeat","background-position":"center center","background-size":"auto","background-attachment":"scroll","background-type":"","background-media":"","overlay-type":"","overlay-color":"","overlay-opacity":"","overlay-gradient":""},"tablet":{"background-color":"","background-image":"","background-repeat":"repeat","background-position":"center center","background-size":"auto","background-attachment":"scroll","background-type":"","background-media":"","overlay-type":"","overlay-color":"","overlay-opacity":"","overlay-gradient":""},"mobile":{"background-color":"","background-image":"","background-repeat":"repeat","background-position":"center center","background-size":"auto","background-attachment":"scroll","background-type":"","background-media":"","overlay-type":"","overlay-color":"","overlay-opacity":"","overlay-gradient":""}},"ast-content-background-meta":{"desktop":{"background-color":"var(--ast-global-color-5)","background-image":"","background-repeat":"repeat","background-position":"center center","background-size":"auto","background-attachment":"scroll","background-type":"","background-media":"","overlay-type":"","overlay-color":"","overlay-opacity":"","overlay-gradient":""},"tablet":{"background-color":"var(--ast-global-color-5)","background-image":"","background-repeat":"repeat","background-position":"center center","background-size":"auto","background-attachment":"scroll","background-type":"","background-media":"","overlay-type":"","overlay-color":"","overlay-opacity":"","overlay-gradient":""},"mobile":{"background-color":"var(--ast-global-color-5)","background-image":"","background-repeat":"repeat","background-position":"center center","background-size":"auto","background-attachment":"scroll","background-type":"","background-media":"","overlay-type":"","overlay-color":"","overlay-opacity":"","overlay-gradient":""}},"footnotes":""},"categories":[1],"tags":[154,157],"class_list":["post-2881","post","type-post","status-publish","format-standard","hentry","category-general","tag-intraweb","tag-noticies"],"post_mailing_queue_ids":[],"_links":{"self":[{"href":"https:\/\/serveiseducatius.xtec.cat\/sants-montjuic\/wp-json\/wp\/v2\/posts\/2881","targetHints":{"allow":["GET"]}}],"collection":[{"href":"https:\/\/serveiseducatius.xtec.cat\/sants-montjuic\/wp-json\/wp\/v2\/posts"}],"about":[{"href":"https:\/\/serveiseducatius.xtec.cat\/sants-montjuic\/wp-json\/wp\/v2\/types\/post"}],"author":[{"embeddable":true,"href":"https:\/\/serveiseducatius.xtec.cat\/sants-montjuic\/wp-json\/wp\/v2\/users\/1"}],"replies":[{"embeddable":true,"href":"https:\/\/serveiseducatius.xtec.cat\/sants-montjuic\/wp-json\/wp\/v2\/comments?post=2881"}],"version-history":[{"count":0,"href":"https:\/\/serveiseducatius.xtec.cat\/sants-montjuic\/wp-json\/wp\/v2\/posts\/2881\/revisions"}],"wp:attachment":[{"href":"https:\/\/serveiseducatius.xtec.cat\/sants-montjuic\/wp-json\/wp\/v2\/media?parent=2881"}],"wp:term":[{"taxonomy":"category","embeddable":true,"href":"https:\/\/serveiseducatius.xtec.cat\/sants-montjuic\/wp-json\/wp\/v2\/categories?post=2881"},{"taxonomy":"post_tag","embeddable":true,"href":"https:\/\/serveiseducatius.xtec.cat\/sants-montjuic\/wp-json\/wp\/v2\/tags?post=2881"}],"curies":[{"name":"wp","href":"https:\/\/api.w.org\/{rel}","templated":true}]}}