{"id":1420,"date":"2012-03-05T12:06:22","date_gmt":"2015-12-18T15:39:40","guid":{"rendered":"http:\/\/serveiseducatius.xtec.cat\/sants-montjuic\/general\/propostes-dunitats-didactiques-deducacio-musical\/"},"modified":"2016-09-05T16:33:00","modified_gmt":"2016-09-05T15:33:00","slug":"propostes-dunitats-didactiques-deducacio-musical","status":"publish","type":"post","link":"https:\/\/serveiseducatius.xtec.cat\/sants-montjuic\/general\/propostes-dunitats-didactiques-deducacio-musical\/","title":{"rendered":"Propostes d\u2019unitats did\u00e0ctiques d\u2019educaci\u00f3 musical"},"content":{"rendered":"<p>Aquest&nbsp; treball ha estat elaborat per membres del \u201c<strong>Grup de treball de m\u00fasica<\/strong>\u201d del nostre districte amb l\u2019assessorament de la formadora <strong>Ma. Ant\u00f2nia Pujol Subir\u00e0<\/strong> durant tres cursos.\n<\/p>\n<p>\n  <br \/>Est\u00e0 dedicat a <a title=\"La creaci\u00f3 a l\u2019\u00e0rea de m\u00fasica\" target=\"_blank\" href=\"https:\/\/docs.google.com\/open?id=0BwmgeB6IgfmIWnBlbVQtQ0RRS21weER0NjRUeWVYZw\">\u201c<strong>La creaci\u00f3 a l\u2019\u00e0rea de m\u00fasica<\/strong>\u201d<\/a> i inclou una unitat did\u00e0ctica gen\u00e8rica de creaci\u00f3 i tres unitats corresponent a cada cicle: Inicial (escola <strong>Barrufet<\/strong>) Mitj\u00e0 (escola <strong>SEAT<\/strong>) i Superior (escola <strong>Per\u00fa<\/strong>).\n<\/p>\n<p>La resta d\u2019escoles que han participat al Seminari i que tamb\u00e9 han elaborat el treball s\u00f3n: <strong>Pr\u00e0ctiques 2<\/strong>, <strong>Gayarre<\/strong>, <strong>Proa<\/strong>, <strong>Francesc Maci\u00e0<\/strong>, <strong>Sant&nbsp; Medir<\/strong>&nbsp; i <strong>Cavall Bernat<\/strong>.\n<\/p>\n<p>\n  <br \/>Aquest treball s\u2019ha presentat a un <a title=\"Congr\u00e9s sobre Educaci\u00f3 i investigaci\u00f3 musical\" target=\"_blank\" href=\"http:\/\/enclavecreativa.com\/blog\/wp-content\/uploads\/2012\/02\/Congreso-en-A2-web.pdf\"><strong>Congr\u00e9s sobre Educaci\u00f3&nbsp; i investigaci\u00f3 musical<\/strong><\/a> que s\u2019ha realitzat a Madrid durant els dies 2 i 3 de mar\u00e7.<\/p>\n","protected":false},"excerpt":{"rendered":"<p>Aquest&nbsp; treball ha estat elaborat per membres del \u201cGrup de treball de m\u00fasica\u201d del nostre districte amb l\u2019assessorament de la formadora Ma. Ant\u00f2nia Pujol Subir\u00e0 durant tres cursos. Est\u00e0 dedicat a \u201cLa creaci\u00f3 a l\u2019\u00e0rea de m\u00fasica\u201d i inclou una unitat did\u00e0ctica gen\u00e8rica de creaci\u00f3 i tres unitats corresponent a cada cicle: Inicial (escola Barrufet) [&hellip;]<\/p>\n","protected":false},"author":1,"featured_media":0,"comment_status":"open","ping_status":"open","sticky":false,"template":"","format":"standard","meta":{"_bbp_topic_count":0,"_bbp_reply_count":0,"_bbp_total_topic_count":0,"_bbp_total_reply_count":0,"_bbp_voice_count":0,"_bbp_anonymous_reply_count":0,"_bbp_topic_count_hidden":0,"_bbp_reply_count_hidden":0,"_bbp_forum_subforum_count":0,"site-sidebar-layout":"default","site-content-layout":"","ast-site-content-layout":"","site-content-style":"default","site-sidebar-style":"default","ast-global-header-display":"","ast-banner-title-visibility":"","ast-main-header-display":"","ast-hfb-above-header-display":"","ast-hfb-below-header-display":"","ast-hfb-mobile-header-display":"","site-post-title":"","ast-breadcrumbs-content":"","ast-featured-img":"","footer-sml-layout":"","theme-transparent-header-meta":"","adv-header-id-meta":"","stick-header-meta":"","header-above-stick-meta":"","header-main-stick-meta":"","header-below-stick-meta":"","astra-migrate-meta-layouts":"default","ast-page-background-enabled":"default","ast-page-background-meta":{"desktop":{"background-color":"var(--ast-global-color-4)","background-image":"","background-repeat":"repeat","background-position":"center center","background-size":"auto","background-attachment":"scroll","background-type":"","background-media":"","overlay-type":"","overlay-color":"","overlay-opacity":"","overlay-gradient":""},"tablet":{"background-color":"","background-image":"","background-repeat":"repeat","background-position":"center center","background-size":"auto","background-attachment":"scroll","background-type":"","background-media":"","overlay-type":"","overlay-color":"","overlay-opacity":"","overlay-gradient":""},"mobile":{"background-color":"","background-image":"","background-repeat":"repeat","background-position":"center center","background-size":"auto","background-attachment":"scroll","background-type":"","background-media":"","overlay-type":"","overlay-color":"","overlay-opacity":"","overlay-gradient":""}},"ast-content-background-meta":{"desktop":{"background-color":"var(--ast-global-color-5)","background-image":"","background-repeat":"repeat","background-position":"center center","background-size":"auto","background-attachment":"scroll","background-type":"","background-media":"","overlay-type":"","overlay-color":"","overlay-opacity":"","overlay-gradient":""},"tablet":{"background-color":"var(--ast-global-color-5)","background-image":"","background-repeat":"repeat","background-position":"center center","background-size":"auto","background-attachment":"scroll","background-type":"","background-media":"","overlay-type":"","overlay-color":"","overlay-opacity":"","overlay-gradient":""},"mobile":{"background-color":"var(--ast-global-color-5)","background-image":"","background-repeat":"repeat","background-position":"center center","background-size":"auto","background-attachment":"scroll","background-type":"","background-media":"","overlay-type":"","overlay-color":"","overlay-opacity":"","overlay-gradient":""}},"footnotes":""},"categories":[1],"tags":[154,157],"class_list":["post-1420","post","type-post","status-publish","format-standard","hentry","category-general","tag-intraweb","tag-noticies"],"post_mailing_queue_ids":[],"_links":{"self":[{"href":"https:\/\/serveiseducatius.xtec.cat\/sants-montjuic\/wp-json\/wp\/v2\/posts\/1420","targetHints":{"allow":["GET"]}}],"collection":[{"href":"https:\/\/serveiseducatius.xtec.cat\/sants-montjuic\/wp-json\/wp\/v2\/posts"}],"about":[{"href":"https:\/\/serveiseducatius.xtec.cat\/sants-montjuic\/wp-json\/wp\/v2\/types\/post"}],"author":[{"embeddable":true,"href":"https:\/\/serveiseducatius.xtec.cat\/sants-montjuic\/wp-json\/wp\/v2\/users\/1"}],"replies":[{"embeddable":true,"href":"https:\/\/serveiseducatius.xtec.cat\/sants-montjuic\/wp-json\/wp\/v2\/comments?post=1420"}],"version-history":[{"count":1,"href":"https:\/\/serveiseducatius.xtec.cat\/sants-montjuic\/wp-json\/wp\/v2\/posts\/1420\/revisions"}],"predecessor-version":[{"id":1991,"href":"https:\/\/serveiseducatius.xtec.cat\/sants-montjuic\/wp-json\/wp\/v2\/posts\/1420\/revisions\/1991"}],"wp:attachment":[{"href":"https:\/\/serveiseducatius.xtec.cat\/sants-montjuic\/wp-json\/wp\/v2\/media?parent=1420"}],"wp:term":[{"taxonomy":"category","embeddable":true,"href":"https:\/\/serveiseducatius.xtec.cat\/sants-montjuic\/wp-json\/wp\/v2\/categories?post=1420"},{"taxonomy":"post_tag","embeddable":true,"href":"https:\/\/serveiseducatius.xtec.cat\/sants-montjuic\/wp-json\/wp\/v2\/tags?post=1420"}],"curies":[{"name":"wp","href":"https:\/\/api.w.org\/{rel}","templated":true}]}}