{"id":1417,"date":"2012-02-13T09:07:23","date_gmt":"2015-12-18T15:39:40","guid":{"rendered":"http:\/\/serveiseducatius.xtec.cat\/sants-montjuic\/general\/els-nens-i-nenes-de-lescola-lluis-vives-visiten-el-forn-balta\/"},"modified":"2016-09-05T16:33:00","modified_gmt":"2016-09-05T15:33:00","slug":"els-nens-i-nenes-de-lescola-lluis-vives-visiten-el-forn-balta","status":"publish","type":"post","link":"https:\/\/serveiseducatius.xtec.cat\/sants-montjuic\/general\/els-nens-i-nenes-de-lescola-lluis-vives-visiten-el-forn-balta\/","title":{"rendered":"Els nens i nenes de l\u2019escola Llu\u00eds Vives visiten el Forn Balt\u00e0."},"content":{"rendered":"<p> <img decoding=\"async\" style=\"width: 155px; height: 195px;\" alt=\"Organitzaci\u00f3_funcionament_centres\" src=\"https:\/\/lh5.googleusercontent.com\/-hfOWCXRlZyI\/TzPWUCPBmKI\/AAAAAAAACng\/JHQdmgRQhLU\/s426\/1328647187808.jpg\" hspace=\"7\" align=\"left\" \/>\n<\/p>\n<p>&nbsp;\n<\/p>\n<p> El dia 7 de febrer el grup de 3r. de prim\u00e0ria&nbsp; de l\u2019<strong><a title=\"Escola Llu\u00eds Vives \" target=\"_blank\" href=\"http:\/\/www.xtec.cat\/ceiplluisvives\/\">escola Llu\u00eds Vives<\/a> <\/strong>van anar al <strong>forn Balt\u00e0<\/strong> del barri de <strong>Sants<\/strong>, per con\u00e8ixer el proc\u00e9s d\u2019elaboraci\u00f3 del&nbsp; pa. Els ho va explicar en <strong>Josep Balt\u00e0<\/strong>, quarta generaci\u00f3 d\u2019una fam\u00edlia de forners. Aquest forn es va crear l\u2019any 1934.<br \/>\n  <br \/>Al taller did\u00e0ctic tamb\u00e9 hi van assistir el regidor d\u2019Educaci\u00f3, <strong>Gerard Ardanuy<\/strong> i el seu hom\u00f2leg de Comer\u00e7, <strong>Raimon Blasi<\/strong>, que van subratllar la import\u00e0ncia de vincular el comer\u00e7 amb el foment de la curiositat dels nens i nenes.\n<\/p>\n<p>Aquesta activitat forma part d\u2019una iniciativa per afavorir entre l\u2019alumnat el coneixement&nbsp; de l\u2019entorn cultural, social i hist\u00f2ric de les botigues de barri. Aquesta convocat\u00f2ria es desenvolupa des del gener fins a l\u2019abril i comptar\u00e0 amb la participaci\u00f3 de 1400 escolars de 13 escoles de la ciutat de Barcelona que coneixeran de primera m\u00e0 alguns oficis.<\/p>\n","protected":false},"excerpt":{"rendered":"<p>&nbsp; El dia 7 de febrer el grup de 3r. de prim\u00e0ria&nbsp; de l\u2019escola Llu\u00eds Vives van anar al forn Balt\u00e0 del barri de Sants, per con\u00e8ixer el proc\u00e9s d\u2019elaboraci\u00f3 del&nbsp; pa. Els ho va explicar en Josep Balt\u00e0, quarta generaci\u00f3 d\u2019una fam\u00edlia de forners. Aquest forn es va crear l\u2019any 1934. Al taller did\u00e0ctic [&hellip;]<\/p>\n","protected":false},"author":1,"featured_media":0,"comment_status":"open","ping_status":"open","sticky":false,"template":"","format":"standard","meta":{"_bbp_topic_count":0,"_bbp_reply_count":0,"_bbp_total_topic_count":0,"_bbp_total_reply_count":0,"_bbp_voice_count":0,"_bbp_anonymous_reply_count":0,"_bbp_topic_count_hidden":0,"_bbp_reply_count_hidden":0,"_bbp_forum_subforum_count":0,"site-sidebar-layout":"default","site-content-layout":"","ast-site-content-layout":"","site-content-style":"default","site-sidebar-style":"default","ast-global-header-display":"","ast-banner-title-visibility":"","ast-main-header-display":"","ast-hfb-above-header-display":"","ast-hfb-below-header-display":"","ast-hfb-mobile-header-display":"","site-post-title":"","ast-breadcrumbs-content":"","ast-featured-img":"","footer-sml-layout":"","theme-transparent-header-meta":"","adv-header-id-meta":"","stick-header-meta":"","header-above-stick-meta":"","header-main-stick-meta":"","header-below-stick-meta":"","astra-migrate-meta-layouts":"default","ast-page-background-enabled":"default","ast-page-background-meta":{"desktop":{"background-color":"var(--ast-global-color-4)","background-image":"","background-repeat":"repeat","background-position":"center center","background-size":"auto","background-attachment":"scroll","background-type":"","background-media":"","overlay-type":"","overlay-color":"","overlay-opacity":"","overlay-gradient":""},"tablet":{"background-color":"","background-image":"","background-repeat":"repeat","background-position":"center center","background-size":"auto","background-attachment":"scroll","background-type":"","background-media":"","overlay-type":"","overlay-color":"","overlay-opacity":"","overlay-gradient":""},"mobile":{"background-color":"","background-image":"","background-repeat":"repeat","background-position":"center center","background-size":"auto","background-attachment":"scroll","background-type":"","background-media":"","overlay-type":"","overlay-color":"","overlay-opacity":"","overlay-gradient":""}},"ast-content-background-meta":{"desktop":{"background-color":"var(--ast-global-color-5)","background-image":"","background-repeat":"repeat","background-position":"center center","background-size":"auto","background-attachment":"scroll","background-type":"","background-media":"","overlay-type":"","overlay-color":"","overlay-opacity":"","overlay-gradient":""},"tablet":{"background-color":"var(--ast-global-color-5)","background-image":"","background-repeat":"repeat","background-position":"center center","background-size":"auto","background-attachment":"scroll","background-type":"","background-media":"","overlay-type":"","overlay-color":"","overlay-opacity":"","overlay-gradient":""},"mobile":{"background-color":"var(--ast-global-color-5)","background-image":"","background-repeat":"repeat","background-position":"center center","background-size":"auto","background-attachment":"scroll","background-type":"","background-media":"","overlay-type":"","overlay-color":"","overlay-opacity":"","overlay-gradient":""}},"footnotes":""},"categories":[1],"tags":[154,157],"class_list":["post-1417","post","type-post","status-publish","format-standard","hentry","category-general","tag-intraweb","tag-noticies"],"post_mailing_queue_ids":[],"_links":{"self":[{"href":"https:\/\/serveiseducatius.xtec.cat\/sants-montjuic\/wp-json\/wp\/v2\/posts\/1417","targetHints":{"allow":["GET"]}}],"collection":[{"href":"https:\/\/serveiseducatius.xtec.cat\/sants-montjuic\/wp-json\/wp\/v2\/posts"}],"about":[{"href":"https:\/\/serveiseducatius.xtec.cat\/sants-montjuic\/wp-json\/wp\/v2\/types\/post"}],"author":[{"embeddable":true,"href":"https:\/\/serveiseducatius.xtec.cat\/sants-montjuic\/wp-json\/wp\/v2\/users\/1"}],"replies":[{"embeddable":true,"href":"https:\/\/serveiseducatius.xtec.cat\/sants-montjuic\/wp-json\/wp\/v2\/comments?post=1417"}],"version-history":[{"count":1,"href":"https:\/\/serveiseducatius.xtec.cat\/sants-montjuic\/wp-json\/wp\/v2\/posts\/1417\/revisions"}],"predecessor-version":[{"id":1988,"href":"https:\/\/serveiseducatius.xtec.cat\/sants-montjuic\/wp-json\/wp\/v2\/posts\/1417\/revisions\/1988"}],"wp:attachment":[{"href":"https:\/\/serveiseducatius.xtec.cat\/sants-montjuic\/wp-json\/wp\/v2\/media?parent=1417"}],"wp:term":[{"taxonomy":"category","embeddable":true,"href":"https:\/\/serveiseducatius.xtec.cat\/sants-montjuic\/wp-json\/wp\/v2\/categories?post=1417"},{"taxonomy":"post_tag","embeddable":true,"href":"https:\/\/serveiseducatius.xtec.cat\/sants-montjuic\/wp-json\/wp\/v2\/tags?post=1417"}],"curies":[{"name":"wp","href":"https:\/\/api.w.org\/{rel}","templated":true}]}}