{"id":8702,"date":"2023-02-03T13:15:55","date_gmt":"2023-02-03T12:15:55","guid":{"rendered":"https:\/\/serveiseducatius.xtec.cat\/santmarti\/?p=8702"},"modified":"2023-04-28T12:34:29","modified_gmt":"2023-04-28T10:34:29","slug":"jocs-florals-escolars-2023","status":"publish","type":"post","link":"https:\/\/serveiseducatius.xtec.cat\/santmarti\/general\/jocs-florals-escolars-2023\/","title":{"rendered":"Jocs Florals Escolars"},"content":{"rendered":"<p><img loading=\"lazy\" decoding=\"async\" class=\"alignleft wp-image-8733\" src=\"https:\/\/serveiseducatius.xtec.cat\/santmarti\/wp-content\/uploads\/usu785\/2023\/02\/JFE2023-724x1024.jpg\" alt=\"Jocs Florals Escolars\" width=\"360\" height=\"509\" srcset=\"https:\/\/serveiseducatius.xtec.cat\/santmarti\/wp-content\/uploads\/usu785\/2023\/02\/JFE2023-724x1024.jpg 724w, https:\/\/serveiseducatius.xtec.cat\/santmarti\/wp-content\/uploads\/usu785\/2023\/02\/JFE2023-212x300.jpg 212w, https:\/\/serveiseducatius.xtec.cat\/santmarti\/wp-content\/uploads\/usu785\/2023\/02\/JFE2023-768x1086.jpg 768w, https:\/\/serveiseducatius.xtec.cat\/santmarti\/wp-content\/uploads\/usu785\/2023\/02\/JFE2023-1086x1536.jpg 1086w, https:\/\/serveiseducatius.xtec.cat\/santmarti\/wp-content\/uploads\/usu785\/2023\/02\/JFE2023.jpg 1414w\" sizes=\"auto, (max-width: 360px) 100vw, 360px\" \/>Ja tenim novetats per als <strong>Jocs Florals Escolars de Sant Mart\u00ed<\/strong> d&#8217;aquest curs.<\/p>\n<p>Estigueu amatents a les novetats que aniran apareixent en aquesta p\u00e0gina!<\/p>\n<p><a href=\"https:\/\/drive.google.com\/file\/d\/1phy3w0emvd_Ct3aV6Ngj_LpSK9-DWUoK\/view?usp=share_link\" target=\"_blank\" rel=\"noopener\"><strong>Bases de participaci\u00f3 Sant Mart\u00ed 2023<\/strong><\/a><\/p>\n<p><a href=\"https:\/\/drive.google.com\/file\/d\/1fOD3DBcHkVc_C8UtDIL1cWKkfEh7oHib\/view?usp=share_link\" target=\"_blank\" rel=\"noopener\"><strong>Bases de participaci\u00f3 Barcelona 2023<\/strong><\/a><\/p>\n<p><a href=\"https:\/\/drive.google.com\/file\/d\/1z2Ib-OF0cb21ZZuefKryXA8nBTftghQO\/view?usp=sharing\" target=\"_blank\" rel=\"noopener\"><strong>Calendari del proc\u00e9s<\/strong><\/a><\/p>\n<p><a href=\"https:\/\/docs.google.com\/document\/d\/1qUqBhh73K0j32cxStUUIb_tyn4Hq5ZVt\/edit?usp=share_link&amp;ouid=101936909635062909047&amp;rtpof=true&amp;sd=true\" target=\"_blank\" rel=\"noopener\"><strong>Plantilla de mostra<\/strong><\/a><\/p>\n<p><strong><a href=\"https:\/\/forms.gle\/KWjvU2meebggTjyB6\" target=\"_blank\" rel=\"noopener\">Formulari de participaci\u00f3 alumnat I5, Educaci\u00f3 Prim\u00e0ria, Educaci\u00f3 Secund\u00e0ria i Educaci\u00f3 Postobligat\u00f2ria (fins a 25 anys)<\/a><\/strong> <em>(actiu a partir del <strong>21 d&#8217;abril<\/strong>. Tramesa de textos fins al <strong>28 d\u2019abril<\/strong>)<\/em><\/p>\n<p><a href=\"https:\/\/forms.gle\/KKdbAvNuhsGd2Xaz9\" target=\"_blank\" rel=\"noopener\"><strong>Formulari de participaci\u00f3 en la categoria H. Conte audiovisual i il\u00b7lustrat per a tot l\u2019alumnat d\u2019Educaci\u00f3 Prim\u00e0ria<\/strong><\/a> <em>(Actiu a partir del <strong>21 d&#8217;abril<\/strong>. Tramesa de textos fins al <strong>28 d\u2019abril.<\/strong>)<\/em><\/p>\n<p>&nbsp;<\/p>\n<hr \/>\n<p>Les\u00a0<strong>novetats<\/strong>\u00a0d\u2019enguany s\u00f3n les seg\u00fcents:<\/p>\n<table style=\"border-collapse: collapse; width: 100%;\">\n<tbody>\n<tr>\n<td style=\"width: 100%;\">\n<ul>\n<li>La mainada d&#8217;<span style=\"color: #ff0000;\"><strong>I<\/strong><strong>5\u00a0<\/strong><\/span>tamb\u00e9 podr\u00e0 participar en els Jocs Florals Educatius de Sant Mart\u00ed 2023 amb els <strong>contes il\u00b7lustrats<\/strong>. Malgrat aix\u00f2, els textos reconeguts no tindran representaci\u00f3 als Jocs Florals Educatius de Barcelona.<br \/>\nEls textos presentats es resoldran en la categoria\u00a0<span style=\"color: #ff0000;\"><strong>I5. Conte il\u00b7lustrat<\/strong><\/span>.<\/li>\n<li>Per a les categories d\u2019<span style=\"color: #ff0000;\"><strong>Educaci\u00f3 Prim\u00e0ria<\/strong><\/span>, amb relaci\u00f3 a la <span style=\"color: #ff0000;\"><strong>prosa<\/strong> <\/span>poesia, els textos participants hauran de ser d\u2019<strong>elaboraci\u00f3 col\u00b7laborativa<\/strong>, mentre que per a la <strong><span style=\"color: #ff0000;\">poesia<\/span>, <\/strong>podr\u00e0 ser <strong>o b\u00e9 individual o b\u00e9 col\u00b7laborativa<\/strong>. Cal entendre per text col\u00b7laboratiu qualsevol mostra liter\u00e0ria en qu\u00e8 participin de <span style=\"color: #ff0000;\"><strong>3 a 5<\/strong><strong>\u00a0alumnes<\/strong><\/span>.<\/li>\n<li>Les modalitats liter\u00e0ries per a\u00a0<span style=\"color: #ff0000;\"><strong>Batxillerat i Cicles Formatius de Grau Mitj\u00e0<\/strong><\/span>\u00a0no tindran representaci\u00f3 als Jocs Florals Educatius de Barcelona. Malgrat aix\u00f2, podran participar, com en edicions anteriors, als Jocs Florals Escolars de Sant Mart\u00ed, amb el seu reconeixement corresponent.<br \/>\nEls textos presentats es resoldran en la categoria\u00a0<span style=\"color: #ff0000;\"><strong>I. Alumnat d\u2019Educaci\u00f3 Secund\u00e0ria postobligat\u00f2ria (Batxillerat i Cicles\u00a0<\/strong><strong>Formatius), amb una edat m\u00e0xima 25 anys<\/strong><\/span>.<\/li>\n<li>El centre ha de garantir que els\u00a0<strong>treballs\u00a0<\/strong>presentats en qualsevol categoria siguin\u00a0<span style=\"color: #ff0000;\"><strong>originals\u00a0<\/strong><\/span>i\u00a0<span style=\"color: #ff0000;\"><strong>elaborats a l\u2019aula<\/strong><\/span>.<\/li>\n<li>Per garantir la constituci\u00f3 d&#8217;un Jurat deliberatiu nombr\u00f3s i divers, cada <strong><span style=\"color: #ff0000;\">centre educatiu<\/span><\/strong> participant en els Jocs Florals Escolars de Sant Mart\u00ed haur\u00e0 d&#8217;aportar com a m\u00ednim <strong><span style=\"color: #ff0000;\">un docent del seu claustre<\/span><\/strong>. La participaci\u00f3 en aquest Jurat no comporta un augment considerable d&#8217;hores de feina. El Centre de Recursos Pedag\u00f2gics, com a ens organitzatiu del certamen, facilitar\u00e0 totes les eines i els documents necessaris per facilitar i agilitzar les tasques dels membres del Jurat.<\/li>\n<li>En un acte solemne, que tindr\u00e0 lloc al <span style=\"color: #ff0000;\"><strong>Sal\u00f3 de Cent de l\u2019Ajuntament de Barcelona<\/strong><\/span> el dimecres\u00a0<span style=\"color: #ff0000;\"><strong>31 de maig de 2023<\/strong><span style=\"color: #000000;\">,<\/span><\/span> es lliuraran els guardons als autors o autores dels escrits escolars <span style=\"color: #ff0000;\"><strong>que han estat seleccionats per a la fase de ciutat<\/strong><\/span> per la seva qualitat liter\u00e0ria, creativitat i l\u2019impuls pel plaer d\u2019escriure.<\/li>\n<\/ul>\n<\/td>\n<\/tr>\n<\/tbody>\n<\/table>\n","protected":false},"excerpt":{"rendered":"<p>Jocs Florals 2023<\/p>\n","protected":false},"author":1,"featured_media":8733,"comment_status":"closed","ping_status":"closed","sticky":false,"template":"","format":"standard","meta":{"_bbp_topic_count":0,"_bbp_reply_count":0,"_bbp_total_topic_count":0,"_bbp_total_reply_count":0,"_bbp_voice_count":0,"_bbp_anonymous_reply_count":0,"_bbp_topic_count_hidden":0,"_bbp_reply_count_hidden":0,"_bbp_forum_subforum_count":0,"site-sidebar-layout":"default","site-content-layout":"","ast-site-content-layout":"","site-content-style":"default","site-sidebar-style":"default","ast-global-header-display":"","ast-banner-title-visibility":"","ast-main-header-display":"","ast-hfb-above-header-display":"","ast-hfb-below-header-display":"","ast-hfb-mobile-header-display":"","site-post-title":"","ast-breadcrumbs-content":"","ast-featured-img":"","footer-sml-layout":"","theme-transparent-header-meta":"","adv-header-id-meta":"","stick-header-meta":"","header-above-stick-meta":"","header-main-stick-meta":"","header-below-stick-meta":"","astra-migrate-meta-layouts":"default","ast-page-background-enabled":"default","ast-page-background-meta":{"desktop":{"background-color":"var(--ast-global-color-4)","background-image":"","background-repeat":"repeat","background-position":"center center","background-size":"auto","background-attachment":"scroll","background-type":"","background-media":"","overlay-type":"","overlay-color":"","overlay-opacity":"","overlay-gradient":""},"tablet":{"background-color":"","background-image":"","background-repeat":"repeat","background-position":"center center","background-size":"auto","background-attachment":"scroll","background-type":"","background-media":"","overlay-type":"","overlay-color":"","overlay-opacity":"","overlay-gradient":""},"mobile":{"background-color":"","background-image":"","background-repeat":"repeat","background-position":"center center","background-size":"auto","background-attachment":"scroll","background-type":"","background-media":"","overlay-type":"","overlay-color":"","overlay-opacity":"","overlay-gradient":""}},"ast-content-background-meta":{"desktop":{"background-color":"var(--ast-global-color-5)","background-image":"","background-repeat":"repeat","background-position":"center center","background-size":"auto","background-attachment":"scroll","background-type":"","background-media":"","overlay-type":"","overlay-color":"","overlay-opacity":"","overlay-gradient":""},"tablet":{"background-color":"var(--ast-global-color-5)","background-image":"","background-repeat":"repeat","background-position":"center center","background-size":"auto","background-attachment":"scroll","background-type":"","background-media":"","overlay-type":"","overlay-color":"","overlay-opacity":"","overlay-gradient":""},"mobile":{"background-color":"var(--ast-global-color-5)","background-image":"","background-repeat":"repeat","background-position":"center center","background-size":"auto","background-attachment":"scroll","background-type":"","background-media":"","overlay-type":"","overlay-color":"","overlay-opacity":"","overlay-gradient":""}},"footnotes":""},"categories":[1,29],"tags":[],"class_list":["post-8702","post","type-post","status-publish","format-standard","has-post-thumbnail","hentry","category-general","category-portada"],"post_mailing_queue_ids":[],"_links":{"self":[{"href":"https:\/\/serveiseducatius.xtec.cat\/santmarti\/wp-json\/wp\/v2\/posts\/8702","targetHints":{"allow":["GET"]}}],"collection":[{"href":"https:\/\/serveiseducatius.xtec.cat\/santmarti\/wp-json\/wp\/v2\/posts"}],"about":[{"href":"https:\/\/serveiseducatius.xtec.cat\/santmarti\/wp-json\/wp\/v2\/types\/post"}],"author":[{"embeddable":true,"href":"https:\/\/serveiseducatius.xtec.cat\/santmarti\/wp-json\/wp\/v2\/users\/1"}],"replies":[{"embeddable":true,"href":"https:\/\/serveiseducatius.xtec.cat\/santmarti\/wp-json\/wp\/v2\/comments?post=8702"}],"version-history":[{"count":3,"href":"https:\/\/serveiseducatius.xtec.cat\/santmarti\/wp-json\/wp\/v2\/posts\/8702\/revisions"}],"predecessor-version":[{"id":9376,"href":"https:\/\/serveiseducatius.xtec.cat\/santmarti\/wp-json\/wp\/v2\/posts\/8702\/revisions\/9376"}],"wp:featuredmedia":[{"embeddable":true,"href":"https:\/\/serveiseducatius.xtec.cat\/santmarti\/wp-json\/wp\/v2\/media\/8733"}],"wp:attachment":[{"href":"https:\/\/serveiseducatius.xtec.cat\/santmarti\/wp-json\/wp\/v2\/media?parent=8702"}],"wp:term":[{"taxonomy":"category","embeddable":true,"href":"https:\/\/serveiseducatius.xtec.cat\/santmarti\/wp-json\/wp\/v2\/categories?post=8702"},{"taxonomy":"post_tag","embeddable":true,"href":"https:\/\/serveiseducatius.xtec.cat\/santmarti\/wp-json\/wp\/v2\/tags?post=8702"}],"curies":[{"name":"wp","href":"https:\/\/api.w.org\/{rel}","templated":true}]}}