{"id":7941,"date":"2022-06-01T10:11:29","date_gmt":"2022-06-01T08:11:29","guid":{"rendered":"https:\/\/serveiseducatius.xtec.cat\/santmarti\/?p=7941"},"modified":"2023-02-13T12:14:16","modified_gmt":"2023-02-13T11:14:16","slug":"canal-reporter","status":"publish","type":"post","link":"https:\/\/serveiseducatius.xtec.cat\/santmarti\/general\/canal-reporter\/","title":{"rendered":"Canal reporter"},"content":{"rendered":"<p>El projecte\u00a0<b>Canal de reporters<\/b>\u00a0c<span style=\"color: #000000;\">onsiste<a style=\"color: #000000;\" href=\"https:\/\/eur03.safelinks.protection.outlook.com\/?url=https%3A%2F%2Fprojectes.xtec.cat%2Fcanaldereporters%2F&amp;data=05%7C01%7Crfernandez.ceb%40gencat.cat%7C0e12451e110b422fd7c308da43930d2b%7C3b9427dcd30e43bc8c06ff7253676fec%7C1%7C0%7C637896596099064217%7CUnknown%7CTWFpbGZsb3d8eyJWIjoiMC4wLjAwMDAiLCJQIjoiV2luMzIiLCJBTiI6Ik1haWwiLCJXVCI6Mn0%3D%7C3000%7C%7C%7C&amp;sdata=dd721P163fslJyp%2FwySi9wFrthO2v8YxXuubXcoDpCg%3D&amp;reserved=0\" target=\"_blank\" rel=\"noopener\" data-saferedirecturl=\"https:\/\/www.google.com\/url?q=https:\/\/eur03.safelinks.protection.outlook.com\/?url%3Dhttps%253A%252F%252Fprojectes.xtec.cat%252Fcanaldereporters%252F%26data%3D05%257C01%257Crfernandez.ceb%2540gencat.cat%257C0e12451e110b422fd7c308da43930d2b%257C3b9427dcd30e43bc8c06ff7253676fec%257C1%257C0%257C637896596099064217%257CUnknown%257CTWFpbGZsb3d8eyJWIjoiMC4wLjAwMDAiLCJQIjoiV2luMzIiLCJBTiI6Ik1haWwiLCJXVCI6Mn0%253D%257C3000%257C%257C%257C%26sdata%3Ddd721P163fslJyp%252FwySi9wFrthO2v8YxXuubXcoDpCg%253D%26reserved%3D0&amp;source=gmail&amp;ust=1654153002780000&amp;usg=AOvVaw2O5MLm9PxZFyj2Pb_V3RX_\">i<\/a>x<\/span> en la creaci\u00f3 d\u2019una plataforma o canal des del qual els\u00a0<b>alumnes de prim\u00e0ria i secund\u00e0ria<\/b>\u00a0comparteixen amb altres centres i amb la<b>\u00a0comunitat educativa en general<\/b>\u00a0les\u00a0<b>pr\u00f2pies produccions audiovisuals<\/b>\u00a0en\u00a0<b>diferents lleng\u00fces<\/b> elaborades des dels seus centres i localitats.<\/p>\n<p>Projecte est\u00e0 liderat per<\/p>\n<ul>\n<li>Direcci\u00f3 general d\u2019Innovaci\u00f3<\/li>\n<li>Digitalitzaci\u00f3 i Recerca educativa<\/li>\n<li>Direcci\u00f3 General de Curr\u00edculum i personalitzaci\u00f3 del Departament d\u2019Educaci\u00f3<\/li>\n<li>Amb la col\u00b7laboraci\u00f3 del <a href=\"https:\/\/www.educac.cat\/actualitat\/canal-reporters\" target=\"_blank\" rel=\"noopener\">Programa EduCAC<\/a><\/li>\n<\/ul>\n<table style=\"border-collapse: collapse; width: 100%;\">\n<tbody>\n<tr>\n<td style=\"width: 100%; background-color: #d86e3e;\"><strong>Objectius<\/strong><\/td>\n<\/tr>\n<\/tbody>\n<\/table>\n<ul>\n<li style=\"list-style-type: none;\">\n<ul>\n<li style=\"list-style-type: none;\">\n<ul>\n<li><strong>Fomentar<\/strong> l\u2019esperit cr\u00edtic i l\u2019alfabetitzaci\u00f3 medi\u00e0tica<\/li>\n<li><strong>Compartir<\/strong> experi\u00e8ncies inspiradores<\/li>\n<li><strong>Afavorir<\/strong>\u00a0el treball vivencial.<\/li>\n<\/ul>\n<\/li>\n<\/ul>\n<\/li>\n<\/ul>\n<table style=\"border-collapse: collapse; width: 100%;\">\n<tbody>\n<tr>\n<td style=\"width: 100%; background-color: #d86e3e;\"><strong>M\u00f2duls de la formaci\u00f3<\/strong><\/td>\n<\/tr>\n<\/tbody>\n<\/table>\n<p>El programa s\u2019estructura en quatre m\u00f2duls<\/p>\n<ul>\n<li style=\"list-style-type: none;\">\n<ul>\n<li style=\"list-style-type: none;\">\n<ul>\n<li>Periodisme a l\u2019escola<\/li>\n<li>Llenguatge escrit i elaboraci\u00f3 de not\u00edcies<\/li>\n<li>Llenguatge oral i r\u00e0dio<\/li>\n<li>Llenguatge audiovisual<\/li>\n<\/ul>\n<\/li>\n<\/ul>\n<\/li>\n<\/ul>\n<table style=\"border-collapse: collapse; width: 100%;\">\n<tbody>\n<tr>\n<td style=\"width: 100%; background-color: #d86e3e;\"><strong>Inscripci\u00f3<\/strong><\/td>\n<\/tr>\n<\/tbody>\n<\/table>\n<p>Podeu demanar m\u00e9s informaci\u00f3 emplenant el formulari\u00a0<a href=\"https:\/\/docs.google.com\/forms\/d\/e\/1FAIpQLSfM8TnvJQeltOrW00RnMR4j_tXBPWYqYyN5MtC1BXD_Egrr1A\/viewform\" target=\"_blank\" rel=\"noopener\"><em>Inter\u00e8s a participar en el projecte Canal de reporters<\/em><\/a>.<\/p>\n<ul>\n<li style=\"list-style-type: none;\">\n<ul>\n<li style=\"list-style-type: none;\">\n<ul>\n<li>Posteriorment rebreu informaci\u00f3 detallada i l\u2019enlla\u00e7 a la inscripci\u00f3 a la formaci\u00f3 d\u2019estiu que es far\u00e0 entre els dies 11 i 15 de juliol, amb una\u00a0durada de 30 hores: 20 hores s\u00edncrones i 10 hores d\u2019altres requisits (no calen coneixements previs)<\/li>\n<li>Aquesta formaci\u00f3 ser\u00e0 virtual i s\u00edncrona i estar\u00e0 adre\u00e7ada a docents de totes les etapes educatives interessats a dur a terme el projecte al seu centre.<\/li>\n<li>La proposta t\u00e9 un car\u00e0cter coral i es recomana la participaci\u00f3 de m\u00e9s d\u2019un docent del mateix centre<\/li>\n<\/ul>\n<\/li>\n<\/ul>\n<\/li>\n<\/ul>\n<table style=\"border-collapse: collapse; width: 100%; height: 30px;\">\n<tbody>\n<tr style=\"height: 30px;\">\n<td style=\"width: 100%; background-color: #d86e3e; height: 30px;\"><strong>Enlla\u00e7os per a saber-ne m\u00e9s\u00a0 [cliqueu damunt les imatges]<\/strong><\/td>\n<\/tr>\n<\/tbody>\n<\/table>\n<p>&nbsp;<\/p>\n<table style=\"border-collapse: collapse; width: 58.0739%;\">\n<tbody>\n<tr>\n<td style=\"width: 20.8786%;\"><a href=\"https:\/\/projectes.xtec.cat\/canaldereporters\/\"><img loading=\"lazy\" decoding=\"async\" class=\"alignnone\" src=\"https:\/\/agora.xtec.cat\/ceip-sant-domenec-la-rapita\/wp-content\/uploads\/usu686\/2022\/01\/Captura-de-Pantalla-2022-01-19-a-les-10.46.24.png\" alt=\"CANAL DE REPORTERS | ESC Sant Dom\u00e8nec\" width=\"234\" height=\"153\" \/><\/a><\/p>\n<p>[Nodes del projecte]<\/td>\n<td style=\"width: 17.0124%;\"><a href=\"https:\/\/www.educac.cat\/actualitat\/canal-reporters\"><img loading=\"lazy\" decoding=\"async\" class=\"alignnone\" src=\"https:\/\/www.educac.cat\/sites\/default\/files\/eduCAC_logo.png\" alt=\"Educaci\u00f3 audiovisual | eduCAC\" width=\"144\" height=\"85\" \/><\/a><\/td>\n<td style=\"width: 20.1828%;\"><a href=\"https:\/\/www.plataformaeducaciomediatica.cat\/\"><img loading=\"lazy\" decoding=\"async\" class=\"alignnone\" src=\"https:\/\/www.educac.cat\/sites\/default\/files\/PEM_logotip_negre_131h.jpg\" alt=\"\" width=\"228\" height=\"131\" \/><\/a><\/td>\n<\/tr>\n<\/tbody>\n<\/table>\n<p>&nbsp;<\/p>\n<p>&nbsp;<\/p>\n<p>&nbsp;<\/p>\n<p>&nbsp;<\/p>\n<p>&nbsp;<\/p>\n<p>&nbsp;<\/p>\n","protected":false},"excerpt":{"rendered":"<p>periodisme <\/p>\n","protected":false},"author":1,"featured_media":7947,"comment_status":"open","ping_status":"closed","sticky":false,"template":"","format":"standard","meta":{"_bbp_topic_count":0,"_bbp_reply_count":0,"_bbp_total_topic_count":0,"_bbp_total_reply_count":0,"_bbp_voice_count":0,"_bbp_anonymous_reply_count":0,"_bbp_topic_count_hidden":0,"_bbp_reply_count_hidden":0,"_bbp_forum_subforum_count":0,"site-sidebar-layout":"default","site-content-layout":"","ast-site-content-layout":"","site-content-style":"default","site-sidebar-style":"default","ast-global-header-display":"","ast-banner-title-visibility":"","ast-main-header-display":"","ast-hfb-above-header-display":"","ast-hfb-below-header-display":"","ast-hfb-mobile-header-display":"","site-post-title":"","ast-breadcrumbs-content":"","ast-featured-img":"","footer-sml-layout":"","theme-transparent-header-meta":"","adv-header-id-meta":"","stick-header-meta":"","header-above-stick-meta":"","header-main-stick-meta":"","header-below-stick-meta":"","astra-migrate-meta-layouts":"default","ast-page-background-enabled":"default","ast-page-background-meta":{"desktop":{"background-color":"var(--ast-global-color-4)","background-image":"","background-repeat":"repeat","background-position":"center center","background-size":"auto","background-attachment":"scroll","background-type":"","background-media":"","overlay-type":"","overlay-color":"","overlay-opacity":"","overlay-gradient":""},"tablet":{"background-color":"","background-image":"","background-repeat":"repeat","background-position":"center center","background-size":"auto","background-attachment":"scroll","background-type":"","background-media":"","overlay-type":"","overlay-color":"","overlay-opacity":"","overlay-gradient":""},"mobile":{"background-color":"","background-image":"","background-repeat":"repeat","background-position":"center center","background-size":"auto","background-attachment":"scroll","background-type":"","background-media":"","overlay-type":"","overlay-color":"","overlay-opacity":"","overlay-gradient":""}},"ast-content-background-meta":{"desktop":{"background-color":"var(--ast-global-color-5)","background-image":"","background-repeat":"repeat","background-position":"center center","background-size":"auto","background-attachment":"scroll","background-type":"","background-media":"","overlay-type":"","overlay-color":"","overlay-opacity":"","overlay-gradient":""},"tablet":{"background-color":"var(--ast-global-color-5)","background-image":"","background-repeat":"repeat","background-position":"center center","background-size":"auto","background-attachment":"scroll","background-type":"","background-media":"","overlay-type":"","overlay-color":"","overlay-opacity":"","overlay-gradient":""},"mobile":{"background-color":"var(--ast-global-color-5)","background-image":"","background-repeat":"repeat","background-position":"center center","background-size":"auto","background-attachment":"scroll","background-type":"","background-media":"","overlay-type":"","overlay-color":"","overlay-opacity":"","overlay-gradient":""}},"footnotes":""},"categories":[503,1,29,347],"tags":[522],"class_list":["post-7941","post","type-post","status-publish","format-standard","has-post-thumbnail","hentry","category-elic","category-general","category-portada","category-recursos-a","tag-canal-reporter"],"post_mailing_queue_ids":[],"_links":{"self":[{"href":"https:\/\/serveiseducatius.xtec.cat\/santmarti\/wp-json\/wp\/v2\/posts\/7941","targetHints":{"allow":["GET"]}}],"collection":[{"href":"https:\/\/serveiseducatius.xtec.cat\/santmarti\/wp-json\/wp\/v2\/posts"}],"about":[{"href":"https:\/\/serveiseducatius.xtec.cat\/santmarti\/wp-json\/wp\/v2\/types\/post"}],"author":[{"embeddable":true,"href":"https:\/\/serveiseducatius.xtec.cat\/santmarti\/wp-json\/wp\/v2\/users\/1"}],"replies":[{"embeddable":true,"href":"https:\/\/serveiseducatius.xtec.cat\/santmarti\/wp-json\/wp\/v2\/comments?post=7941"}],"version-history":[{"count":2,"href":"https:\/\/serveiseducatius.xtec.cat\/santmarti\/wp-json\/wp\/v2\/posts\/7941\/revisions"}],"predecessor-version":[{"id":7946,"href":"https:\/\/serveiseducatius.xtec.cat\/santmarti\/wp-json\/wp\/v2\/posts\/7941\/revisions\/7946"}],"wp:featuredmedia":[{"embeddable":true,"href":"https:\/\/serveiseducatius.xtec.cat\/santmarti\/wp-json\/wp\/v2\/media\/7947"}],"wp:attachment":[{"href":"https:\/\/serveiseducatius.xtec.cat\/santmarti\/wp-json\/wp\/v2\/media?parent=7941"}],"wp:term":[{"taxonomy":"category","embeddable":true,"href":"https:\/\/serveiseducatius.xtec.cat\/santmarti\/wp-json\/wp\/v2\/categories?post=7941"},{"taxonomy":"post_tag","embeddable":true,"href":"https:\/\/serveiseducatius.xtec.cat\/santmarti\/wp-json\/wp\/v2\/tags?post=7941"}],"curies":[{"name":"wp","href":"https:\/\/api.w.org\/{rel}","templated":true}]}}