{"id":7441,"date":"2022-03-29T12:31:57","date_gmt":"2022-03-29T10:31:57","guid":{"rendered":"https:\/\/serveiseducatius.xtec.cat\/santmarti\/?p=7441"},"modified":"2022-07-04T09:08:14","modified_gmt":"2022-07-04T07:08:14","slug":"cicle-de-conferencies-2","status":"publish","type":"post","link":"https:\/\/serveiseducatius.xtec.cat\/santmarti\/general\/cicle-de-conferencies-2\/","title":{"rendered":"Cicle de confer\u00e8ncies"},"content":{"rendered":"<p>El proper 31 de mar\u00e7, tindr\u00e0 lloc la confer\u00e8ncia:<\/p>\n<p><span style=\"color: #ff6600;\"><strong>COM APRENEM PER APRENDRE D&#8217;UNA MANERA M\u00c9S PROFUNDA I AMB M\u00c9S SENTIT<\/strong><\/span>, a c\u00e0rrec de l&#8217;<strong>Anna For\u00e9s<\/strong> Doctora en Filosofia i Ci\u00e8ncies de la Educaci\u00f3,\u00a0 Llicenciada en Pedagogia per la Universitat de Barcelona i Directora del postgrau de Neuroeducaci\u00f3 de la Universitat de Barcelona. A la confer\u00e8ncia hi intervindran membres de la comunitat educativa:<span style=\"font-family: tahoma, sans-serif;\">\u00a0la<\/span>\u00a0Maria Rodr\u00edguez\u00a0<b>mare<\/b>\u00a0<b>de l&#8217;escola<\/b>\u00a0Bogatell; la\u00a0Noem\u00ed Artigas,\u00a0<b>cap d&#8217;estudis<\/b>\u00a0de l&#8217;escola Fluvi\u00e0; en Julio P\u00e9rez,\u00a0<b>coordinador pedag\u00f2gic<\/b>\u00a0de l&#8217;Institut Bernat Metge; i l&#8217;Albert Estany,\u00a0<b>pare de l&#8217;institut<\/b>\u00a0Caterina Albert.<\/p>\n<p><strong>Podeu seguir la confer\u00e8ncia des del reproductor que trobar\u00e0s a continuaci\u00f3:<\/strong><\/p>\n<p><iframe loading=\"lazy\" title=\"YouTube video player\" src=\"\/\/www.youtube.com\/embed\/XXf5wMRu5Lo\" width=\"560\" height=\"315\" frameborder=\"0\" allowfullscreen=\"allowfullscreen\"><\/iframe><\/p>\n<p><strong>O des del nostre canal de Telegram<\/strong>:<strong><a href=\"https:\/\/t.me\/SE_Sant_Marti\"> https:\/\/t.me\/SE_Sant_Marti<\/a><\/strong><\/p>\n<p>At\u00e8s que volem que <span style=\"font-family: inherit; font-size: 1em;\">la vostra participaci\u00f3 tingui un paper molt important, hem obert <\/span>un q\u00fcestionari<span style=\"font-family: inherit; font-size: 1em;\"> on recollir les preguntes que sobre el tema voleu que respongui la conferenciant i\/o els diferents contertulians\/-es<\/span><\/p>\n<p>El formulari es tancar\u00e0 <strong>dilluns 28<\/strong> a les <strong>9 del mat\u00ed<\/strong>.<\/p>\n<p><iframe loading=\"lazy\" src=\"https:\/\/docs.google.com\/forms\/d\/e\/1FAIpQLSfhmwmzojQgbgTIA9ZHtXnRwh9ub-hqzt01moJcRwcvBi-mIQ\/viewform?embedded=true\" width=\"640\" height=\"1175\" frameborder=\"0\" marginwidth=\"0\" marginheight=\"0\">S&#8217;est\u00e0 carregant\u2026<\/iframe><\/p>\n","protected":false},"excerpt":{"rendered":"<p>per saber-ne m\u00e9s<\/p>\n","protected":false},"author":1,"featured_media":7442,"comment_status":"open","ping_status":"closed","sticky":false,"template":"","format":"standard","meta":{"_bbp_topic_count":0,"_bbp_reply_count":0,"_bbp_total_topic_count":0,"_bbp_total_reply_count":0,"_bbp_voice_count":0,"_bbp_anonymous_reply_count":0,"_bbp_topic_count_hidden":0,"_bbp_reply_count_hidden":0,"_bbp_forum_subforum_count":0,"site-sidebar-layout":"default","site-content-layout":"","ast-site-content-layout":"","site-content-style":"default","site-sidebar-style":"default","ast-global-header-display":"","ast-banner-title-visibility":"","ast-main-header-display":"","ast-hfb-above-header-display":"","ast-hfb-below-header-display":"","ast-hfb-mobile-header-display":"","site-post-title":"","ast-breadcrumbs-content":"","ast-featured-img":"","footer-sml-layout":"","theme-transparent-header-meta":"","adv-header-id-meta":"","stick-header-meta":"","header-above-stick-meta":"","header-main-stick-meta":"","header-below-stick-meta":"","astra-migrate-meta-layouts":"default","ast-page-background-enabled":"default","ast-page-background-meta":{"desktop":{"background-color":"var(--ast-global-color-4)","background-image":"","background-repeat":"repeat","background-position":"center center","background-size":"auto","background-attachment":"scroll","background-type":"","background-media":"","overlay-type":"","overlay-color":"","overlay-opacity":"","overlay-gradient":""},"tablet":{"background-color":"","background-image":"","background-repeat":"repeat","background-position":"center center","background-size":"auto","background-attachment":"scroll","background-type":"","background-media":"","overlay-type":"","overlay-color":"","overlay-opacity":"","overlay-gradient":""},"mobile":{"background-color":"","background-image":"","background-repeat":"repeat","background-position":"center center","background-size":"auto","background-attachment":"scroll","background-type":"","background-media":"","overlay-type":"","overlay-color":"","overlay-opacity":"","overlay-gradient":""}},"ast-content-background-meta":{"desktop":{"background-color":"var(--ast-global-color-5)","background-image":"","background-repeat":"repeat","background-position":"center center","background-size":"auto","background-attachment":"scroll","background-type":"","background-media":"","overlay-type":"","overlay-color":"","overlay-opacity":"","overlay-gradient":""},"tablet":{"background-color":"var(--ast-global-color-5)","background-image":"","background-repeat":"repeat","background-position":"center center","background-size":"auto","background-attachment":"scroll","background-type":"","background-media":"","overlay-type":"","overlay-color":"","overlay-opacity":"","overlay-gradient":""},"mobile":{"background-color":"var(--ast-global-color-5)","background-image":"","background-repeat":"repeat","background-position":"center center","background-size":"auto","background-attachment":"scroll","background-type":"","background-media":"","overlay-type":"","overlay-color":"","overlay-opacity":"","overlay-gradient":""}},"footnotes":""},"categories":[1,29],"tags":[496,526],"class_list":["post-7441","post","type-post","status-publish","format-standard","has-post-thumbnail","hentry","category-general","category-portada","tag-conferencies","tag-des-de-la-cadira"],"post_mailing_queue_ids":[],"_links":{"self":[{"href":"https:\/\/serveiseducatius.xtec.cat\/santmarti\/wp-json\/wp\/v2\/posts\/7441","targetHints":{"allow":["GET"]}}],"collection":[{"href":"https:\/\/serveiseducatius.xtec.cat\/santmarti\/wp-json\/wp\/v2\/posts"}],"about":[{"href":"https:\/\/serveiseducatius.xtec.cat\/santmarti\/wp-json\/wp\/v2\/types\/post"}],"author":[{"embeddable":true,"href":"https:\/\/serveiseducatius.xtec.cat\/santmarti\/wp-json\/wp\/v2\/users\/1"}],"replies":[{"embeddable":true,"href":"https:\/\/serveiseducatius.xtec.cat\/santmarti\/wp-json\/wp\/v2\/comments?post=7441"}],"version-history":[{"count":6,"href":"https:\/\/serveiseducatius.xtec.cat\/santmarti\/wp-json\/wp\/v2\/posts\/7441\/revisions"}],"predecessor-version":[{"id":7671,"href":"https:\/\/serveiseducatius.xtec.cat\/santmarti\/wp-json\/wp\/v2\/posts\/7441\/revisions\/7671"}],"wp:featuredmedia":[{"embeddable":true,"href":"https:\/\/serveiseducatius.xtec.cat\/santmarti\/wp-json\/wp\/v2\/media\/7442"}],"wp:attachment":[{"href":"https:\/\/serveiseducatius.xtec.cat\/santmarti\/wp-json\/wp\/v2\/media?parent=7441"}],"wp:term":[{"taxonomy":"category","embeddable":true,"href":"https:\/\/serveiseducatius.xtec.cat\/santmarti\/wp-json\/wp\/v2\/categories?post=7441"},{"taxonomy":"post_tag","embeddable":true,"href":"https:\/\/serveiseducatius.xtec.cat\/santmarti\/wp-json\/wp\/v2\/tags?post=7441"}],"curies":[{"name":"wp","href":"https:\/\/api.w.org\/{rel}","templated":true}]}}