{"id":6371,"date":"2021-09-16T15:52:41","date_gmt":"2021-09-16T13:52:41","guid":{"rendered":"https:\/\/serveiseducatius.xtec.cat\/santmarti\/?p=6371"},"modified":"2021-09-27T10:25:02","modified_gmt":"2021-09-27T08:25:02","slug":"treball-de-recerca-21-22","status":"publish","type":"post","link":"https:\/\/serveiseducatius.xtec.cat\/santmarti\/general\/treball-de-recerca-21-22\/","title":{"rendered":"Treball de Recerca 21-22"},"content":{"rendered":"<p style=\"font-weight: 400;\"><a href=\"https:\/\/serveiseducatius.xtec.cat\/santmarti\/wp-content\/uploads\/usu785\/2021\/09\/Naranja-Pinceladas-Acuarela-General-Felicitacion-Dia-de-la-Madre-Enmarcado-Lamina-scaled.jpg\"><img loading=\"lazy\" decoding=\"async\" class=\"wp-image-6372 alignleft\" src=\"https:\/\/serveiseducatius.xtec.cat\/santmarti\/wp-content\/uploads\/usu785\/2021\/09\/Naranja-Pinceladas-Acuarela-General-Felicitacion-Dia-de-la-Madre-Enmarcado-Lamina-723x1024.jpg\" alt=\"\" width=\"250\" height=\"354\" srcset=\"https:\/\/serveiseducatius.xtec.cat\/santmarti\/wp-content\/uploads\/usu785\/2021\/09\/Naranja-Pinceladas-Acuarela-General-Felicitacion-Dia-de-la-Madre-Enmarcado-Lamina-723x1024.jpg 723w, https:\/\/serveiseducatius.xtec.cat\/santmarti\/wp-content\/uploads\/usu785\/2021\/09\/Naranja-Pinceladas-Acuarela-General-Felicitacion-Dia-de-la-Madre-Enmarcado-Lamina-212x300.jpg 212w, https:\/\/serveiseducatius.xtec.cat\/santmarti\/wp-content\/uploads\/usu785\/2021\/09\/Naranja-Pinceladas-Acuarela-General-Felicitacion-Dia-de-la-Madre-Enmarcado-Lamina-768x1088.jpg 768w, https:\/\/serveiseducatius.xtec.cat\/santmarti\/wp-content\/uploads\/usu785\/2021\/09\/Naranja-Pinceladas-Acuarela-General-Felicitacion-Dia-de-la-Madre-Enmarcado-Lamina-1085x1536.jpg 1085w, https:\/\/serveiseducatius.xtec.cat\/santmarti\/wp-content\/uploads\/usu785\/2021\/09\/Naranja-Pinceladas-Acuarela-General-Felicitacion-Dia-de-la-Madre-Enmarcado-Lamina-1446x2048.jpg 1446w, https:\/\/serveiseducatius.xtec.cat\/santmarti\/wp-content\/uploads\/usu785\/2021\/09\/Naranja-Pinceladas-Acuarela-General-Felicitacion-Dia-de-la-Madre-Enmarcado-Lamina-scaled.jpg 1808w\" sizes=\"auto, (max-width: 250px) 100vw, 250px\" \/><\/a><\/p>\n<p>&nbsp;<\/p>\n<p>Per tal de donar resposta a les necessitats detectades durant la passada edici\u00f3 de la Mostra de Recerca, us informem que teniu a la vostra disposici\u00f3 una formaci\u00f3 adre\u00e7ada als tutors\/es de TR que t\u00e9 com objectiu mostrar diferents estrat\u00e8gies que puguin facilitar-ne el seu acompanyament.<\/p>\n<p>L\u2019activitat s\u2019ha creat dins de la formaci\u00f3 de Servei Educatiu de Gr\u00e0cia i Les Corts i est\u00e0 previst que s\u2019inici\u00ef el<strong>\u00a019 d\u2019octubre .\u00a0<\/strong>Podeu inscriure-us a l\u2019enlla\u00e7 de sota:<\/p>\n<p style=\"text-align: center;\"><strong>1001290511-<a href=\"https:\/\/eur03.safelinks.protection.outlook.com\/?url=https%3A%2F%2Faplicacions.ensenyament.gencat.cat%2Fpls%2Fsoloas%2Fpk_for_mod_ins.p_for_detall_activitat%3Fp_header%3DLlista%2520d%2527activitats%255epk_for_mod_ins.p_for_cons_activitats%3Fp_any%3D2021-2022%2526p_totes%3DN%2526p_desc%3Dbatxillerat%2526p_inici%3D1%2526p_excloure_crp_rec%3DT%26p_codi%3D1001290511%26p_curs%3D2021-2022%26p_excloure_crp_rec%3DT&amp;data=04%7C01%7Csnavarro.ceb%40gencat.cat%7C9adb5992b42d4ad7fda008d976b0a6d6%7C3b9427dcd30e43bc8c06ff7253676fec%7C1%7C0%7C637671323340919785%7CUnknown%7CTWFpbGZsb3d8eyJWIjoiMC4wLjAwMDAiLCJQIjoiV2luMzIiLCJBTiI6Ik1haWwiLCJXVCI6Mn0%3D%7C1000&amp;sdata=Kg3kIHsS5IEKEJe6E6u1qYONcdC1U6TAsPFch93GMs0%3D&amp;reserved=0\" data-saferedirecturl=\"https:\/\/www.google.com\/url?q=https:\/\/eur03.safelinks.protection.outlook.com\/?url%3Dhttps%253A%252F%252Faplicacions.ensenyament.gencat.cat%252Fpls%252Fsoloas%252Fpk_for_mod_ins.p_for_detall_activitat%253Fp_header%253DLlista%252520d%252527activitats%25255epk_for_mod_ins.p_for_cons_activitats%253Fp_any%253D2021-2022%252526p_totes%253DN%252526p_desc%253Dbatxillerat%252526p_inici%253D1%252526p_excloure_crp_rec%253DT%2526p_codi%253D1001290511%2526p_curs%253D2021-2022%2526p_excloure_crp_rec%253DT%26data%3D04%257C01%257Csnavarro.ceb%2540gencat.cat%257C9adb5992b42d4ad7fda008d976b0a6d6%257C3b9427dcd30e43bc8c06ff7253676fec%257C1%257C0%257C637671323340919785%257CUnknown%257CTWFpbGZsb3d8eyJWIjoiMC4wLjAwMDAiLCJQIjoiV2luMzIiLCJBTiI6Ik1haWwiLCJXVCI6Mn0%253D%257C1000%26sdata%3DKg3kIHsS5IEKEJe6E6u1qYONcdC1U6TAsPFch93GMs0%253D%26reserved%3D0&amp;source=gmail&amp;ust=1631879040125000&amp;usg=AFQjCNEfItSsuVBvWARyidU_EzvIa7qs1w\">La tutoria del treball de recerca al Batxillerat: Eines de seguiment i avaluaci\u00f3<\/a><\/strong><\/p>\n<p>Tanmateix, recordar que abans de l\u2019estiu es va actualitzar la <a href=\"https:\/\/www.edubcn.cat\/ca\/suport_educatiu_recursos\/plans_programes\/impuls_recerca\/recursos_tr\" data-saferedirecturl=\"https:\/\/www.google.com\/url?q=https:\/\/www.edubcn.cat\/ca\/suport_educatiu_recursos\/plans_programes\/impuls_recerca\/recursos_tr&amp;source=gmail&amp;ust=1631879040125000&amp;usg=AFQjCNELuOXNO-itkF57Bgp9a9JKlQsuWg\">p\u00e0gina web del CEB<\/a> amb recursos per als Treballs de Recerca, i que tal vegada poden ser de la vostra utilitat.<\/p>\n","protected":false},"excerpt":{"rendered":"<p>19 d&#8217;octubre: formaci\u00f3 TR<\/p>\n","protected":false},"author":1,"featured_media":6372,"comment_status":"open","ping_status":"closed","sticky":false,"template":"","format":"standard","meta":{"_bbp_topic_count":0,"_bbp_reply_count":0,"_bbp_total_topic_count":0,"_bbp_total_reply_count":0,"_bbp_voice_count":0,"_bbp_anonymous_reply_count":0,"_bbp_topic_count_hidden":0,"_bbp_reply_count_hidden":0,"_bbp_forum_subforum_count":0,"site-sidebar-layout":"default","site-content-layout":"","ast-site-content-layout":"","site-content-style":"default","site-sidebar-style":"default","ast-global-header-display":"","ast-banner-title-visibility":"","ast-main-header-display":"","ast-hfb-above-header-display":"","ast-hfb-below-header-display":"","ast-hfb-mobile-header-display":"","site-post-title":"","ast-breadcrumbs-content":"","ast-featured-img":"","footer-sml-layout":"","theme-transparent-header-meta":"","adv-header-id-meta":"","stick-header-meta":"","header-above-stick-meta":"","header-main-stick-meta":"","header-below-stick-meta":"","astra-migrate-meta-layouts":"default","ast-page-background-enabled":"default","ast-page-background-meta":{"desktop":{"background-color":"var(--ast-global-color-4)","background-image":"","background-repeat":"repeat","background-position":"center center","background-size":"auto","background-attachment":"scroll","background-type":"","background-media":"","overlay-type":"","overlay-color":"","overlay-opacity":"","overlay-gradient":""},"tablet":{"background-color":"","background-image":"","background-repeat":"repeat","background-position":"center center","background-size":"auto","background-attachment":"scroll","background-type":"","background-media":"","overlay-type":"","overlay-color":"","overlay-opacity":"","overlay-gradient":""},"mobile":{"background-color":"","background-image":"","background-repeat":"repeat","background-position":"center center","background-size":"auto","background-attachment":"scroll","background-type":"","background-media":"","overlay-type":"","overlay-color":"","overlay-opacity":"","overlay-gradient":""}},"ast-content-background-meta":{"desktop":{"background-color":"var(--ast-global-color-5)","background-image":"","background-repeat":"repeat","background-position":"center center","background-size":"auto","background-attachment":"scroll","background-type":"","background-media":"","overlay-type":"","overlay-color":"","overlay-opacity":"","overlay-gradient":""},"tablet":{"background-color":"var(--ast-global-color-5)","background-image":"","background-repeat":"repeat","background-position":"center center","background-size":"auto","background-attachment":"scroll","background-type":"","background-media":"","overlay-type":"","overlay-color":"","overlay-opacity":"","overlay-gradient":""},"mobile":{"background-color":"var(--ast-global-color-5)","background-image":"","background-repeat":"repeat","background-position":"center center","background-size":"auto","background-attachment":"scroll","background-type":"","background-media":"","overlay-type":"","overlay-color":"","overlay-opacity":"","overlay-gradient":""}},"footnotes":""},"categories":[353,350,1,29],"tags":[426],"class_list":["post-6371","post","type-post","status-publish","format-standard","has-post-thumbnail","hentry","category-capacitacio","category-dinamitzacio","category-general","category-portada","tag-tr"],"post_mailing_queue_ids":[],"_links":{"self":[{"href":"https:\/\/serveiseducatius.xtec.cat\/santmarti\/wp-json\/wp\/v2\/posts\/6371","targetHints":{"allow":["GET"]}}],"collection":[{"href":"https:\/\/serveiseducatius.xtec.cat\/santmarti\/wp-json\/wp\/v2\/posts"}],"about":[{"href":"https:\/\/serveiseducatius.xtec.cat\/santmarti\/wp-json\/wp\/v2\/types\/post"}],"author":[{"embeddable":true,"href":"https:\/\/serveiseducatius.xtec.cat\/santmarti\/wp-json\/wp\/v2\/users\/1"}],"replies":[{"embeddable":true,"href":"https:\/\/serveiseducatius.xtec.cat\/santmarti\/wp-json\/wp\/v2\/comments?post=6371"}],"version-history":[{"count":3,"href":"https:\/\/serveiseducatius.xtec.cat\/santmarti\/wp-json\/wp\/v2\/posts\/6371\/revisions"}],"predecessor-version":[{"id":6379,"href":"https:\/\/serveiseducatius.xtec.cat\/santmarti\/wp-json\/wp\/v2\/posts\/6371\/revisions\/6379"}],"wp:featuredmedia":[{"embeddable":true,"href":"https:\/\/serveiseducatius.xtec.cat\/santmarti\/wp-json\/wp\/v2\/media\/6372"}],"wp:attachment":[{"href":"https:\/\/serveiseducatius.xtec.cat\/santmarti\/wp-json\/wp\/v2\/media?parent=6371"}],"wp:term":[{"taxonomy":"category","embeddable":true,"href":"https:\/\/serveiseducatius.xtec.cat\/santmarti\/wp-json\/wp\/v2\/categories?post=6371"},{"taxonomy":"post_tag","embeddable":true,"href":"https:\/\/serveiseducatius.xtec.cat\/santmarti\/wp-json\/wp\/v2\/tags?post=6371"}],"curies":[{"name":"wp","href":"https:\/\/api.w.org\/{rel}","templated":true}]}}