{"id":6303,"date":"2021-06-28T12:54:24","date_gmt":"2021-06-28T10:54:24","guid":{"rendered":"http:\/\/serveiseducatius.xtec.cat\/santmarti\/?p=6303"},"modified":"2021-06-28T12:54:46","modified_gmt":"2021-06-28T10:54:46","slug":"sessio-plenaria-de-transformacio-educativa","status":"publish","type":"post","link":"https:\/\/serveiseducatius.xtec.cat\/santmarti\/portada\/sessio-plenaria-de-transformacio-educativa\/","title":{"rendered":"Sessi\u00f3 Plen\u00e0ria de Transformaci\u00f3 Educativa"},"content":{"rendered":"<div style=\"font-family: Arial, Helvetica, sans-serif; font-size: small;\">\n<div>Benvolgudes i benvolguts,<\/div>\n<div><\/div>\n<div>El proper\u00a0<b>dilluns 28 de juny<\/b>\u00a0tindr\u00e0 lloc la\u00a0<b>Sessi\u00f3 Plen\u00e0ria de Transformaci\u00f3 Educativa<\/b>\u00a0del Consorci d&#8217;Educaci\u00f3 de Barcelona amb els seg\u00fcents continguts;<\/div>\n<div><\/div>\n<div>&#8211; Tindrem una conversa en directe entre la Dra. Anna Jolonch i el Boris Mir, com a referents externs que han participat enguany a les Xarxes per al Canvi en els blocs espec\u00edfics de lideratge pedag\u00f2gic i capacitaci\u00f3 dels equips impulsors respectivament.<\/div>\n<div><\/div>\n<div><span style=\"color: #000000;\">&#8211; S&#8217;exposaran els resultats de la recerca &#8220;Avan\u00e7ant cap un model de mentoratge per a la Transformaci\u00f3 Educativa: qu\u00e8 hem apr\u00e8s de la primera etapa d\u2019Eines per al Canvi?&#8221; Ens ho explicar\u00e0 de primera m\u00e0 la Dra. Marta Comas.<\/span><\/div>\n<div><span style=\"color: #000000;\">\u00a0<\/span><\/div>\n<div><span style=\"color: #000000;\">&#8211; Per cloure la sessi\u00f3, donarem la veu a la comunitat educativa a trav\u00e9s d&#8217;escoltar diverses experi\u00e8ncies personals en relaci\u00f3 als processos de Transformaci\u00f3 Educativa que s&#8217;estan duent a terme als seus centres.<\/span><\/div>\n<\/div>\n<div style=\"font-family: Arial, Helvetica, sans-serif; font-size: small;\"><span style=\"color: #000000;\">\u00a0<\/span><\/div>\n<div style=\"font-family: Arial, Helvetica, sans-serif; font-size: small;\"><span style=\"color: #000000;\">A la plen\u00e0ria ens acompanyaran la Merc\u00e8 Massa, gerent del Consorci d&#8217;Educaci\u00f3 de Barcelona i la Rosa Artigal, directora de l&#8217;\u00e0rea d&#8217;Acci\u00f3 Educativa.<\/span><\/div>\n<div style=\"font-family: Arial, Helvetica, sans-serif; font-size: small;\">\n<div>Aquest acte tindr\u00e0 lloc:<\/div>\n<div><\/div>\n<ul style=\"color: #500050;\">\n<li style=\"margin-left: 15px;\"><span style=\"color: #000000;\">Dia: dilluns 28 de juny.<\/span><\/li>\n<li style=\"margin-left: 15px;\"><span style=\"color: #000000;\">Hora: de les 13h\u00a0 a\u00a0 les 14h.<\/span><\/li>\n<li style=\"margin-left: 15px;\"><span style=\"color: #000000;\">Enlla\u00e7 al canal de Youtube<\/span><span style=\"color: #500050;\">:\u00a0\u00a0<\/span>\u00a0<a style=\"color: #1155cc; font-family: Arial, sans-serif; font-size: 13.3333px;\" href=\"https:\/\/youtu.be\/HlIIcN3I8bc\" target=\"_blank\" rel=\"noopener noreferrer\" data-saferedirecturl=\"https:\/\/www.google.com\/url?q=https:\/\/youtu.be\/HlIIcN3I8bc&amp;source=gmail&amp;ust=1624963641229000&amp;usg=AFQjCNHX7hHmZOZE-8h0FJGWTCcsvKyiVQ\">https:\/\/youtu.be\/<wbr \/>HlIIcN3I8bc<\/a><span style=\"font-family: Arial, sans-serif; font-size: 13.3333px;\">\u00a0\u00a0<\/span><\/li>\n<\/ul>\n<p><span style=\"color: #000000;\"><br \/>\n<\/span><span style=\"color: #000000;\">Esperem que sigui del vostre inter\u00e8s i poder-nos retrobar en aquest espai com a cloenda d&#8217;aquest curs.<\/span><\/p>\n<\/div>\n","protected":false},"excerpt":{"rendered":"<p>Benvolgudes i benvolguts,<\/p>\n","protected":false},"author":1,"featured_media":6304,"comment_status":"open","ping_status":"closed","sticky":false,"template":"","format":"standard","meta":{"_bbp_topic_count":0,"_bbp_reply_count":0,"_bbp_total_topic_count":0,"_bbp_total_reply_count":0,"_bbp_voice_count":0,"_bbp_anonymous_reply_count":0,"_bbp_topic_count_hidden":0,"_bbp_reply_count_hidden":0,"_bbp_forum_subforum_count":0,"site-sidebar-layout":"default","site-content-layout":"","ast-site-content-layout":"","site-content-style":"default","site-sidebar-style":"default","ast-global-header-display":"","ast-banner-title-visibility":"","ast-main-header-display":"","ast-hfb-above-header-display":"","ast-hfb-below-header-display":"","ast-hfb-mobile-header-display":"","site-post-title":"","ast-breadcrumbs-content":"","ast-featured-img":"","footer-sml-layout":"","theme-transparent-header-meta":"","adv-header-id-meta":"","stick-header-meta":"","header-above-stick-meta":"","header-main-stick-meta":"","header-below-stick-meta":"","astra-migrate-meta-layouts":"default","ast-page-background-enabled":"default","ast-page-background-meta":{"desktop":{"background-color":"var(--ast-global-color-4)","background-image":"","background-repeat":"repeat","background-position":"center center","background-size":"auto","background-attachment":"scroll","background-type":"","background-media":"","overlay-type":"","overlay-color":"","overlay-opacity":"","overlay-gradient":""},"tablet":{"background-color":"","background-image":"","background-repeat":"repeat","background-position":"center center","background-size":"auto","background-attachment":"scroll","background-type":"","background-media":"","overlay-type":"","overlay-color":"","overlay-opacity":"","overlay-gradient":""},"mobile":{"background-color":"","background-image":"","background-repeat":"repeat","background-position":"center center","background-size":"auto","background-attachment":"scroll","background-type":"","background-media":"","overlay-type":"","overlay-color":"","overlay-opacity":"","overlay-gradient":""}},"ast-content-background-meta":{"desktop":{"background-color":"var(--ast-global-color-5)","background-image":"","background-repeat":"repeat","background-position":"center center","background-size":"auto","background-attachment":"scroll","background-type":"","background-media":"","overlay-type":"","overlay-color":"","overlay-opacity":"","overlay-gradient":""},"tablet":{"background-color":"var(--ast-global-color-5)","background-image":"","background-repeat":"repeat","background-position":"center center","background-size":"auto","background-attachment":"scroll","background-type":"","background-media":"","overlay-type":"","overlay-color":"","overlay-opacity":"","overlay-gradient":""},"mobile":{"background-color":"var(--ast-global-color-5)","background-image":"","background-repeat":"repeat","background-position":"center center","background-size":"auto","background-attachment":"scroll","background-type":"","background-media":"","overlay-type":"","overlay-color":"","overlay-opacity":"","overlay-gradient":""}},"footnotes":""},"categories":[29],"tags":[],"class_list":["post-6303","post","type-post","status-publish","format-standard","has-post-thumbnail","hentry","category-portada"],"post_mailing_queue_ids":[],"_links":{"self":[{"href":"https:\/\/serveiseducatius.xtec.cat\/santmarti\/wp-json\/wp\/v2\/posts\/6303","targetHints":{"allow":["GET"]}}],"collection":[{"href":"https:\/\/serveiseducatius.xtec.cat\/santmarti\/wp-json\/wp\/v2\/posts"}],"about":[{"href":"https:\/\/serveiseducatius.xtec.cat\/santmarti\/wp-json\/wp\/v2\/types\/post"}],"author":[{"embeddable":true,"href":"https:\/\/serveiseducatius.xtec.cat\/santmarti\/wp-json\/wp\/v2\/users\/1"}],"replies":[{"embeddable":true,"href":"https:\/\/serveiseducatius.xtec.cat\/santmarti\/wp-json\/wp\/v2\/comments?post=6303"}],"version-history":[{"count":3,"href":"https:\/\/serveiseducatius.xtec.cat\/santmarti\/wp-json\/wp\/v2\/posts\/6303\/revisions"}],"predecessor-version":[{"id":6307,"href":"https:\/\/serveiseducatius.xtec.cat\/santmarti\/wp-json\/wp\/v2\/posts\/6303\/revisions\/6307"}],"wp:featuredmedia":[{"embeddable":true,"href":"https:\/\/serveiseducatius.xtec.cat\/santmarti\/wp-json\/wp\/v2\/media\/6304"}],"wp:attachment":[{"href":"https:\/\/serveiseducatius.xtec.cat\/santmarti\/wp-json\/wp\/v2\/media?parent=6303"}],"wp:term":[{"taxonomy":"category","embeddable":true,"href":"https:\/\/serveiseducatius.xtec.cat\/santmarti\/wp-json\/wp\/v2\/categories?post=6303"},{"taxonomy":"post_tag","embeddable":true,"href":"https:\/\/serveiseducatius.xtec.cat\/santmarti\/wp-json\/wp\/v2\/tags?post=6303"}],"curies":[{"name":"wp","href":"https:\/\/api.w.org\/{rel}","templated":true}]}}