{"id":4598,"date":"2020-04-15T18:03:09","date_gmt":"2020-04-15T16:03:09","guid":{"rendered":"http:\/\/serveiseducatius.xtec.cat\/santmarti\/?p=4598"},"modified":"2020-04-22T15:02:46","modified_gmt":"2020-04-22T13:02:46","slug":"pla-daccio-centres-educatius-en-linia","status":"publish","type":"post","link":"https:\/\/serveiseducatius.xtec.cat\/santmarti\/general\/pla-daccio-centres-educatius-en-linia\/","title":{"rendered":"Pla d&#8217;acci\u00f3 Centres educatius en Linia"},"content":{"rendered":"<h5><a href=\"http:\/\/serveiseducatius.xtec.cat\/santmarti\/general\/pla-daccio-centr\u2026ucatius-en-linia\/\"><img loading=\"lazy\" decoding=\"async\" class=\"wp-image-4602 aligncenter\" src=\"https:\/\/serveiseducatius.xtec.cat\/santmarti\/wp-content\/uploads\/usu785\/2020\/04\/CENTRES-EN-LINIA.jpg\" alt=\"\" width=\"156\" height=\"156\" srcset=\"https:\/\/serveiseducatius.xtec.cat\/santmarti\/wp-content\/uploads\/usu785\/2020\/04\/CENTRES-EN-LINIA.jpg 512w, https:\/\/serveiseducatius.xtec.cat\/santmarti\/wp-content\/uploads\/usu785\/2020\/04\/CENTRES-EN-LINIA-150x150.jpg 150w, https:\/\/serveiseducatius.xtec.cat\/santmarti\/wp-content\/uploads\/usu785\/2020\/04\/CENTRES-EN-LINIA-300x300.jpg 300w\" sizes=\"auto, (max-width: 156px) 100vw, 156px\" \/><\/a><\/h5>\n<h5><a href=\"https:\/\/serveiseducatius.xtec.cat\/santmarti\/general\/pla-daccio-centres-educatius-en-linia\/#more-4598\">Recull de informacions que poden ser \u00fatils del Pla d\u2019acci\u00f3 Centres Educatius en l\u00ednia:<\/a><\/h5>\n<p><!--more--><\/p>\n<table style=\"height: 672px;\">\n<tbody>\n<tr style=\"height: 49px;\">\n<td style=\"width: 241px; height: 49px;\"><strong>Models de propostes did\u00e0ctiques<\/strong><\/td>\n<td style=\"width: 576px; height: 49px;\">El Departament d&#8217;Educaci\u00f3 ofereix <strong><a href=\"http:\/\/xtec.gencat.cat\/ca\/recursos\/actuacio-extraordinaria-activitats-autoaprenentatge\/models-de-propostes-didactiques\/\">models i propostes d&#8217;activitats de diferents nivells i<\/a> <a href=\"http:\/\/xtec.gencat.cat\/ca\/recursos\/actuacio-extraordinaria-activitats-autoaprenentatge\/models-de-propostes-didactiques\/\">\u00e0mbits curriculars<\/a><\/strong> que els ajudin a mantenir l&#8217;activitat formativa en clau competencial.<\/td>\n<\/tr>\n<tr style=\"height: 73px;\">\n<td style=\"width: 241px; height: 73px;\"><strong>Moodle amb exemples i orientacions<\/strong><\/td>\n<td style=\"width: 576px; height: 73px;\">\n<p id=\"yui_3_17_2_1_1587397207818_138\"><a href=\"https:\/\/educaciodigital.cat\/esc-llevant\/moodle\/\"><strong>Cursos del Moodle<\/strong><\/a> que podeu tenir com a exemples en el moment de crear els vostres propis cursos.<\/p>\n<\/td>\n<\/tr>\n<tr style=\"height: 56px;\">\n<td style=\"width: 241px; height: 56px;\"><strong>Videotutorials de\u00a0Moodle Eix<\/strong><\/td>\n<td style=\"width: 576px; height: 56px;\"><a href=\"https:\/\/www.youtube.com\/channel\/UCLsDWVSYhjFYweT-LFbIbwA\"><strong>V\u00eddeos formatius d&#8217;EIX-moodle<\/strong><\/a><\/td>\n<\/tr>\n<tr style=\"height: 232px;\">\n<td style=\"width: 241px; height: 232px;\"><strong>Dubtes relacionats amb Moodle-EIX<\/strong><\/td>\n<td style=\"width: 576px; height: 232px;\">\n<ul>\n<li><a href=\"https:\/\/agora.xtec.cat\/moodle\/moodle\/mod\/forum\/view.php?id=2281\"><strong>F\u00f2rum de suport EIX<\/strong><\/a>, a on hi podeu escriure preguntes,sol\u00b7licitar ajuda o plantejar suggeriments.<\/li>\n<li><a href=\"http:\/\/ateneu.xtec.cat\/wikiform\/wikiexport\/cmd\/tac\/moodle2\/index\"><strong>Materials de suport als cursos telem\u00e0tics\u00a0sobre Moodle<\/strong><\/a>, on trobareu un conjunt important d\u2019informaci\u00f3 sobre l\u2019\u00fas d\u2019aquesta plataforma d\u2019aprenentatge.<\/li>\n<li><a href=\"https:\/\/odissea.xtec.cat\/login\/index.php\"><strong>Aula d\u2019autoaprenentatge<\/strong><\/a> on trobareu pas a pas totes les possibilitats de l\u2019entorn Moodle-EIX.<\/li>\n<li><a href=\"https:\/\/odissea.xtec.cat\/login\/index.php\"><strong>Curs Odissea per a docents<\/strong><\/a>: molt pautat i especificat amb les funcionalitats m\u00e9s b\u00e0siques. \u00c9s d\u2019autoinscripci\u00f3<\/li>\n<li><a href=\"https:\/\/odissea.xtec.cat\/login\/index.php\"><strong>Curs Administraci\u00f3 dels Espais Moodle-Eix<\/strong><\/a><\/li>\n<\/ul>\n<\/td>\n<\/tr>\n<tr style=\"height: 112px;\">\n<td style=\"width: 241px; height: 112px;\"><strong>funcionament de\u00a0CLASSROOM?<\/strong><\/td>\n<td style=\"width: 576px; height: 112px;\">\n<ul>\n<li class=\"gmail_default\"><a href=\"http:\/\/ateneu.xtec.cat\/wikiform\/wikiexport\/cmd\/tac\/lamevaxtec\/google_app_education\/aula\/classroom\/index\"><b>Informaci\u00f3 general<\/b><\/a><\/li>\n<li class=\"gmail_default\"><a href=\"http:\/\/ateneu.xtec.cat\/wikiform\/wikiexport\/cmd\/tac\/lamevaxtec\/google_app_education\/aula\/classroom\/profe\/index\"><b>Classroom com a professor<\/b><\/a><\/li>\n<li class=\"gmail_default\"><a href=\"http:\/\/ateneu.xtec.cat\/wikiform\/wikiexport\/cmd\/tac\/lamevaxtec\/google_app_education\/aula\/classroom\/alumne\"><b>Classroom com a alumne<\/b><\/a><\/li>\n<li class=\"gmail_default\"><b><a href=\"https:\/\/sites.google.com\/xtec.cat\/gsuite\/classroom\">Web de l\u2019 \u00e0rea TAC dels SSTT Catalunya Central<\/a> <\/b><\/li>\n<li class=\"gmail_default\"><a href=\"https:\/\/sites.google.com\/xtec.cat\/gsuite\/com-administrar-lo?authuser=0\"><strong>Administraci\u00f3 del Google Suite for Education<\/strong><\/a><\/li>\n<\/ul>\n<\/td>\n<\/tr>\n<tr style=\"height: 41px;\">\n<td style=\"width: 241px; height: 41px;\"><strong>NODES, web de centre<\/strong><\/td>\n<td style=\"width: 576px; height: 41px;\"><a href=\"https:\/\/agora.xtec.cat\/nodes\/\">Com gestionar i administrar\u00a0<strong>NODES<\/strong>, web de centre?<\/a><\/td>\n<\/tr>\n<tr style=\"height: 16px;\">\n<td style=\"width: 241px; height: 16px;\"><strong>\u00a0#joemquedoacasa<\/strong><\/td>\n<td style=\"width: 576px; height: 16px;\"><a href=\"https:\/\/projectes.xtec.cat\/joemquedoacasa\/\"><strong>Recursos i activitats en l\u00ednia<\/strong>? Nodes<\/a><\/td>\n<\/tr>\n<\/tbody>\n<\/table>\n","protected":false},"excerpt":{"rendered":"<p>Recull de informacions que poden ser \u00fatils del Pla d\u2019acci\u00f3 Centres Educatius en l\u00ednia:<\/p>\n","protected":false},"author":1,"featured_media":0,"comment_status":"closed","ping_status":"closed","sticky":false,"template":"","format":"standard","meta":{"_bbp_topic_count":0,"_bbp_reply_count":0,"_bbp_total_topic_count":0,"_bbp_total_reply_count":0,"_bbp_voice_count":0,"_bbp_anonymous_reply_count":0,"_bbp_topic_count_hidden":0,"_bbp_reply_count_hidden":0,"_bbp_forum_subforum_count":0,"site-sidebar-layout":"default","site-content-layout":"","ast-site-content-layout":"","site-content-style":"default","site-sidebar-style":"default","ast-global-header-display":"","ast-banner-title-visibility":"","ast-main-header-display":"","ast-hfb-above-header-display":"","ast-hfb-below-header-display":"","ast-hfb-mobile-header-display":"","site-post-title":"","ast-breadcrumbs-content":"","ast-featured-img":"","footer-sml-layout":"","theme-transparent-header-meta":"","adv-header-id-meta":"","stick-header-meta":"","header-above-stick-meta":"","header-main-stick-meta":"","header-below-stick-meta":"","astra-migrate-meta-layouts":"default","ast-page-background-enabled":"default","ast-page-background-meta":{"desktop":{"background-color":"var(--ast-global-color-4)","background-image":"","background-repeat":"repeat","background-position":"center center","background-size":"auto","background-attachment":"scroll","background-type":"","background-media":"","overlay-type":"","overlay-color":"","overlay-opacity":"","overlay-gradient":""},"tablet":{"background-color":"","background-image":"","background-repeat":"repeat","background-position":"center center","background-size":"auto","background-attachment":"scroll","background-type":"","background-media":"","overlay-type":"","overlay-color":"","overlay-opacity":"","overlay-gradient":""},"mobile":{"background-color":"","background-image":"","background-repeat":"repeat","background-position":"center center","background-size":"auto","background-attachment":"scroll","background-type":"","background-media":"","overlay-type":"","overlay-color":"","overlay-opacity":"","overlay-gradient":""}},"ast-content-background-meta":{"desktop":{"background-color":"var(--ast-global-color-5)","background-image":"","background-repeat":"repeat","background-position":"center center","background-size":"auto","background-attachment":"scroll","background-type":"","background-media":"","overlay-type":"","overlay-color":"","overlay-opacity":"","overlay-gradient":""},"tablet":{"background-color":"var(--ast-global-color-5)","background-image":"","background-repeat":"repeat","background-position":"center center","background-size":"auto","background-attachment":"scroll","background-type":"","background-media":"","overlay-type":"","overlay-color":"","overlay-opacity":"","overlay-gradient":""},"mobile":{"background-color":"var(--ast-global-color-5)","background-image":"","background-repeat":"repeat","background-position":"center center","background-size":"auto","background-attachment":"scroll","background-type":"","background-media":"","overlay-type":"","overlay-color":"","overlay-opacity":"","overlay-gradient":""}},"footnotes":""},"categories":[1,29],"tags":[],"class_list":["post-4598","post","type-post","status-publish","format-standard","hentry","category-general","category-portada"],"post_mailing_queue_ids":[],"_links":{"self":[{"href":"https:\/\/serveiseducatius.xtec.cat\/santmarti\/wp-json\/wp\/v2\/posts\/4598","targetHints":{"allow":["GET"]}}],"collection":[{"href":"https:\/\/serveiseducatius.xtec.cat\/santmarti\/wp-json\/wp\/v2\/posts"}],"about":[{"href":"https:\/\/serveiseducatius.xtec.cat\/santmarti\/wp-json\/wp\/v2\/types\/post"}],"author":[{"embeddable":true,"href":"https:\/\/serveiseducatius.xtec.cat\/santmarti\/wp-json\/wp\/v2\/users\/1"}],"replies":[{"embeddable":true,"href":"https:\/\/serveiseducatius.xtec.cat\/santmarti\/wp-json\/wp\/v2\/comments?post=4598"}],"version-history":[{"count":3,"href":"https:\/\/serveiseducatius.xtec.cat\/santmarti\/wp-json\/wp\/v2\/posts\/4598\/revisions"}],"predecessor-version":[{"id":4614,"href":"https:\/\/serveiseducatius.xtec.cat\/santmarti\/wp-json\/wp\/v2\/posts\/4598\/revisions\/4614"}],"wp:attachment":[{"href":"https:\/\/serveiseducatius.xtec.cat\/santmarti\/wp-json\/wp\/v2\/media?parent=4598"}],"wp:term":[{"taxonomy":"category","embeddable":true,"href":"https:\/\/serveiseducatius.xtec.cat\/santmarti\/wp-json\/wp\/v2\/categories?post=4598"},{"taxonomy":"post_tag","embeddable":true,"href":"https:\/\/serveiseducatius.xtec.cat\/santmarti\/wp-json\/wp\/v2\/tags?post=4598"}],"curies":[{"name":"wp","href":"https:\/\/api.w.org\/{rel}","templated":true}]}}