{"id":12546,"date":"2026-02-10T12:33:05","date_gmt":"2026-02-10T11:33:05","guid":{"rendered":"https:\/\/serveiseducatius.xtec.cat\/santmarti\/?p=12546"},"modified":"2026-02-17T08:50:49","modified_gmt":"2026-02-17T07:50:49","slug":"autisme-comprensio-i-principis-basics-dintervencio","status":"publish","type":"post","link":"https:\/\/serveiseducatius.xtec.cat\/santmarti\/portada\/autisme-comprensio-i-principis-basics-dintervencio\/","title":{"rendered":"Autisme: Comprensi\u00f3 i principis b\u00e0sics d&#8217;intervenci\u00f3"},"content":{"rendered":"\n<p>Us convidem a aquesta sessi\u00f3 que ofereix una primera aproximaci\u00f3 i visi\u00f3 global de l&#8217;autisme des d&#8217;una perspectiva inclusiva. Es tracta d&#8217;una xerrada introduct\u00f2ria dissenyada per a <strong>docents <\/strong>que vulguin comen\u00e7ar a comprendre les caracter\u00edstiques generals del trastorn i com aquestes influeixen en el dia a dia a l&#8217;aula. L&#8217;objectiu \u00e9s establir les bases per recon\u00e8ixer les necessitats reals de l&#8217;alumnat i oferir pautes inicials per crear entorns emocionalment segurs que afavoreixin la seva regulaci\u00f3 i benestar. <\/p>\n\n\n\n<p>Continguts:<\/p>\n\n\n\n<ul class=\"wp-block-list\">\n<li>Qu\u00e8 \u00e9s el TEA? Comprensi\u00f3 del trastorn<\/li>\n\n\n\n<li>Particularitats cognitives<\/li>\n\n\n\n<li>Perfil sensorial i emocional<\/li>\n\n\n\n<li>Principis b\u00e0sics d&#8217;intervenci\u00f3: estructura, comunicaci\u00f3, horaris, regulaci\u00f3\u2026&nbsp;<\/li>\n<\/ul>\n\n\n\n<p>\ud83d\uddd3\ufe0f <strong>24 de mar\u00e7, dimarts. De 17.00 a 19.00 h.<\/strong><br>\ud83d\udccd <strong>Ubicaci\u00f3: CRP de Sant Mart\u00ed.<\/strong><br>\u2b50 <strong>Activitat gratu\u00efta.<\/strong><br>\u2757<strong>Cal inscriure-s&#8217;hi: <\/strong><a href=\"https:\/\/aplicacions.gestioeducativa.gencat.cat\/ords\/pls\/soloas\/pk_for_mod_ins.p_for_detall_activitat?p_codi=1100511110&amp;p_curs=2025-2026&amp;p_es_inscr=S\"><strong>Inscripci\u00f3<\/strong><\/a><\/p>\n\n\n\n<p>Ponent:<strong> V\u00edctor Ad\u00e9 Guardiola<\/strong>. Mestre d\u2019Educaci\u00f3 Especial i Psicopedagog. Psicopedagog a l\u2019Hospital Universitari M\u00fatua de Terrassa, a la Unitat d\u2019Hospitalitzaci\u00f3 TEA i l\u2019Hospital de Dia TEA.\u200b Coordinador i professor del Diploma d\u2019Especialitzaci\u00f3 \u201cAutisme: Diagn\u00f2stic i Intervenci\u00f3\u201d, a la Universitat de Barcelona. T\u00e9 \u00e0mplia experi\u00e8ncia com a mestre d\u2019educaci\u00f3 especial i com a formador especialitzat en autisme a diferents entitats i serveis<\/p>\n\n\n\n<p style=\"font-size:26px\"><\/p>\n\n\n\n<div data-wp-interactive=\"core\/file\" class=\"wp-block-file\"><object data-wp-bind--hidden=\"!state.hasPdfPreview\" hidden class=\"wp-block-file__embed\" data=\"https:\/\/serveiseducatius.xtec.cat\/santmarti\/wp-content\/uploads\/usu785\/2026\/02\/Poster-xerrada-autisme-amb-Victor-Ade.pdf\" type=\"application\/pdf\" style=\"width:100%;height:600px\" aria-label=\"Incrustaci\u00f3 del fitxer P\u00f2ster xerrada autisme amb V\u00edctor Ad\u00e9.\"><\/object><a id=\"wp-block-file--media-066130b2-5cb1-4258-a090-0c9f913c23e4\" href=\"https:\/\/serveiseducatius.xtec.cat\/santmarti\/wp-content\/uploads\/usu785\/2026\/02\/Poster-xerrada-autisme-amb-Victor-Ade.pdf\">P\u00f2ster xerrada autisme amb V\u00edctor Ad\u00e9<\/a><a href=\"https:\/\/serveiseducatius.xtec.cat\/santmarti\/wp-content\/uploads\/usu785\/2026\/02\/Poster-xerrada-autisme-amb-Victor-Ade.pdf\" class=\"wp-block-file__button wp-element-button\" download aria-describedby=\"wp-block-file--media-066130b2-5cb1-4258-a090-0c9f913c23e4\">Baixa<\/a><\/div>\n\n\n\n<p><\/p>\n","protected":false},"excerpt":{"rendered":"<p>Xerrada gratu\u00efta per a docents que ofereix una primera aproximaci\u00f3 i visi\u00f3 global de l&#8217;autisme des d&#8217;una perspectiva inclusiva.<\/p>\n","protected":false},"author":14,"featured_media":12547,"comment_status":"closed","ping_status":"open","sticky":false,"template":"","format":"standard","meta":{"_bbp_topic_count":0,"_bbp_reply_count":0,"_bbp_total_topic_count":0,"_bbp_total_reply_count":0,"_bbp_voice_count":0,"_bbp_anonymous_reply_count":0,"_bbp_topic_count_hidden":0,"_bbp_reply_count_hidden":0,"_bbp_forum_subforum_count":0,"site-sidebar-layout":"default","site-content-layout":"","ast-site-content-layout":"default","site-content-style":"default","site-sidebar-style":"default","ast-global-header-display":"","ast-banner-title-visibility":"","ast-main-header-display":"","ast-hfb-above-header-display":"","ast-hfb-below-header-display":"","ast-hfb-mobile-header-display":"","site-post-title":"","ast-breadcrumbs-content":"","ast-featured-img":"disabled","footer-sml-layout":"","theme-transparent-header-meta":"","adv-header-id-meta":"","stick-header-meta":"","header-above-stick-meta":"","header-main-stick-meta":"","header-below-stick-meta":"","astra-migrate-meta-layouts":"set","ast-page-background-enabled":"default","ast-page-background-meta":{"desktop":{"background-color":"var(--ast-global-color-4)","background-image":"","background-repeat":"repeat","background-position":"center center","background-size":"auto","background-attachment":"scroll","background-type":"","background-media":"","overlay-type":"","overlay-color":"","overlay-opacity":"","overlay-gradient":""},"tablet":{"background-color":"","background-image":"","background-repeat":"repeat","background-position":"center center","background-size":"auto","background-attachment":"scroll","background-type":"","background-media":"","overlay-type":"","overlay-color":"","overlay-opacity":"","overlay-gradient":""},"mobile":{"background-color":"","background-image":"","background-repeat":"repeat","background-position":"center center","background-size":"auto","background-attachment":"scroll","background-type":"","background-media":"","overlay-type":"","overlay-color":"","overlay-opacity":"","overlay-gradient":""}},"ast-content-background-meta":{"desktop":{"background-color":"var(--ast-global-color-5)","background-image":"","background-repeat":"repeat","background-position":"center center","background-size":"auto","background-attachment":"scroll","background-type":"","background-media":"","overlay-type":"","overlay-color":"","overlay-opacity":"","overlay-gradient":""},"tablet":{"background-color":"var(--ast-global-color-5)","background-image":"","background-repeat":"repeat","background-position":"center center","background-size":"auto","background-attachment":"scroll","background-type":"","background-media":"","overlay-type":"","overlay-color":"","overlay-opacity":"","overlay-gradient":""},"mobile":{"background-color":"var(--ast-global-color-5)","background-image":"","background-repeat":"repeat","background-position":"center center","background-size":"auto","background-attachment":"scroll","background-type":"","background-media":"","overlay-type":"","overlay-color":"","overlay-opacity":"","overlay-gradient":""}},"footnotes":""},"categories":[353,29],"tags":[676,496,647],"class_list":["post-12546","post","type-post","status-publish","format-standard","has-post-thumbnail","hentry","category-capacitacio","category-portada","tag-autisme","tag-conferencies","tag-educacio-inclusiva"],"post_mailing_queue_ids":[],"_links":{"self":[{"href":"https:\/\/serveiseducatius.xtec.cat\/santmarti\/wp-json\/wp\/v2\/posts\/12546","targetHints":{"allow":["GET"]}}],"collection":[{"href":"https:\/\/serveiseducatius.xtec.cat\/santmarti\/wp-json\/wp\/v2\/posts"}],"about":[{"href":"https:\/\/serveiseducatius.xtec.cat\/santmarti\/wp-json\/wp\/v2\/types\/post"}],"author":[{"embeddable":true,"href":"https:\/\/serveiseducatius.xtec.cat\/santmarti\/wp-json\/wp\/v2\/users\/14"}],"replies":[{"embeddable":true,"href":"https:\/\/serveiseducatius.xtec.cat\/santmarti\/wp-json\/wp\/v2\/comments?post=12546"}],"version-history":[{"count":5,"href":"https:\/\/serveiseducatius.xtec.cat\/santmarti\/wp-json\/wp\/v2\/posts\/12546\/revisions"}],"predecessor-version":[{"id":12569,"href":"https:\/\/serveiseducatius.xtec.cat\/santmarti\/wp-json\/wp\/v2\/posts\/12546\/revisions\/12569"}],"wp:featuredmedia":[{"embeddable":true,"href":"https:\/\/serveiseducatius.xtec.cat\/santmarti\/wp-json\/wp\/v2\/media\/12547"}],"wp:attachment":[{"href":"https:\/\/serveiseducatius.xtec.cat\/santmarti\/wp-json\/wp\/v2\/media?parent=12546"}],"wp:term":[{"taxonomy":"category","embeddable":true,"href":"https:\/\/serveiseducatius.xtec.cat\/santmarti\/wp-json\/wp\/v2\/categories?post=12546"},{"taxonomy":"post_tag","embeddable":true,"href":"https:\/\/serveiseducatius.xtec.cat\/santmarti\/wp-json\/wp\/v2\/tags?post=12546"}],"curies":[{"name":"wp","href":"https:\/\/api.w.org\/{rel}","templated":true}]}}