{"id":12339,"date":"2025-11-05T11:14:37","date_gmt":"2025-11-05T10:14:37","guid":{"rendered":"https:\/\/serveiseducatius.xtec.cat\/santmarti\/?p=12339"},"modified":"2025-11-05T11:16:03","modified_gmt":"2025-11-05T10:16:03","slug":"beneficis-i-riscos-dels-videojocs-en-infants-i-adolescents-amb-tea-xerrada-per-a-families","status":"publish","type":"post","link":"https:\/\/serveiseducatius.xtec.cat\/santmarti\/portada\/beneficis-i-riscos-dels-videojocs-en-infants-i-adolescents-amb-tea-xerrada-per-a-families\/","title":{"rendered":"\u2018Beneficis i riscos dels videojocs en infants i adolescents amb TEA\u2019, xerrada per a fam\u00edlies"},"content":{"rendered":"\n<p>El Centre Educatiu Terap\u00e8utic <a href=\"https:\/\/www.carrilet.org\/\">Carrilet<\/a> organitza el proper dijous 13 de novembre una xerrada adre\u00e7ada a fam\u00edlies titulada <strong><em>Beneficis i riscos dels videojocs en infants i adolescents amb TEA<\/em><\/strong>, a c\u00e0rrec de Lara Vaimberg Lombardo, psic\u00f2loga infanto-juvenil i d\u2019adults a <a href=\"https:\/\/grup.com.es\/\">GRUP<\/a>.<\/p>\n\n\n\n<p>En aquesta xerrada s&#8217;explicar\u00e0 com els videojocs poden ser una valuosa eina de joc, aprenentatge i connexi\u00f3 social per a infants i adolescents amb Trastorn de l\u2019Espectre Autista (TEA). Tanmateix, tamb\u00e9 poden presentar reptes i riscos tant per als professionals com per a les fam\u00edlies.&nbsp;<\/p>\n\n\n\n<p>La xerrada, que \u00e9s gratu\u00efta, es podr\u00e0 seguir tant presencialment a la Biblioteca d\u2019Horta-Can Mariner com en l\u00ednia. Tindr\u00e0 lloc de 18:00h a 19:30h i s\u2019impartir\u00e0 en catal\u00e0.\u00a0<\/p>\n\n\n\n<p>La inscripci\u00f3 \u00e9s imprescindible, a trav\u00e9s d\u2019aquest <a href=\"https:\/\/docs.google.com\/forms\/d\/e\/1FAIpQLSc3hnYPgp4vJolnYGmZS4GTPmVOpDAdF5F8gWeXk7ikAW5vhQ\/viewform\"><strong>formulari<\/strong><\/a>, i i s\u2019ha d\u2019esperar confirmaci\u00f3 de pla\u00e7a via correu electr\u00f2nic.<\/p>\n","protected":false},"excerpt":{"rendered":"<p>El Centre Educatiu Terap\u00e8utic Carrilet organitza el proper dijous 13 de novembre una xerrada adre\u00e7ada a fam\u00edlies<\/p>\n","protected":false},"author":14,"featured_media":12340,"comment_status":"closed","ping_status":"open","sticky":false,"template":"","format":"standard","meta":{"_bbp_topic_count":0,"_bbp_reply_count":0,"_bbp_total_topic_count":0,"_bbp_total_reply_count":0,"_bbp_voice_count":0,"_bbp_anonymous_reply_count":0,"_bbp_topic_count_hidden":0,"_bbp_reply_count_hidden":0,"_bbp_forum_subforum_count":0,"site-sidebar-layout":"default","site-content-layout":"","ast-site-content-layout":"","site-content-style":"default","site-sidebar-style":"default","ast-global-header-display":"","ast-banner-title-visibility":"","ast-main-header-display":"","ast-hfb-above-header-display":"","ast-hfb-below-header-display":"","ast-hfb-mobile-header-display":"","site-post-title":"","ast-breadcrumbs-content":"","ast-featured-img":"","footer-sml-layout":"","theme-transparent-header-meta":"","adv-header-id-meta":"","stick-header-meta":"","header-above-stick-meta":"","header-main-stick-meta":"","header-below-stick-meta":"","astra-migrate-meta-layouts":"default","ast-page-background-enabled":"default","ast-page-background-meta":{"desktop":{"background-color":"var(--ast-global-color-4)","background-image":"","background-repeat":"repeat","background-position":"center center","background-size":"auto","background-attachment":"scroll","background-type":"","background-media":"","overlay-type":"","overlay-color":"","overlay-opacity":"","overlay-gradient":""},"tablet":{"background-color":"","background-image":"","background-repeat":"repeat","background-position":"center center","background-size":"auto","background-attachment":"scroll","background-type":"","background-media":"","overlay-type":"","overlay-color":"","overlay-opacity":"","overlay-gradient":""},"mobile":{"background-color":"","background-image":"","background-repeat":"repeat","background-position":"center center","background-size":"auto","background-attachment":"scroll","background-type":"","background-media":"","overlay-type":"","overlay-color":"","overlay-opacity":"","overlay-gradient":""}},"ast-content-background-meta":{"desktop":{"background-color":"var(--ast-global-color-5)","background-image":"","background-repeat":"repeat","background-position":"center center","background-size":"auto","background-attachment":"scroll","background-type":"","background-media":"","overlay-type":"","overlay-color":"","overlay-opacity":"","overlay-gradient":""},"tablet":{"background-color":"var(--ast-global-color-5)","background-image":"","background-repeat":"repeat","background-position":"center center","background-size":"auto","background-attachment":"scroll","background-type":"","background-media":"","overlay-type":"","overlay-color":"","overlay-opacity":"","overlay-gradient":""},"mobile":{"background-color":"var(--ast-global-color-5)","background-image":"","background-repeat":"repeat","background-position":"center center","background-size":"auto","background-attachment":"scroll","background-type":"","background-media":"","overlay-type":"","overlay-color":"","overlay-opacity":"","overlay-gradient":""}},"footnotes":""},"categories":[350,29],"tags":[570],"class_list":["post-12339","post","type-post","status-publish","format-standard","has-post-thumbnail","hentry","category-dinamitzacio","category-portada","tag-taller"],"post_mailing_queue_ids":[],"_links":{"self":[{"href":"https:\/\/serveiseducatius.xtec.cat\/santmarti\/wp-json\/wp\/v2\/posts\/12339","targetHints":{"allow":["GET"]}}],"collection":[{"href":"https:\/\/serveiseducatius.xtec.cat\/santmarti\/wp-json\/wp\/v2\/posts"}],"about":[{"href":"https:\/\/serveiseducatius.xtec.cat\/santmarti\/wp-json\/wp\/v2\/types\/post"}],"author":[{"embeddable":true,"href":"https:\/\/serveiseducatius.xtec.cat\/santmarti\/wp-json\/wp\/v2\/users\/14"}],"replies":[{"embeddable":true,"href":"https:\/\/serveiseducatius.xtec.cat\/santmarti\/wp-json\/wp\/v2\/comments?post=12339"}],"version-history":[{"count":1,"href":"https:\/\/serveiseducatius.xtec.cat\/santmarti\/wp-json\/wp\/v2\/posts\/12339\/revisions"}],"predecessor-version":[{"id":12341,"href":"https:\/\/serveiseducatius.xtec.cat\/santmarti\/wp-json\/wp\/v2\/posts\/12339\/revisions\/12341"}],"wp:featuredmedia":[{"embeddable":true,"href":"https:\/\/serveiseducatius.xtec.cat\/santmarti\/wp-json\/wp\/v2\/media\/12340"}],"wp:attachment":[{"href":"https:\/\/serveiseducatius.xtec.cat\/santmarti\/wp-json\/wp\/v2\/media?parent=12339"}],"wp:term":[{"taxonomy":"category","embeddable":true,"href":"https:\/\/serveiseducatius.xtec.cat\/santmarti\/wp-json\/wp\/v2\/categories?post=12339"},{"taxonomy":"post_tag","embeddable":true,"href":"https:\/\/serveiseducatius.xtec.cat\/santmarti\/wp-json\/wp\/v2\/tags?post=12339"}],"curies":[{"name":"wp","href":"https:\/\/api.w.org\/{rel}","templated":true}]}}