{"id":11809,"date":"2025-03-14T09:26:06","date_gmt":"2025-03-14T08:26:06","guid":{"rendered":"https:\/\/serveiseducatius.xtec.cat\/santmarti\/?p=11809"},"modified":"2025-03-14T09:26:08","modified_gmt":"2025-03-14T08:26:08","slug":"ja-disponibles-els-videos-de-la-jornada-sobre-participacio-infantil-27n-imcitizen","status":"publish","type":"post","link":"https:\/\/serveiseducatius.xtec.cat\/santmarti\/portada\/ja-disponibles-els-videos-de-la-jornada-sobre-participacio-infantil-27n-imcitizen\/","title":{"rendered":"Ja disponibles els v\u00eddeos de la jornada sobre participaci\u00f3 infantil 27N #IMCITIZEN"},"content":{"rendered":"\n<p>Ens fa molta il\u00b7lusi\u00f3 compartir amb vosaltres els v\u00eddeos de la jornada&nbsp;<strong>&#8220;La participaci\u00f3 de la inf\u00e0ncia: claus per avan\u00e7ar col\u00b7lectivament&#8221;<\/strong>, celebrada el passat 27 de novembre a l&#8217;Escola La Pau.&nbsp;<\/p>\n\n\n\n<p>Aquests enregistraments recullen moments clau de la jornada i poden ser una eina molt valuosa per seguir reflexionant i avan\u00e7ant en la participaci\u00f3 infantil.\u00a0Podeu accedir a trav\u00e9s d&#8217;aquestes imatges enlla\u00e7ades als v\u00eddeos:<br><\/p>\n\n\n\n<p><img decoding=\"async\" src=\"https:\/\/fonts.gstatic.com\/s\/e\/notoemoji\/16.0\/1f4cc\/32.png\" alt=\"\ud83d\udccc\">\u00a0<strong><a href=\"https:\/\/diposit.ub.edu\/dspace\/handle\/2445\/219290\" target=\"_blank\" rel=\"noreferrer noopener\">Experi\u00e8ncia #IMCITIZEN. Relat en primera persona dels infants.<\/a><\/strong><\/p>\n\n\n\n<p>Us recomanem especialment aquest v\u00eddeo, on els infants de les plataformes de La Pau&nbsp;i Els Porxos expliquen en primera persona la seva experi\u00e8ncia&nbsp;i reflexions sobre la participaci\u00f3 en els seus entorns.&nbsp;<\/p>\n\n\n\n<figure class=\"wp-block-image\"><a href=\"https:\/\/diposit.ub.edu\/dspace\/handle\/2445\/219290\" target=\"_blank\" rel=\"noreferrer noopener\"><img decoding=\"async\" src=\"https:\/\/mail.google.com\/mail\/u\/0?ui=2&amp;ik=6b489ef15f&amp;attid=0.0.1&amp;permmsgid=msg-f:1826327385282385199&amp;th=19586b14a353152f&amp;view=fimg&amp;fur=ip&amp;permmsgid=msg-f:1826327385282385199&amp;sz=s0-l75-ft&amp;attbid=ANGjdJ-rZR60SJ23PrAjLMN_KWHXzp72AVP3ZwZoAf_ynqyqPOmS91w3AvQp2Hxy6uYcphg82PHrNyRpcIblXpPgqxdmUCcfVDSPLIBn50kzYNmybyPZZU3Mn8D7OG8&amp;disp=emb&amp;zw\" alt=\"\"\/><\/a><\/figure>\n\n\n\n<p><\/p>\n\n\n\n<p><img decoding=\"async\" src=\"https:\/\/fonts.gstatic.com\/s\/e\/notoemoji\/16.0\/1f4cc\/32.png\" alt=\"\ud83d\udccc\"><strong><a href=\"https:\/\/diposit.ub.edu\/dspace\/handle\/2445\/219291\" target=\"_blank\" rel=\"noreferrer noopener\">\u00a0Taula rodona. Claus per avan\u00e7ar, valors i reptes\u00a0<\/a><\/strong><strong><a href=\"https:\/\/diposit.ub.edu\/dspace\/handle\/2445\/219291\" target=\"_blank\" rel=\"noreferrer noopener\">compartits<\/a><\/strong><strong><a href=\"https:\/\/diposit.ub.edu\/dspace\/handle\/2445\/219291\" target=\"_blank\" rel=\"noreferrer noopener\">\u00a0amb<\/a><\/strong><a href=\"https:\/\/diposit.ub.edu\/dspace\/handle\/2445\/219291\" target=\"_blank\" rel=\"noreferrer noopener\">\u00a0<\/a><strong><a href=\"https:\/\/diposit.ub.edu\/dspace\/handle\/2445\/219291\" target=\"_blank\" rel=\"noreferrer noopener\">IMCITIZEN.<\/a><\/strong><\/p>\n\n\n\n<p>En aquest espai, diversos agents implicats en la promoci\u00f3 de la participaci\u00f3 infantil al municipi comparteixen els seus punts de vista. Hi trobareu aportacions destacades de referents de l&#8217;Escola La Pau i Els Porxos.<\/p>\n\n\n\n<figure class=\"wp-block-image\"><a href=\"https:\/\/diposit.ub.edu\/dspace\/handle\/2445\/219291\" target=\"_blank\" rel=\"noreferrer noopener\"><img decoding=\"async\" src=\"https:\/\/mail.google.com\/mail\/u\/0?ui=2&amp;ik=6b489ef15f&amp;attid=0.0.2&amp;permmsgid=msg-f:1826327385282385199&amp;th=19586b14a353152f&amp;view=fimg&amp;fur=ip&amp;permmsgid=msg-f:1826327385282385199&amp;sz=s0-l75-ft&amp;attbid=ANGjdJ8HrZVw7oc7Jxpj0ZRavwZpXzCH_jWPCY4h9mYfs8APUHcMAp9FR_UF38UIXnMRvugXUzesNWIW8Jm4lnHoVRpo2UqptVb0ov9q9uVCVOjV0tDXnJT82_qNi38&amp;disp=emb&amp;zw\" alt=\"\"\/><\/a><\/figure>\n\n\n\n<p><\/p>\n\n\n\n<p><img decoding=\"async\" src=\"https:\/\/fonts.gstatic.com\/s\/e\/notoemoji\/16.0\/1f4cc\/32.png\" alt=\"\ud83d\udccc\"><strong><a href=\"https:\/\/diposit.ub.edu\/dspace\/handle\/2445\/219292\" target=\"_blank\" rel=\"noreferrer noopener\">Compartim idees, constru\u00efm oportunitats: reflexions sobre la participaci\u00f3 de la inf\u00e0ncia<\/a><\/strong><strong><a href=\"https:\/\/diposit.ub.edu\/dspace\/handle\/2445\/219292\" target=\"_blank\" rel=\"noreferrer noopener\">.<\/a><\/strong><\/p>\n\n\n\n<p>En aquest v\u00eddeo trobareu un recull de les principals idees sorgides en els tallers de treball, on es van abordar aquests tres temes: Com enfortir la construcci\u00f3 del jo i nosaltres ciutadans. Descobrim el poder dels drets; Com enfortir la de participaci\u00f3 dels infants a l\u2019escola i m\u00e9s enl\u00e0?; i Com enfortir els espais de presa de decisions entre infants i adults?<\/p>\n\n\n\n<figure class=\"wp-block-image\"><a href=\"https:\/\/diposit.ub.edu\/dspace\/handle\/2445\/219292\" target=\"_blank\" rel=\"noreferrer noopener\"><img decoding=\"async\" src=\"https:\/\/mail.google.com\/mail\/u\/0?ui=2&amp;ik=6b489ef15f&amp;attid=0.0.3&amp;permmsgid=msg-f:1826327385282385199&amp;th=19586b14a353152f&amp;view=fimg&amp;fur=ip&amp;permmsgid=msg-f:1826327385282385199&amp;sz=s0-l75-ft&amp;attbid=ANGjdJ8dO8spKcFIRoYzfMD31wGU05bEdsSqakkttvq4YADrh-C7awLi7pR28t4P9KT-71XDNLJdm56VJecW81fLwC1BQz0LAcvh8F6YMFq8Yd6i1rOtIydWKukl-L4&amp;disp=emb&amp;zw\" alt=\"\"\/><\/a><\/figure>\n\n\n\n<p><\/p>\n\n\n\n<p><img decoding=\"async\" src=\"https:\/\/fonts.gstatic.com\/s\/e\/notoemoji\/16.0\/1f4cc\/32.png\" alt=\"\ud83d\udccc\"><strong><a href=\"https:\/\/diposit.ub.edu\/dspace\/handle\/2445\/219300\" target=\"_blank\" rel=\"noreferrer noopener\">\u00a0<\/a><a href=\"https:\/\/diposit.ub.edu\/dspace\/handle\/2445\/219300\" target=\"_blank\" rel=\"noreferrer noopener\">Confer\u00e8ncia. Passem a l&#8217;acci\u00f3! Enfortim la ciutadania activa dels infants.<\/a><\/strong><\/p>\n\n\n\n<p>En aquest v\u00eddeo podreu veure la confer\u00e8ncia de Miquel Mart\u00ednez, qui ens ofereix reflexions essencials per acompanyar la construcci\u00f3 de la ciutadania en els espais col\u00b7lectius com l&#8217;escola i el municipi..<\/p>\n\n\n\n<figure class=\"wp-block-image\"><a href=\"https:\/\/diposit.ub.edu\/dspace\/handle\/2445\/219300\" target=\"_blank\" rel=\"noreferrer noopener\"><img decoding=\"async\" src=\"https:\/\/mail.google.com\/mail\/u\/0?ui=2&amp;ik=6b489ef15f&amp;attid=0.0.4&amp;permmsgid=msg-f:1826327385282385199&amp;th=19586b14a353152f&amp;view=fimg&amp;fur=ip&amp;permmsgid=msg-f:1826327385282385199&amp;sz=s0-l75-ft&amp;attbid=ANGjdJ8gfVMztGyUVa5JhhE0roP1y1DFybnKHk0dyCsk5C11-HBBpqcyK9N_SZNKOgQr6KYzLqym6lXR4b7WdRmWC5N6TZDfVtx7CDQtN_iu8XHQSR8zs27hkwZPLwg&amp;disp=emb&amp;zw\" alt=\"\"\/><\/a><\/figure>\n\n\n\n<p><\/p>\n\n\n\n<p>Volem expressar un sincer agra\u00efment i reconeixement als nens i nenes\u00a0de les plataformes de La Pau i Els Porxos\u00a0pel seu comprom\u00eds i implicaci\u00f3, aix\u00ed com a les seves escoles per haver fet possible aquest proc\u00e9s. Sense elles i ells, els aven\u00e7os assolits en aquest projecte no haurien estat possibles.<\/p>\n\n\n\n<p><\/p>\n\n\n\n<p>Equip IMCITIZEN. Universitat de Barcelona<\/p>\n\n\n\n<p>Facultat d&#8217;Educaci\u00f3, Universitat de Barcelona<\/p>\n","protected":false},"excerpt":{"rendered":"<p>Aquests enregistraments recullen moments clau de la jornada i poden ser una eina molt valuosa per seguir reflexionant i avan\u00e7ant en la participaci\u00f3 infantil.<\/p>\n","protected":false},"author":14,"featured_media":11812,"comment_status":"closed","ping_status":"open","sticky":false,"template":"","format":"standard","meta":{"_bbp_topic_count":0,"_bbp_reply_count":0,"_bbp_total_topic_count":0,"_bbp_total_reply_count":0,"_bbp_voice_count":0,"_bbp_anonymous_reply_count":0,"_bbp_topic_count_hidden":0,"_bbp_reply_count_hidden":0,"_bbp_forum_subforum_count":0,"site-sidebar-layout":"default","site-content-layout":"","ast-site-content-layout":"","site-content-style":"default","site-sidebar-style":"default","ast-global-header-display":"","ast-banner-title-visibility":"","ast-main-header-display":"","ast-hfb-above-header-display":"","ast-hfb-below-header-display":"","ast-hfb-mobile-header-display":"","site-post-title":"","ast-breadcrumbs-content":"","ast-featured-img":"","footer-sml-layout":"","theme-transparent-header-meta":"","adv-header-id-meta":"","stick-header-meta":"","header-above-stick-meta":"","header-main-stick-meta":"","header-below-stick-meta":"","astra-migrate-meta-layouts":"default","ast-page-background-enabled":"default","ast-page-background-meta":{"desktop":{"background-color":"var(--ast-global-color-4)","background-image":"","background-repeat":"repeat","background-position":"center center","background-size":"auto","background-attachment":"scroll","background-type":"","background-media":"","overlay-type":"","overlay-color":"","overlay-opacity":"","overlay-gradient":""},"tablet":{"background-color":"","background-image":"","background-repeat":"repeat","background-position":"center center","background-size":"auto","background-attachment":"scroll","background-type":"","background-media":"","overlay-type":"","overlay-color":"","overlay-opacity":"","overlay-gradient":""},"mobile":{"background-color":"","background-image":"","background-repeat":"repeat","background-position":"center center","background-size":"auto","background-attachment":"scroll","background-type":"","background-media":"","overlay-type":"","overlay-color":"","overlay-opacity":"","overlay-gradient":""}},"ast-content-background-meta":{"desktop":{"background-color":"var(--ast-global-color-5)","background-image":"","background-repeat":"repeat","background-position":"center center","background-size":"auto","background-attachment":"scroll","background-type":"","background-media":"","overlay-type":"","overlay-color":"","overlay-opacity":"","overlay-gradient":""},"tablet":{"background-color":"var(--ast-global-color-5)","background-image":"","background-repeat":"repeat","background-position":"center center","background-size":"auto","background-attachment":"scroll","background-type":"","background-media":"","overlay-type":"","overlay-color":"","overlay-opacity":"","overlay-gradient":""},"mobile":{"background-color":"var(--ast-global-color-5)","background-image":"","background-repeat":"repeat","background-position":"center center","background-size":"auto","background-attachment":"scroll","background-type":"","background-media":"","overlay-type":"","overlay-color":"","overlay-opacity":"","overlay-gradient":""}},"footnotes":""},"categories":[350,29],"tags":[660,577,518],"class_list":["post-11809","post","type-post","status-publish","format-standard","has-post-thumbnail","hentry","category-dinamitzacio","category-portada","tag-infancia-participacio","tag-jornades","tag-participacio"],"post_mailing_queue_ids":[],"_links":{"self":[{"href":"https:\/\/serveiseducatius.xtec.cat\/santmarti\/wp-json\/wp\/v2\/posts\/11809","targetHints":{"allow":["GET"]}}],"collection":[{"href":"https:\/\/serveiseducatius.xtec.cat\/santmarti\/wp-json\/wp\/v2\/posts"}],"about":[{"href":"https:\/\/serveiseducatius.xtec.cat\/santmarti\/wp-json\/wp\/v2\/types\/post"}],"author":[{"embeddable":true,"href":"https:\/\/serveiseducatius.xtec.cat\/santmarti\/wp-json\/wp\/v2\/users\/14"}],"replies":[{"embeddable":true,"href":"https:\/\/serveiseducatius.xtec.cat\/santmarti\/wp-json\/wp\/v2\/comments?post=11809"}],"version-history":[{"count":3,"href":"https:\/\/serveiseducatius.xtec.cat\/santmarti\/wp-json\/wp\/v2\/posts\/11809\/revisions"}],"predecessor-version":[{"id":11813,"href":"https:\/\/serveiseducatius.xtec.cat\/santmarti\/wp-json\/wp\/v2\/posts\/11809\/revisions\/11813"}],"wp:featuredmedia":[{"embeddable":true,"href":"https:\/\/serveiseducatius.xtec.cat\/santmarti\/wp-json\/wp\/v2\/media\/11812"}],"wp:attachment":[{"href":"https:\/\/serveiseducatius.xtec.cat\/santmarti\/wp-json\/wp\/v2\/media?parent=11809"}],"wp:term":[{"taxonomy":"category","embeddable":true,"href":"https:\/\/serveiseducatius.xtec.cat\/santmarti\/wp-json\/wp\/v2\/categories?post=11809"},{"taxonomy":"post_tag","embeddable":true,"href":"https:\/\/serveiseducatius.xtec.cat\/santmarti\/wp-json\/wp\/v2\/tags?post=11809"}],"curies":[{"name":"wp","href":"https:\/\/api.w.org\/{rel}","templated":true}]}}